{"id":4002,"date":"2014-11-11T12:42:27","date_gmt":"2014-11-11T10:42:27","guid":{"rendered":"https:\/\/www.fotocasa.es\/fotocasa-life\/?p=4002"},"modified":"2020-11-27T11:32:51","modified_gmt":"2020-11-27T10:32:51","slug":"el-precio-de-la-vivienda-suma-ya-una-caida-del-414-desde-2007-segun-tinsa","status":"publish","type":"post","link":"https:\/\/www.fotocasa.es\/fotocasa-life\/compraventa\/el-precio-de-la-vivienda-suma-ya-una-caida-del-414-desde-2007-segun-tinsa\/","title":{"rendered":"El precio de la vivienda suma ya una ca\u00edda del 41,4 desde 2007, seg\u00fan Tinsa"},"content":{"rendered":"<p>El precio de medio de la vivienda cay\u00f3 un 4,2% el pasado mes de octubre en comparaci\u00f3n con el mismo mes de 2013 y acumula un ajuste del 41,4% desde los m\u00e1ximos que alcanz\u00f3 en 2007 antes del estallido de la crisis, seg\u00fan la tasadora Tinsa.<\/p>\n<p>La ca\u00edda del d\u00e9cimo mes del a\u00f1o es id\u00e9ntica a la registrada en septiembre dentro de la l\u00ednea de estabilizaci\u00f3n iniciada hace un a\u00f1o y supone la vuelta al nivel de precios que mostraba este indicador al inicio del verano de 2013.<\/p>\n<p>En concreto, el precio de la vivienda <a title=\"El precio de la vivienda cae un 4,3% en el tercer trimestre seg\u00fan Tinsa\" href=\"https:\/\/www.fotocasa.es\/fotocasa-life\/compraventa\/el-precio-de-la-vivienda-cae-un-43-en-el-tercer-trimestre-segun-tinsa\/\"><strong>lleva varios meses<\/strong><\/a> registrando ca\u00eddas en torno al 4% en tasa interanual, menos de la mitad que hace un a\u00f1o, cuando el precio mostraba retrocesos interanuales del 8,5%.<\/p>\n<p>Seg\u00fan la tasadora, el \u00edndice general solo se ha reducido un 3,4% en los diez primeros meses de este a\u00f1o, frente al 8,4% que se depreci\u00f3 entre enero y octubre de 2013.<\/p>\n<p>El nivel de precios en las capitales y grandes ciudades registr\u00f3 una ca\u00edda interanual del 2,2% en octubre, la mejor evoluci\u00f3n entre las cinco zonas contempladas <a title=\"IMIE Tinsa\" href=\"http:\/\/www.tinsa.es\/es\/comunicacion\/prensa\/2014\/tinsa-imie-octubre-2014\/\" target=\"_blank\" rel=\"noopener noreferrer\"><strong>en la estad\u00edstica<\/strong><\/a>.<\/p>\n<p>Por su parte, las \u00e1reas metropolitanas (poblaciones en torno a las grandes ciudades) sufrieron un descenso del 3,4% en el d\u00e9cimo mes del a\u00f1o respecto a octubre de 2013, al tiempo que en la costa mediterr\u00e1nea, el ajuste interanual fue del 4,5% en octubre. Las mayores ca\u00eddas se registraron en Baleares y Canarias, con un descenso del 5% respecto a octubre de 2013, mientras que en el grupo denominado resto de municipios los precios se redujeron un 7,1% en tasa interanual.<\/p>\n<p>Por otro lado, la costa mediterr\u00e1nea se mantiene como la zona con <a title=\"El futuro del sector inmobiliario: \u00bfrecuperaci\u00f3n o espejismo?\" href=\"https:\/\/www.fotocasa.es\/fotocasa-life\/compraventa\/el-futuro-del-sector-inmobiliario-recuperacion-o-espejismo\/\"><strong>mayor ajuste de precios<\/strong><\/a> desde los m\u00e1ximos de 2007, con un retroceso del 48,6%. Le siguen en intensidad de la ca\u00edda las capitales y grandes ciudades, con un descenso del 44,8% desde el punto \u00e1lgido del ciclo, y las \u00e1reas metropolitanas (44,1%). Solo en el resto de municipios (36,5%) y en Baleares y Canarias (32,1%) la ca\u00edda acumulada desde 2007 es inferior al 40%.<\/p>\n<p>&nbsp;<\/p>\n","protected":false},"excerpt":{"rendered":"<p>El precio de medio de la vivienda cay\u00f3 un 4,2% el pasado mes de octubre en comparaci\u00f3n con el mismo mes de 2013 y acumula un ajuste del 41,4% desde los m\u00e1ximos que alcanz\u00f3 en 2007 antes del estallido de la crisis, seg\u00fan la tasadora Tinsa. La ca\u00edda del d\u00e9cimo mes del a\u00f1o es id\u00e9ntica&#8230;<\/p>\n","protected":false},"author":3,"featured_media":1260,"comment_status":"open","ping_status":"open","sticky":false,"template":"","format":"standard","meta":{"_lmt_disableupdate":"yes","_lmt_disable":"","footnotes":""},"categories":[3],"tags":[207,998,213,309],"class_list":["post-4002","post","type-post","status-publish","format-standard","has-post-thumbnail","hentry","category-compraventa","tag-precio-de-la-vivienda","tag-precio-medio-venta","tag-precio-medio-vivienda","tag-tinsa"],"modified_by":"Albert PC","_links":{"self":[{"href":"https:\/\/www.fotocasa.es\/fotocasa-life\/wp-json\/wp\/v2\/posts\/4002","targetHints":{"allow":["GET"]}}],"collection":[{"href":"https:\/\/www.fotocasa.es\/fotocasa-life\/wp-json\/wp\/v2\/posts"}],"about":[{"href":"https:\/\/www.fotocasa.es\/fotocasa-life\/wp-json\/wp\/v2\/types\/post"}],"author":[{"embeddable":true,"href":"https:\/\/www.fotocasa.es\/fotocasa-life\/wp-json\/wp\/v2\/users\/3"}],"replies":[{"embeddable":true,"href":"https:\/\/www.fotocasa.es\/fotocasa-life\/wp-json\/wp\/v2\/comments?post=4002"}],"version-history":[{"count":0,"href":"https:\/\/www.fotocasa.es\/fotocasa-life\/wp-json\/wp\/v2\/posts\/4002\/revisions"}],"wp:featuredmedia":[{"embeddable":true,"href":"https:\/\/www.fotocasa.es\/fotocasa-life\/wp-json\/wp\/v2\/media\/1260"}],"wp:attachment":[{"href":"https:\/\/www.fotocasa.es\/fotocasa-life\/wp-json\/wp\/v2\/media?parent=4002"}],"wp:term":[{"taxonomy":"category","embeddable":true,"href":"https:\/\/www.fotocasa.es\/fotocasa-life\/wp-json\/wp\/v2\/categories?post=4002"},{"taxonomy":"post_tag","embeddable":true,"href":"https:\/\/www.fotocasa.es\/fotocasa-life\/wp-json\/wp\/v2\/tags?post=4002"}],"curies":[{"name":"wp","href":"https:\/\/api.w.org\/{rel}","templated":true}]}}