{"id":39847,"date":"2019-08-09T11:00:05","date_gmt":"2019-08-09T10:00:05","guid":{"rendered":"https:\/\/www.fotocasa.es\/fotocasa-life\/?p=39847"},"modified":"2020-11-27T13:17:07","modified_gmt":"2020-11-27T12:17:07","slug":"dormitorios-relajantes-para-dormir-como-un-bebe","status":"publish","type":"post","link":"https:\/\/www.fotocasa.es\/fotocasa-life\/inspiracion\/dormitorios-relajantes-para-dormir-como-un-bebe\/","title":{"rendered":"Dormitorios relajantes para dormir como un beb\u00e9"},"content":{"rendered":"<p>Pasamos gran parte de nuestra vida en esta estancia y qu\u00e9 mejor que encontrar aquella que mejor se adapte a nuestros gustos y necesidades. Hablamos de las habitaciones, espacios dise\u00f1ados para el relax y el descanso. Por ello, no puedes perderte la incre\u00edble selecci\u00f3n de dormitorios relajantes para dormir como un beb\u00e9 que hemos preparado para ti.<\/p>\n<h2>Estilo marinero para dormir en alta mar<\/h2>\n<p><a href=\"https:\/\/www.fotocasa.es\/es\/comprar\/vivienda\/nerja\/jardin-terraza-zona-comunitaria-amueblado-se-aceptan-mascotas-piscina\/150770191\/d?RowGrid=6&amp;tti=1&amp;opi=300\" target=\"_blank\" rel=\"noopener noreferrer\">Esta habitaci\u00f3n te sorprender\u00e1<\/a> por su marcado estilo marinero en tonos azules y blancos. Este incre\u00edble dise\u00f1o har\u00e1 que sue\u00f1es cada noche con la misma tranquilidad como si estuvieras viajando en velero.<\/p>\n<p><\/p>\n<div id=\"attachment_39855\" style=\"width: 990px\" class=\"wp-caption alignnone\"><img loading=\"lazy\" decoding=\"async\" aria-describedby=\"caption-attachment-39855\" class=\"size-full wp-image-39855\" src=\"https:\/\/www.fotocasa.es\/fotocasa-life\/wp-content\/uploads\/2019\/08\/dormitorio-1.jpg\" alt=\"Estilo marinero\" width=\"980\" height=\"550\" title=\"-\" srcset=\"https:\/\/www.fotocasa.es\/fotocasa-life\/wp-content\/uploads\/2019\/08\/dormitorio-1.jpg 980w, https:\/\/www.fotocasa.es\/fotocasa-life\/wp-content\/uploads\/2019\/08\/dormitorio-1-300x168.jpg 300w, https:\/\/www.fotocasa.es\/fotocasa-life\/wp-content\/uploads\/2019\/08\/dormitorio-1-150x84.jpg 150w, https:\/\/www.fotocasa.es\/fotocasa-life\/wp-content\/uploads\/2019\/08\/dormitorio-1-768x431.jpg 768w\" sizes=\"auto, (max-width: 980px) 100vw, 980px\" \/><p id=\"caption-attachment-39855\" class=\"wp-caption-text\">Foto: Fotocasa<\/p><\/div>\n<h2>La sencillez y el buen gusto van de la mano<\/h2>\n<p><a href=\"https:\/\/www.fotocasa.es\/es\/comprar\/vivienda\/alicante-alacant\/aire-acondicionado-calefaccion-parking-terraza-trastero-ascensor-piscina-amueblado-internet\/152239783\/d?RowGrid=7&amp;tti=1&amp;opi=300\" target=\"_blank\" rel=\"noopener noreferrer\">En este dormitorio<\/a> comprobar\u00e1s c\u00f3mo de efectiva pude ser una decoraci\u00f3n sencilla y luminosa. No necesitar\u00e1s nada m\u00e1s para relajarte y dormir como si de un beb\u00e9 se tratara.<\/p>\n<p><\/p>\n<div id=\"attachment_39854\" style=\"width: 990px\" class=\"wp-caption alignnone\"><img loading=\"lazy\" decoding=\"async\" aria-describedby=\"caption-attachment-39854\" class=\"size-full wp-image-39854\" src=\"https:\/\/www.fotocasa.es\/fotocasa-life\/wp-content\/uploads\/2019\/08\/dormitorio-2.jpg\" alt=\"Sencillez\" width=\"980\" height=\"550\" title=\"-\" srcset=\"https:\/\/www.fotocasa.es\/fotocasa-life\/wp-content\/uploads\/2019\/08\/dormitorio-2.jpg 980w, https:\/\/www.fotocasa.es\/fotocasa-life\/wp-content\/uploads\/2019\/08\/dormitorio-2-300x168.jpg 300w, https:\/\/www.fotocasa.es\/fotocasa-life\/wp-content\/uploads\/2019\/08\/dormitorio-2-150x84.jpg 150w, https:\/\/www.fotocasa.es\/fotocasa-life\/wp-content\/uploads\/2019\/08\/dormitorio-2-768x431.jpg 768w\" sizes=\"auto, (max-width: 980px) 100vw, 980px\" \/><p id=\"caption-attachment-39854\" class=\"wp-caption-text\">Foto: Fotocasa<\/p><\/div>\n<h2>Luminosidad m\u00e1s estilo<\/h2>\n<p><a href=\"https:\/\/www.fotocasa.es\/es\/comprar\/vivienda\/malaga-capital\/aire-acondicionado-patio-amueblado-television\/152075650\/d?RowGrid=4&amp;tti=1&amp;opi=300\" target=\"_blank\" rel=\"noopener noreferrer\">Esta sencilla pero efectista habitaci\u00f3n<\/a> te cautivar\u00e1 desde el primer instante. Solo querr\u00e1s que llegue la noche para disfrutar de ella.<\/p>\n<p><\/p>\n<div id=\"attachment_39853\" style=\"width: 990px\" class=\"wp-caption alignnone\"><img loading=\"lazy\" decoding=\"async\" aria-describedby=\"caption-attachment-39853\" class=\"size-full wp-image-39853\" src=\"https:\/\/www.fotocasa.es\/fotocasa-life\/wp-content\/uploads\/2019\/08\/dormitorio-3.jpg\" alt=\"Luminosidad\" width=\"980\" height=\"550\" title=\"-\" srcset=\"https:\/\/www.fotocasa.es\/fotocasa-life\/wp-content\/uploads\/2019\/08\/dormitorio-3.jpg 980w, https:\/\/www.fotocasa.es\/fotocasa-life\/wp-content\/uploads\/2019\/08\/dormitorio-3-300x168.jpg 300w, https:\/\/www.fotocasa.es\/fotocasa-life\/wp-content\/uploads\/2019\/08\/dormitorio-3-150x84.jpg 150w, https:\/\/www.fotocasa.es\/fotocasa-life\/wp-content\/uploads\/2019\/08\/dormitorio-3-768x431.jpg 768w\" sizes=\"auto, (max-width: 980px) 100vw, 980px\" \/><p id=\"caption-attachment-39853\" class=\"wp-caption-text\">Foto: Fotocasa<\/p><\/div>\n<h2>Una delicia para tus sentidos<\/h2>\n<p><a href=\"https:\/\/www.fotocasa.es\/es\/comprar\/vivienda\/gijon\/calefaccion-trastero-ascensor-amueblado-se-aceptan-mascotas-internet\/147893776\/d?RowGrid=11&amp;tti=1&amp;opi=300\" target=\"_blank\" rel=\"noopener noreferrer\">Este es uno de esos dormitorios que consiguen que te quedes embobado\/a mir\u00e1ndolo<\/a> mientras piensas c\u00f3mo de incre\u00edble ser\u00eda tenerlo en tu nueva casa. \u00a1No lo pienses m\u00e1s y haz click para descubrirlo!<\/p>\n<p><\/p>\n<div id=\"attachment_39849\" style=\"width: 990px\" class=\"wp-caption alignnone\"><img loading=\"lazy\" decoding=\"async\" aria-describedby=\"caption-attachment-39849\" class=\"size-full wp-image-39849\" src=\"https:\/\/www.fotocasa.es\/fotocasa-life\/wp-content\/uploads\/2019\/08\/dormitorio-4.jpg\" alt=\"Dormitorios relajantes\" width=\"980\" height=\"550\" title=\"-\" srcset=\"https:\/\/www.fotocasa.es\/fotocasa-life\/wp-content\/uploads\/2019\/08\/dormitorio-4.jpg 980w, https:\/\/www.fotocasa.es\/fotocasa-life\/wp-content\/uploads\/2019\/08\/dormitorio-4-300x168.jpg 300w, https:\/\/www.fotocasa.es\/fotocasa-life\/wp-content\/uploads\/2019\/08\/dormitorio-4-150x84.jpg 150w, https:\/\/www.fotocasa.es\/fotocasa-life\/wp-content\/uploads\/2019\/08\/dormitorio-4-768x431.jpg 768w\" sizes=\"auto, (max-width: 980px) 100vw, 980px\" \/><p id=\"caption-attachment-39849\" class=\"wp-caption-text\">Foto: Fotocasa<\/p><\/div>\n<h2>Duerme en un entorno de lujo<\/h2>\n<p><a href=\"https:\/\/www.fotocasa.es\/es\/comprar\/vivienda\/madrid-capital\/aire-acondicionado-calefaccion-terraza-ascensor-amueblado-parking-television\/151858120\/d?RowGrid=12&amp;tti=1&amp;opi=300\" target=\"_blank\" rel=\"noopener noreferrer\">La exclusividad reina en este dormitorio<\/a> dise\u00f1ado para tener los sue\u00f1os m\u00e1s placenteros cada noche. Entra y descubre sus incre\u00edbles fotos.<\/p>\n<p><\/p>\n<div id=\"attachment_39851\" style=\"width: 990px\" class=\"wp-caption alignnone\"><img loading=\"lazy\" decoding=\"async\" aria-describedby=\"caption-attachment-39851\" class=\"size-full wp-image-39851\" src=\"https:\/\/www.fotocasa.es\/fotocasa-life\/wp-content\/uploads\/2019\/08\/dormitorio-5.jpg\" alt=\"Dormitorios relajantes\" width=\"980\" height=\"550\" title=\"-\" srcset=\"https:\/\/www.fotocasa.es\/fotocasa-life\/wp-content\/uploads\/2019\/08\/dormitorio-5.jpg 980w, https:\/\/www.fotocasa.es\/fotocasa-life\/wp-content\/uploads\/2019\/08\/dormitorio-5-300x168.jpg 300w, https:\/\/www.fotocasa.es\/fotocasa-life\/wp-content\/uploads\/2019\/08\/dormitorio-5-150x84.jpg 150w, https:\/\/www.fotocasa.es\/fotocasa-life\/wp-content\/uploads\/2019\/08\/dormitorio-5-768x431.jpg 768w\" sizes=\"auto, (max-width: 980px) 100vw, 980px\" \/><p id=\"caption-attachment-39851\" class=\"wp-caption-text\">Foto: Fotocasa<\/p><\/div>\n<h2>Una decoraci\u00f3n que invita al relax<\/h2>\n<p><a href=\"https:\/\/www.fotocasa.es\/es\/comprar\/vivienda\/alicante-alacant\/calefaccion-terraza-ascensor-amueblado\/152245975\/d?RowGrid=18&amp;tti=1&amp;opi=300\" target=\"_blank\" rel=\"noopener noreferrer\">Esta habitaci\u00f3n maravilla por su gusto decorativo<\/a> y su combinaci\u00f3n de tonos blancos que aportan al espacio un tono de luminosidad y confort dignos de un dormitorio de portada de revista.<\/p>\n<p><\/p>\n<div id=\"attachment_39852\" style=\"width: 990px\" class=\"wp-caption alignnone\"><img loading=\"lazy\" decoding=\"async\" aria-describedby=\"caption-attachment-39852\" class=\"size-full wp-image-39852\" src=\"https:\/\/www.fotocasa.es\/fotocasa-life\/wp-content\/uploads\/2019\/08\/dormitorio-6.jpg\" alt=\"Dormitorios relajantes\" width=\"980\" height=\"550\" title=\"-\" srcset=\"https:\/\/www.fotocasa.es\/fotocasa-life\/wp-content\/uploads\/2019\/08\/dormitorio-6.jpg 980w, https:\/\/www.fotocasa.es\/fotocasa-life\/wp-content\/uploads\/2019\/08\/dormitorio-6-300x168.jpg 300w, https:\/\/www.fotocasa.es\/fotocasa-life\/wp-content\/uploads\/2019\/08\/dormitorio-6-150x84.jpg 150w, https:\/\/www.fotocasa.es\/fotocasa-life\/wp-content\/uploads\/2019\/08\/dormitorio-6-768x431.jpg 768w\" sizes=\"auto, (max-width: 980px) 100vw, 980px\" \/><p id=\"caption-attachment-39852\" class=\"wp-caption-text\">Foto: Fotocasa<\/p><\/div>\n<p><\/p>\n","protected":false},"excerpt":{"rendered":"<p>Pasamos gran parte de nuestra vida en esta estancia y qu\u00e9 mejor que encontrar aquella que mejor se adapte a nuestros gustos y necesidades. Hablamos de las habitaciones, espacios dise\u00f1ados para el relax y el descanso. Por ello, no puedes perderte la incre\u00edble selecci\u00f3n de dormitorios relajantes para dormir como un beb\u00e9 que hemos preparado&#8230;<\/p>\n","protected":false},"author":3,"featured_media":39849,"comment_status":"open","ping_status":"closed","sticky":false,"template":"","format":"standard","meta":{"_lmt_disableupdate":"yes","_lmt_disable":"","footnotes":""},"categories":[2697],"tags":[2766,2311,3055,142,2987],"class_list":["post-39847","post","type-post","status-publish","format-standard","has-post-thumbnail","hentry","category-inspiracion","tag-casas-tranquilas","tag-decoracion","tag-dormitorios-relajantes","tag-fotocasa","tag-pisos-decorados"],"modified_by":null,"_links":{"self":[{"href":"https:\/\/www.fotocasa.es\/fotocasa-life\/wp-json\/wp\/v2\/posts\/39847","targetHints":{"allow":["GET"]}}],"collection":[{"href":"https:\/\/www.fotocasa.es\/fotocasa-life\/wp-json\/wp\/v2\/posts"}],"about":[{"href":"https:\/\/www.fotocasa.es\/fotocasa-life\/wp-json\/wp\/v2\/types\/post"}],"author":[{"embeddable":true,"href":"https:\/\/www.fotocasa.es\/fotocasa-life\/wp-json\/wp\/v2\/users\/3"}],"replies":[{"embeddable":true,"href":"https:\/\/www.fotocasa.es\/fotocasa-life\/wp-json\/wp\/v2\/comments?post=39847"}],"version-history":[{"count":0,"href":"https:\/\/www.fotocasa.es\/fotocasa-life\/wp-json\/wp\/v2\/posts\/39847\/revisions"}],"wp:featuredmedia":[{"embeddable":true,"href":"https:\/\/www.fotocasa.es\/fotocasa-life\/wp-json\/wp\/v2\/media\/39849"}],"wp:attachment":[{"href":"https:\/\/www.fotocasa.es\/fotocasa-life\/wp-json\/wp\/v2\/media?parent=39847"}],"wp:term":[{"taxonomy":"category","embeddable":true,"href":"https:\/\/www.fotocasa.es\/fotocasa-life\/wp-json\/wp\/v2\/categories?post=39847"},{"taxonomy":"post_tag","embeddable":true,"href":"https:\/\/www.fotocasa.es\/fotocasa-life\/wp-json\/wp\/v2\/tags?post=39847"}],"curies":[{"name":"wp","href":"https:\/\/api.w.org\/{rel}","templated":true}]}}