{"id":39565,"date":"2019-07-30T08:30:20","date_gmt":"2019-07-30T07:30:20","guid":{"rendered":"https:\/\/blog-fotocasa-admin.wpsites-scmspain.com\/blog\/?p=39565"},"modified":"2020-11-27T13:17:24","modified_gmt":"2020-11-27T12:17:24","slug":"quienes-son-los-espanoles-que-mas-demandan-segundas-residencias","status":"publish","type":"post","link":"https:\/\/www.fotocasa.es\/fotocasa-life\/compraventa\/quienes-son-los-espanoles-que-mas-demandan-segundas-residencias\/","title":{"rendered":"\u00bfQui\u00e9nes son los espa\u00f1oles que m\u00e1s demandan segundas residencias?"},"content":{"rendered":"<p><span style=\"font-weight: 400;\">Los madrile\u00f1os y los catalanes son los que <strong>m\u00e1s est\u00e1n demandando vivienda para comprar como segunda residencia<\/strong> en 2019. En concreto, los madrile\u00f1os concentran el 27% de la demanda de segunda residencia, seguidos de catalanes (18%). En tercer lugar se encuentran los andaluces (10%), valencianos (8%) y vascos (6%). Esta es una de las conclusiones que se pueden extraer del informe elaborado por <\/span><a href=\"http:\/\/www.fotocasa.es\" target=\"_blank\" rel=\"noopener noreferrer\"><span style=\"font-weight: 400;\">Fotocasa<\/span><\/a><span style=\"font-weight: 400;\"> \u201c<\/span><a href=\"https:\/\/research.fotocasa.es\/radiografia-del-mercado-de-la-vivienda-2018-2019\/\" target=\"_blank\" rel=\"noopener noreferrer\"><b>Radiograf\u00eda del mercado de la vivienda 2018-2019<\/b><\/a><span style=\"font-weight: 400;\">\u201d que, en este caso, hace foco en la compra y alquiler de vivienda como segunda residencia en el \u00faltimo a\u00f1o.\u00a0<\/span><\/p>\n<p><span style=\"font-weight: 400;\">En el \u00faltimo a\u00f1o, <strong>el inter\u00e9s por la compra de vivienda como segunda residencia ha ca\u00eddo levemente<\/strong>: si en 2018 el 12% de la compra de vivienda fue destinada a segunda residencia, en 2019 ese porcentaje baja hasta el 10%. Si se analizan estos datos por comunidades aut\u00f3nomas se ve que donde m\u00e1s cae el inter\u00e9s por la segunda residencia es en Andaluc\u00eda y Comunitat Valenciana. En cambio, en el Pa\u00eds Vasco es donde m\u00e1s crece el inter\u00e9s por la compra de segunda residencia respecto a 2018.<\/span><\/p>\n<p><span style=\"font-weight: 400;\">\u201cLos datos de <\/span><span style=\"font-weight: 400;\">Fotocasa<\/span><span style=\"font-weight: 400;\"> ponen de relieve que el inter\u00e9s por la compra de vivienda de segunda residencia es muy desigual en nuestro pa\u00eds. Mientras que entre madrile\u00f1os, catalanes y vascos ese inter\u00e9s aumenta con respecto al a\u00f1o anterior, en el resto de regiones decae, <strong>si bien este tipo de vivienda el segundo motivo que mueve la compra,<\/strong> despu\u00e9s de la residencia habitual\u201d, explica Beatriz Toribio, directora de Estudios de <\/span><span style=\"font-weight: 400;\">Fotocasa<\/span><span style=\"font-weight: 400;\">. <\/span><\/p>\n<p><img loading=\"lazy\" decoding=\"async\" class=\"alignnone size-full wp-image-39567\" src=\"https:\/\/blog-fotocasa-admin.wpsites-scmspain.com\/blog\/wp-content\/uploads\/2019\/07\/segunda-residencia-01.jpg\" alt=\"- - - -\" width=\"980\" height=\"628\" title=\"-\" srcset=\"https:\/\/www.fotocasa.es\/fotocasa-life\/wp-content\/uploads\/2019\/07\/segunda-residencia-01.jpg 980w, https:\/\/www.fotocasa.es\/fotocasa-life\/wp-content\/uploads\/2019\/07\/segunda-residencia-01-300x192.jpg 300w, https:\/\/www.fotocasa.es\/fotocasa-life\/wp-content\/uploads\/2019\/07\/segunda-residencia-01-150x96.jpg 150w, https:\/\/www.fotocasa.es\/fotocasa-life\/wp-content\/uploads\/2019\/07\/segunda-residencia-01-768x492.jpg 768w\" sizes=\"auto, (max-width: 980px) 100vw, 980px\" \/><\/p>\n<h2>\u00bfQui\u00e9n demanda comprar vivienda como segunda residencia?<\/h2>\n<p><span style=\"font-weight: 400;\">Si se analiza el perfil del comprador de vivienda de segunda residencia se ve que est\u00e1 <strong>compuesto mayoritariamente por hombres<\/strong> (65%), con una media de edad de 47 a\u00f1os y principalmente son de clase social media alta.\u00a0<\/span><\/p>\n<p><span style=\"font-weight: 400;\">En el 52% de los casos de los compradores de segunda residencia<strong> aseguran que vive con su pareja e hijos<\/strong> y el 83% cuenta ya con una vivienda de propiedad como residencia habitual. Adem\u00e1s, el 40% de los compradores de vivienda son de clase media-alta.\u00a0<\/span><\/p>\n<h2>El 11% del alquiler de vivienda es de segunda residencia<\/h2>\n<p><span style=\"font-weight: 400;\">En 2019, el porcentaje de inquilinos que alquilan vivienda para destinarla a segunda residencia representa el 11%, un porcentaje algo superior al que se registr\u00f3 en 2018 (9%) y que va <strong>en consonancia con el incremento general de la demanda de vivienda en alquiler<\/strong> que se est\u00e1 viendo en 2019.\u00a0\u00a0<\/span><\/p>\n<p><span style=\"font-weight: 400;\">El perfil del espa\u00f1ol que alquila vivienda como segunda residencia est\u00e1 compuesto mayoritariamente por <strong>mujeres (59%) y en el 24% de los casos tienen entre 35 y 44 a\u00f1os<\/strong>, seguido por un 23% de los j\u00f3venes de 18 a 24 a\u00f1os. La media de edad del inquilino de segunda residencia es de 38 a\u00f1os. Principalmente son de clase media alta (44%), seguido de la clase media media (25%).\u00a0<\/span><\/p>\n<p><span style=\"font-weight: 400;\">Si se analiza estos alquileres por comunidades, se ve que en <strong>Andaluc\u00eda y Madrid es donde se concentra el mayor n\u00famero de alquileres destinados al alquiler vacacional<\/strong>, en concreto un 28% y un 17%, respectivamente. Le sigue Catalu\u00f1a (11,2%), la Comunitat Valenciana (9,2%) y el Pa\u00eds Vasco (1,7%).<\/span><\/p>\n<p><img loading=\"lazy\" decoding=\"async\" class=\"alignnone size-full wp-image-39568\" src=\"https:\/\/blog-fotocasa-admin.wpsites-scmspain.com\/blog\/wp-content\/uploads\/2019\/07\/segunda-residencia-02.jpg\" alt=\"- - - -\" width=\"980\" height=\"598\" title=\"-\" srcset=\"https:\/\/www.fotocasa.es\/fotocasa-life\/wp-content\/uploads\/2019\/07\/segunda-residencia-02.jpg 980w, https:\/\/www.fotocasa.es\/fotocasa-life\/wp-content\/uploads\/2019\/07\/segunda-residencia-02-300x183.jpg 300w, https:\/\/www.fotocasa.es\/fotocasa-life\/wp-content\/uploads\/2019\/07\/segunda-residencia-02-150x92.jpg 150w, https:\/\/www.fotocasa.es\/fotocasa-life\/wp-content\/uploads\/2019\/07\/segunda-residencia-02-768x469.jpg 768w\" sizes=\"auto, (max-width: 980px) 100vw, 980px\" \/><\/p>\n","protected":false},"excerpt":{"rendered":"<p>Los espa\u00f1oles que m\u00e1s demandan segundas residencias para comprar son los madrile\u00f1os y los barceloneses, seg\u00fan un estudio de Fotocasa.<\/p>\n","protected":false},"author":3,"featured_media":32777,"comment_status":"open","ping_status":"closed","sticky":false,"template":"","format":"standard","meta":{"_lmt_disableupdate":"yes","_lmt_disable":"","footnotes":""},"categories":[3],"tags":[1016,361],"class_list":["post-39565","post","type-post","status-publish","format-standard","has-post-thumbnail","hentry","category-compraventa","tag-comprar-segunda-residencia","tag-segunda-residencia"],"modified_by":"fotocasa","_links":{"self":[{"href":"https:\/\/www.fotocasa.es\/fotocasa-life\/wp-json\/wp\/v2\/posts\/39565","targetHints":{"allow":["GET"]}}],"collection":[{"href":"https:\/\/www.fotocasa.es\/fotocasa-life\/wp-json\/wp\/v2\/posts"}],"about":[{"href":"https:\/\/www.fotocasa.es\/fotocasa-life\/wp-json\/wp\/v2\/types\/post"}],"author":[{"embeddable":true,"href":"https:\/\/www.fotocasa.es\/fotocasa-life\/wp-json\/wp\/v2\/users\/3"}],"replies":[{"embeddable":true,"href":"https:\/\/www.fotocasa.es\/fotocasa-life\/wp-json\/wp\/v2\/comments?post=39565"}],"version-history":[{"count":0,"href":"https:\/\/www.fotocasa.es\/fotocasa-life\/wp-json\/wp\/v2\/posts\/39565\/revisions"}],"wp:featuredmedia":[{"embeddable":true,"href":"https:\/\/www.fotocasa.es\/fotocasa-life\/wp-json\/wp\/v2\/media\/32777"}],"wp:attachment":[{"href":"https:\/\/www.fotocasa.es\/fotocasa-life\/wp-json\/wp\/v2\/media?parent=39565"}],"wp:term":[{"taxonomy":"category","embeddable":true,"href":"https:\/\/www.fotocasa.es\/fotocasa-life\/wp-json\/wp\/v2\/categories?post=39565"},{"taxonomy":"post_tag","embeddable":true,"href":"https:\/\/www.fotocasa.es\/fotocasa-life\/wp-json\/wp\/v2\/tags?post=39565"}],"curies":[{"name":"wp","href":"https:\/\/api.w.org\/{rel}","templated":true}]}}