{"id":3942,"date":"2014-11-04T17:00:02","date_gmt":"2014-11-04T15:00:02","guid":{"rendered":"https:\/\/www.fotocasa.es\/fotocasa-life\/?p=3942"},"modified":"2020-11-27T11:32:54","modified_gmt":"2020-11-27T10:32:54","slug":"el-precio-de-la-vivienda-cae-un-43-en-el-tercer-trimestre-segun-tinsa","status":"publish","type":"post","link":"https:\/\/www.fotocasa.es\/fotocasa-life\/compraventa\/el-precio-de-la-vivienda-cae-un-43-en-el-tercer-trimestre-segun-tinsa\/","title":{"rendered":"El precio de la vivienda cae un 4,3% en el tercer trimestre seg\u00fan Tinsa"},"content":{"rendered":"<p>El precio de la vivienda cay\u00f3 un 4,3% en el tercer trimestre del a\u00f1o en comparaci\u00f3n con el mismo periodo de 2013, con lo que ya acumula un desplome del 40,3% desde los m\u00e1ximos que alcanz\u00f3 a finales de 2007, justo antes del inicio de la crisis, seg\u00fan informa <a title=\"Tinsa\" href=\"http:\/\/www.tinsa.es\/\" target=\"_blank\" rel=\"noopener noreferrer\"><strong>Tinsa<\/strong><\/a>.<\/p>\n<p>La tasadora\u00a0se\u00f1ala que este dato constata la moderaci\u00f3n que viene registrando la ca\u00edda del precio medio de los pisos, dado que la ca\u00edda de los <a title=\"El precio de la vivienda desciende un 6,7% en el primer trimestre de 2014\" href=\"https:\/\/www.fotocasa.es\/fotocasa-life\/compraventa\/el-precio-de-la-vivienda-desciende-un-67-en-el-primer-trimestre-de-2014\/\"><strong>\u00faltimos tres meses<\/strong><\/a> es la mitad del descenso interanual del 9,3% contabilizado en el mismo trimestre de 2013.<\/p>\n<p>Tinsa destaca asimismo que el precio de la vivienda incluso se anot\u00f3 aumentos interanuales en seis capitales, nueve provincias y tres comunidades aut\u00f3nomas.<\/p>\n<p>Con todo, la sociedad de tasaci\u00f3n calcula que el ajuste que el precio de los pisos viene registrando en los \u00faltimos a\u00f1os <a title=\"El precio de la vivienda se estabilizar\u00e1 a finales de 2014, seg\u00fan Tinsa\" href=\"https:\/\/www.fotocasa.es\/fotocasa-life\/compraventa\/el-precio-de-la-vivienda-se-estabilizara-finales-de-2014-segun-tinsa\/\"><strong>llegar\u00e1 a su fin<\/strong><\/a> a la conclusi\u00f3n de este ejercicio, para cuando estima que se estabilizar\u00e1.<\/p>\n<p>No obstante, el estudio de la compa\u00f1\u00eda supedita esta previsi\u00f3n al \u00abcumplimiento de las <a title=\"El Gobierno eleva la previsi\u00f3n de crecimiento de la econom\u00eda espa\u00f1ola\" href=\"https:\/\/www.fotocasa.es\/fotocasa-life\/finanzas\/el-gobierno-eleva-la-prevision-de-crecimiento-de-la-economia-espanola\/\"><strong>previsiones de crecimiento econ\u00f3mico<\/strong><\/a> y de empleo\u00bb, y se\u00f1ala como \u00abposibles amenazas\u00bb el \u00abestancamiento de los econom\u00edas europeas receptoras de las exportaciones espa\u00f1olas, la ralentizaci\u00f3n del consumo interno y las tasas negativas de inflaci\u00f3n\u00bb.<\/p>\n<p>Por el momento, en el tercer trimestre del a\u00f1o tres comunidades aut\u00f3nomas arrojaron aumentos de precio: Extremadura (5,6%), Galicia (1,9%) y La Rioja (0,4%).<\/p>\n<p>En el lado opuesto, nueve regiones se anotaron a\u00fan ca\u00eddas de precios m\u00e1s intensas que la de la media anual del 4,3%. Navarra se anot\u00f3 el descenso m\u00e1s acusado (13,9%), por delante de Asturias (9,6%), Castilla y Le\u00f3n (9,1%), Canarias (7,4%) y Valencia (6,8%). En la Comunidad de Madrid el precio medio de los pisos descendi\u00f3 un 4,6% y en Catalu\u00f1a, un 4%.<\/p>\n<p>El \u00edndice inmobiliario de Tinsa arroja asimismo subidas de precios en seis capitales de provincias, lideradas por Teruel (3,8%), Zaragoza (2,1%), M\u00e1laga (1,7%), Pontevedra (1,6%), C\u00e1ceres (0,6%) y Barcelona (0,1%).<\/p>\n<p>&nbsp;<\/p>\n","protected":false},"excerpt":{"rendered":"<p>El precio de la vivienda cay\u00f3 un 4,3% en el tercer trimestre del a\u00f1o en comparaci\u00f3n con el mismo periodo de 2013, con lo que ya acumula un desplome del 40,3% desde los m\u00e1ximos que alcanz\u00f3 a finales de 2007, justo antes del inicio de la crisis, seg\u00fan informa Tinsa. La tasadora\u00a0se\u00f1ala que este dato&#8230;<\/p>\n","protected":false},"author":3,"featured_media":2993,"comment_status":"open","ping_status":"open","sticky":false,"template":"","format":"standard","meta":{"_lmt_disableupdate":"yes","_lmt_disable":"","footnotes":""},"categories":[3],"tags":[72,135,207,208,998,213,309],"class_list":["post-3942","post","type-post","status-publish","format-standard","has-post-thumbnail","hentry","category-compraventa","tag-compraventa-de-vivienda","tag-estudios","tag-precio-de-la-vivienda","tag-precio-de-la-vivienda-de-segunda-mano","tag-precio-medio-venta","tag-precio-medio-vivienda","tag-tinsa"],"modified_by":"Albert PC","_links":{"self":[{"href":"https:\/\/www.fotocasa.es\/fotocasa-life\/wp-json\/wp\/v2\/posts\/3942","targetHints":{"allow":["GET"]}}],"collection":[{"href":"https:\/\/www.fotocasa.es\/fotocasa-life\/wp-json\/wp\/v2\/posts"}],"about":[{"href":"https:\/\/www.fotocasa.es\/fotocasa-life\/wp-json\/wp\/v2\/types\/post"}],"author":[{"embeddable":true,"href":"https:\/\/www.fotocasa.es\/fotocasa-life\/wp-json\/wp\/v2\/users\/3"}],"replies":[{"embeddable":true,"href":"https:\/\/www.fotocasa.es\/fotocasa-life\/wp-json\/wp\/v2\/comments?post=3942"}],"version-history":[{"count":0,"href":"https:\/\/www.fotocasa.es\/fotocasa-life\/wp-json\/wp\/v2\/posts\/3942\/revisions"}],"wp:featuredmedia":[{"embeddable":true,"href":"https:\/\/www.fotocasa.es\/fotocasa-life\/wp-json\/wp\/v2\/media\/2993"}],"wp:attachment":[{"href":"https:\/\/www.fotocasa.es\/fotocasa-life\/wp-json\/wp\/v2\/media?parent=3942"}],"wp:term":[{"taxonomy":"category","embeddable":true,"href":"https:\/\/www.fotocasa.es\/fotocasa-life\/wp-json\/wp\/v2\/categories?post=3942"},{"taxonomy":"post_tag","embeddable":true,"href":"https:\/\/www.fotocasa.es\/fotocasa-life\/wp-json\/wp\/v2\/tags?post=3942"}],"curies":[{"name":"wp","href":"https:\/\/api.w.org\/{rel}","templated":true}]}}