{"id":3932,"date":"2014-10-31T13:37:54","date_gmt":"2014-10-31T11:37:54","guid":{"rendered":"https:\/\/www.fotocasa.es\/fotocasa-life\/?p=3932"},"modified":"2020-11-27T11:33:00","modified_gmt":"2020-11-27T10:33:00","slug":"hacienda-podria-mantener-los-coeficientes-de-correccion-en-la-tributacion-de-plusvalias","status":"publish","type":"post","link":"https:\/\/www.fotocasa.es\/fotocasa-life\/compraventa\/hacienda-podria-mantener-los-coeficientes-de-correccion-en-la-tributacion-de-plusvalias\/","title":{"rendered":"Hacienda podr\u00eda mantener los coeficientes de correcci\u00f3n en la tributaci\u00f3n de plusval\u00edas"},"content":{"rendered":"<p>El Ministerio de Hacienda prev\u00e9 suprimir \u00fanicamente los coeficientes de abatimiento y no los de correcci\u00f3n de la inflaci\u00f3n en la tributaci\u00f3n de las plusval\u00edas obtenidas por las ventas de pisos, seg\u00fan fuentes del sector.<\/p>\n<p>Tras el malestar expresado por parte del sector inmobiliario, la Defensora del Pueblo, Soledad Becerril, o incluso la c\u00fapula del PP madrile\u00f1o en las \u00faltimas semanas contra esta medida, el Gobierno ya dijo que moderar\u00eda el &#8216;golpe&#8217; fiscal que la supresi\u00f3n de ambos coeficientes, contemplada en la reforma fiscal, supondr\u00eda para los vendedores.<\/p>\n<p>En <a title=\"\u00bfC\u00f3mo afecta la nueva reforma fiscal a la vivienda?\" href=\"https:\/\/www.fotocasa.es\/fotocasa-life\/alquiler\/como-afecta-la-nueva-reforma-fiscal-la-vivienda\/\"><strong>la reforma fiscal<\/strong><\/a> el Gobierno introdujo la eliminaci\u00f3n de ambos coeficientes por motivos de equidad. El caso de los de abatimiento, afecta \u00fanicamente a la venta de viviendas adquiridas antes del 31 de diciembre de 1994 y para las plusval\u00edas obtenidas hasta el 20 de enero de 2006, fecha desde la que se suprimi\u00f3 con car\u00e1cter general.<\/p>\n<p>Los coeficientes de correcci\u00f3n de la inflaci\u00f3n, que se actualizan anualmente en los <a title=\"Hacienda aumentar\u00e1 el valor catastral de 7,4 millones de inmuebles en 2015\" href=\"https:\/\/www.fotocasa.es\/fotocasa-life\/compraventa\/hacienda-aumentara-el-valor-catastral-de-74-millones-de-inmuebles-en-2015\/\"><strong>Presupuestos Generales del Estado<\/strong><\/a> (PGE) y que tratan de restar a las plusval\u00edas el efecto de la subida anual de los precios, afectar\u00edan a todas las ventas de pisos con ganancias.<\/p>\n<p>Con la posibilidad abierta de mantener los coeficientes de correcci\u00f3n se tratar\u00eda de eliminar los efectos de inequidad para aquellos que compraron su vivienda desde 1995 y que no se beneficiaban de los coeficientes de abatimiento, pero al mismo tiempo mantener una minoraci\u00f3n de las plusval\u00edas teniendo en cuenta el aumento del coste de la vida.<\/p>\n<p>&nbsp;<\/p>\n","protected":false},"excerpt":{"rendered":"<p>El Ministerio de Hacienda prev\u00e9 suprimir \u00fanicamente los coeficientes de abatimiento y no los de correcci\u00f3n de la inflaci\u00f3n en la tributaci\u00f3n de las plusval\u00edas obtenidas por las ventas de pisos, seg\u00fan fuentes del sector. Tras el malestar expresado por parte del sector inmobiliario, la Defensora del Pueblo, Soledad Becerril, o incluso la c\u00fapula del&#8230;<\/p>\n","protected":false},"author":3,"featured_media":3934,"comment_status":"open","ping_status":"open","sticky":false,"template":"","format":"standard","meta":{"_lmt_disableupdate":"yes","_lmt_disable":"","footnotes":""},"categories":[3],"tags":[990,721,840,988,290,447,989],"class_list":["post-3932","post","type-post","status-publish","format-standard","has-post-thumbnail","hentry","category-compraventa","tag-coeficientes-de-abatimiento","tag-exencion-de-tributacion","tag-ley-de-presupuestos-generales-del-estado","tag-ministerio-de-hacienda","tag-plusvalia","tag-reforma-fiscal","tag-tributacion-de-las-plusvalias"],"modified_by":"Albert PC","_links":{"self":[{"href":"https:\/\/www.fotocasa.es\/fotocasa-life\/wp-json\/wp\/v2\/posts\/3932","targetHints":{"allow":["GET"]}}],"collection":[{"href":"https:\/\/www.fotocasa.es\/fotocasa-life\/wp-json\/wp\/v2\/posts"}],"about":[{"href":"https:\/\/www.fotocasa.es\/fotocasa-life\/wp-json\/wp\/v2\/types\/post"}],"author":[{"embeddable":true,"href":"https:\/\/www.fotocasa.es\/fotocasa-life\/wp-json\/wp\/v2\/users\/3"}],"replies":[{"embeddable":true,"href":"https:\/\/www.fotocasa.es\/fotocasa-life\/wp-json\/wp\/v2\/comments?post=3932"}],"version-history":[{"count":0,"href":"https:\/\/www.fotocasa.es\/fotocasa-life\/wp-json\/wp\/v2\/posts\/3932\/revisions"}],"wp:featuredmedia":[{"embeddable":true,"href":"https:\/\/www.fotocasa.es\/fotocasa-life\/wp-json\/wp\/v2\/media\/3934"}],"wp:attachment":[{"href":"https:\/\/www.fotocasa.es\/fotocasa-life\/wp-json\/wp\/v2\/media?parent=3932"}],"wp:term":[{"taxonomy":"category","embeddable":true,"href":"https:\/\/www.fotocasa.es\/fotocasa-life\/wp-json\/wp\/v2\/categories?post=3932"},{"taxonomy":"post_tag","embeddable":true,"href":"https:\/\/www.fotocasa.es\/fotocasa-life\/wp-json\/wp\/v2\/tags?post=3932"}],"curies":[{"name":"wp","href":"https:\/\/api.w.org\/{rel}","templated":true}]}}