{"id":38919,"date":"2019-07-10T06:00:45","date_gmt":"2019-07-10T05:00:45","guid":{"rendered":"https:\/\/blog-fotocasa-admin.wpsites-scmspain.com\/blog\/?p=38919"},"modified":"2020-11-27T13:19:24","modified_gmt":"2020-11-27T12:19:24","slug":"quienes-compraran-casa-en-los-proximos-anos","status":"publish","type":"post","link":"https:\/\/www.fotocasa.es\/fotocasa-life\/compraventa\/quienes-compraran-casa-en-los-proximos-anos\/","title":{"rendered":"\u00bfQui\u00e9nes comprar\u00e1n casa en los pr\u00f3ximos a\u00f1os?"},"content":{"rendered":"<p><span style=\"font-weight: 400;\"><strong>En el \u00faltimo a\u00f1o un 4% de particulares han comprado vivienda en Espa\u00f1a<\/strong>, y otro 8% ha estado buscando casa para comprar. Pero son muchos m\u00e1s quienes se plantean adquirir un inmueble en los pr\u00f3ximos a\u00f1os, seg\u00fan el estudio <a href=\"https:\/\/prensa.fotocasa.es\/wp-content\/uploads\/2019\/05\/Radiograf%C3%ADa-del-mercado-de-la-vivienda-en-2018-2019.pdf\" target=\"_blank\" rel=\"noopener noreferrer\">\u201cRadiograf\u00eda del mercado de la vivienda 2018-2019\u201d<\/a>, realizado por Fotocasa. En total, otro 17% de quienes no intentaron comprar en los \u00faltimos doce meses s\u00ed que tienen intenci\u00f3n de hacerlo en el futuro, sobre todo entre los dos y los pr\u00f3ximos cinco a\u00f1os.\u00a0<\/span><\/p>\n<p><img loading=\"lazy\" decoding=\"async\" class=\"alignnone size-full wp-image-38943\" src=\"https:\/\/blog-fotocasa-admin.wpsites-scmspain.com\/blog\/wp-content\/uploads\/2019\/07\/compraran-casa.jpg\" alt=\"- - - -\" width=\"980\" height=\"574\" title=\"-\" srcset=\"https:\/\/www.fotocasa.es\/fotocasa-life\/wp-content\/uploads\/2019\/07\/compraran-casa.jpg 980w, https:\/\/www.fotocasa.es\/fotocasa-life\/wp-content\/uploads\/2019\/07\/compraran-casa-300x176.jpg 300w, https:\/\/www.fotocasa.es\/fotocasa-life\/wp-content\/uploads\/2019\/07\/compraran-casa-150x88.jpg 150w, https:\/\/www.fotocasa.es\/fotocasa-life\/wp-content\/uploads\/2019\/07\/compraran-casa-768x450.jpg 768w\" sizes=\"auto, (max-width: 980px) 100vw, 980px\" \/><\/p>\n<h2>El perfil del potencial comprador<\/h2>\n<p><span style=\"font-weight: 400;\"><strong>\u00bfQui\u00e9nes pretenden comprar en los pr\u00f3ximos a\u00f1os? Sobre todo mujeres.<\/strong> La mayor\u00eda entre 25 y 34 a\u00f1os, aunque la media se sit\u00faa algo m\u00e1s tarde, en torno a los 40, que viven con su pareja e hijos y sobre todo en las zonas de Madrid y Andaluc\u00eda. La gran mayor\u00eda residen ya en una vivienda en propiedad, con lo que es probable que opten por vender para comprar una que se ajuste mejor a sus necesidades.\u00a0<\/span><\/p>\n<p><img loading=\"lazy\" decoding=\"async\" class=\"alignnone size-full wp-image-38944\" src=\"https:\/\/blog-fotocasa-admin.wpsites-scmspain.com\/blog\/wp-content\/uploads\/2019\/07\/compraran-casa-01.jpg\" alt=\"- - - -\" width=\"980\" height=\"547\" title=\"-\" srcset=\"https:\/\/www.fotocasa.es\/fotocasa-life\/wp-content\/uploads\/2019\/07\/compraran-casa-01.jpg 980w, https:\/\/www.fotocasa.es\/fotocasa-life\/wp-content\/uploads\/2019\/07\/compraran-casa-01-300x167.jpg 300w, https:\/\/www.fotocasa.es\/fotocasa-life\/wp-content\/uploads\/2019\/07\/compraran-casa-01-150x84.jpg 150w, https:\/\/www.fotocasa.es\/fotocasa-life\/wp-content\/uploads\/2019\/07\/compraran-casa-01-768x429.jpg 768w\" sizes=\"auto, (max-width: 980px) 100vw, 980px\" \/><\/p>\n<h2>Los que no compran<\/h2>\n<p><span style=\"font-weight: 400;\">Existe un amplio sector de poblaci\u00f3n que no tiene previsto comprar vivienda en los pr\u00f3ximos a\u00f1os. Una parte <strong>corresponde a quienes ya poseen una vivienda y no tienen intenci\u00f3n ni de cambiar ni de adquirir m\u00e1s<\/strong>. Otra parte corresponde a las franjas de edad m\u00e1s j\u00f3venes, que no se plantean comprar de manera inmediata, principalmente por falta de estabilidad laboral y porque no disponen de suficiente dinero ahorrado para la entrada y gastos iniciales que conlleva comprar una casa.\u00a0<\/span><\/p>\n<p><span style=\"font-weight: 400;\">Adem\u00e1s, un porcentaje cada vez m\u00e1s importante (el 19%) <strong>asegura no querer supeditar la mayor parte de sus ahorros o ingresos a la compra de la vivienda<\/strong>. Otros motivos alegados por quienes no prev\u00e9n comprar una vivienda son la disponibilidad de inmuebles familiares y las diferencias entre el presupuesto que podr\u00edan asumir y los precios actuales.\u00a0<\/span><\/p>\n<p><span style=\"font-weight: 400;\">A\u00fan as\u00ed, la opini\u00f3n generalizada es que <strong>es mejor comprar que alquilar<\/strong>, y cuatro de cada cinco espa\u00f1oles consideran que dentro de cinco a\u00f1os tendr\u00e1n una vivienda en propiedad.<\/span><\/p>\n","protected":false},"excerpt":{"rendered":"<p>Un an\u00e1lisis a partir de los datos del estudio \u201cRadiograf\u00eda del mercado de la vivienda 2018-2019\u201d, realizado por Fotocasa.<\/p>\n","protected":false},"author":3,"featured_media":38246,"comment_status":"open","ping_status":"closed","sticky":false,"template":"","format":"standard","meta":{"_lmt_disableupdate":"yes","_lmt_disable":"","footnotes":""},"categories":[3],"tags":[2615,2633,433,2184,2746],"class_list":["post-38919","post","type-post","status-publish","format-standard","has-post-thumbnail","hentry","category-compraventa","tag-compra","tag-compra-de-vivienda","tag-compradores","tag-comprar","tag-comprar-vivienda"],"modified_by":"fotocasa","_links":{"self":[{"href":"https:\/\/www.fotocasa.es\/fotocasa-life\/wp-json\/wp\/v2\/posts\/38919","targetHints":{"allow":["GET"]}}],"collection":[{"href":"https:\/\/www.fotocasa.es\/fotocasa-life\/wp-json\/wp\/v2\/posts"}],"about":[{"href":"https:\/\/www.fotocasa.es\/fotocasa-life\/wp-json\/wp\/v2\/types\/post"}],"author":[{"embeddable":true,"href":"https:\/\/www.fotocasa.es\/fotocasa-life\/wp-json\/wp\/v2\/users\/3"}],"replies":[{"embeddable":true,"href":"https:\/\/www.fotocasa.es\/fotocasa-life\/wp-json\/wp\/v2\/comments?post=38919"}],"version-history":[{"count":0,"href":"https:\/\/www.fotocasa.es\/fotocasa-life\/wp-json\/wp\/v2\/posts\/38919\/revisions"}],"wp:featuredmedia":[{"embeddable":true,"href":"https:\/\/www.fotocasa.es\/fotocasa-life\/wp-json\/wp\/v2\/media\/38246"}],"wp:attachment":[{"href":"https:\/\/www.fotocasa.es\/fotocasa-life\/wp-json\/wp\/v2\/media?parent=38919"}],"wp:term":[{"taxonomy":"category","embeddable":true,"href":"https:\/\/www.fotocasa.es\/fotocasa-life\/wp-json\/wp\/v2\/categories?post=38919"},{"taxonomy":"post_tag","embeddable":true,"href":"https:\/\/www.fotocasa.es\/fotocasa-life\/wp-json\/wp\/v2\/tags?post=38919"}],"curies":[{"name":"wp","href":"https:\/\/api.w.org\/{rel}","templated":true}]}}