{"id":38030,"date":"2019-06-11T22:25:08","date_gmt":"2019-06-11T21:25:08","guid":{"rendered":"https:\/\/blog-fotocasa-admin.wpsites-scmspain.com\/blog\/?p=38030"},"modified":"2020-11-27T13:20:11","modified_gmt":"2020-11-27T12:20:11","slug":"mas-de-la-mitad-de-espanoles-consiguieron-ahorrar-mas-en-mayo","status":"publish","type":"post","link":"https:\/\/www.fotocasa.es\/fotocasa-life\/hipotecas-finanzas\/mas-de-la-mitad-de-espanoles-consiguieron-ahorrar-mas-en-mayo\/","title":{"rendered":"M\u00e1s de la mitad de espa\u00f1oles consiguieron ahorrar m\u00e1s en mayo"},"content":{"rendered":"<p><strong>El 51,9% de los espa\u00f1oles reconoce haber ahorrado durante el pasado mes de mayo,<\/strong> lo que supone un incremento de 5,6 puntos porcentuales en comparaci\u00f3n con los datos contabilizados en abril, seg\u00fan el \u00faltimo informe mensual de El Observatorio Cetelem realizado a trav\u00e9s de una encuesta &#8216;online&#8217; de la empresa Investmarket.<\/p>\n<p>Por tanto, <strong>m\u00e1s de la mitad de los espa\u00f1oles afirma haber ahorrado durante mayo<\/strong>, superando el 46,3% que lo hizo durante el mes de abril. La intenci\u00f3n de seguir ahorrando tambi\u00e9n ha crecido, concretamente hasta un 41,6% de los espa\u00f1oles, cuando en abril se encontraba en 40,2%.<\/p>\n<h2 class=\"ladillo\">Optimismo sobre la situaci\u00f3n econ\u00f3mica<\/h2>\n<p>En relaci\u00f3n a la situaci\u00f3n general del pa\u00eds, la nota que recibe la econom\u00eda actual es de 5,65 sobre 10, creciendo en 0,1 puntos respecto al mes de abril. Por su parte, el porcentaje de espa\u00f1oles que <strong>piensa que la situaci\u00f3n general mejorar\u00e1<\/strong> ha pasado de un 26,5% en el pasado mes de abril a un 31,2% en mayo.<\/p>\n<p>De acuerdo con estos datos, los espa\u00f1oles <strong>tambi\u00e9n valoran mejor su situaci\u00f3n personal<\/strong>, concretamente en un 6,31 sobre 10 en mayo de 2019, en un aumento de 0,03 puntos respecto al mismo mes en 2018, y muy por encima de la percepci\u00f3n que tienen de la situaci\u00f3n general de Espa\u00f1a.<\/p>\n<p>En cuanto a la intenci\u00f3n de compra de cara a los pr\u00f3ximos tres meses, <strong>el sector del turismo es el mejor situado,<\/strong> con un 26,1%, seguido por la inform\u00e1tica con un 16,8%, textil\/deportes que se halla con una intenci\u00f3n del 16,1%, servicios dentales con un 14,6% y &#8216;smartphones&#8217; con un 13,5%.<\/p>\n","protected":false},"excerpt":{"rendered":"<p>El 51,9% de los espa\u00f1oles reconoce haber ahorrado durante el pasado mes de mayo, lo que supone un incremento de 5,6 puntos porcentuales.<\/p>\n","protected":false},"author":78,"featured_media":35086,"comment_status":"open","ping_status":"closed","sticky":false,"template":"","format":"standard","meta":{"_lmt_disableupdate":"yes","_lmt_disable":"","footnotes":""},"categories":[6],"tags":[2421,15],"class_list":["post-38030","post","type-post","status-publish","format-standard","has-post-thumbnail","hentry","category-hipotecas-finanzas","tag-ahorrar","tag-ahorro"],"modified_by":"fotocasa","_links":{"self":[{"href":"https:\/\/www.fotocasa.es\/fotocasa-life\/wp-json\/wp\/v2\/posts\/38030","targetHints":{"allow":["GET"]}}],"collection":[{"href":"https:\/\/www.fotocasa.es\/fotocasa-life\/wp-json\/wp\/v2\/posts"}],"about":[{"href":"https:\/\/www.fotocasa.es\/fotocasa-life\/wp-json\/wp\/v2\/types\/post"}],"author":[{"embeddable":true,"href":"https:\/\/www.fotocasa.es\/fotocasa-life\/wp-json\/wp\/v2\/users\/78"}],"replies":[{"embeddable":true,"href":"https:\/\/www.fotocasa.es\/fotocasa-life\/wp-json\/wp\/v2\/comments?post=38030"}],"version-history":[{"count":0,"href":"https:\/\/www.fotocasa.es\/fotocasa-life\/wp-json\/wp\/v2\/posts\/38030\/revisions"}],"wp:featuredmedia":[{"embeddable":true,"href":"https:\/\/www.fotocasa.es\/fotocasa-life\/wp-json\/wp\/v2\/media\/35086"}],"wp:attachment":[{"href":"https:\/\/www.fotocasa.es\/fotocasa-life\/wp-json\/wp\/v2\/media?parent=38030"}],"wp:term":[{"taxonomy":"category","embeddable":true,"href":"https:\/\/www.fotocasa.es\/fotocasa-life\/wp-json\/wp\/v2\/categories?post=38030"},{"taxonomy":"post_tag","embeddable":true,"href":"https:\/\/www.fotocasa.es\/fotocasa-life\/wp-json\/wp\/v2\/tags?post=38030"}],"curies":[{"name":"wp","href":"https:\/\/api.w.org\/{rel}","templated":true}]}}