{"id":37843,"date":"2019-06-06T16:00:11","date_gmt":"2019-06-06T15:00:11","guid":{"rendered":"https:\/\/www.fotocasa.es\/fotocasa-life\/?p=37843"},"modified":"2021-02-09T18:38:52","modified_gmt":"2021-02-09T17:38:52","slug":"los-pueblos-mas-bonitos-de-espana","status":"publish","type":"post","link":"https:\/\/www.fotocasa.es\/fotocasa-life\/inspiracion\/los-pueblos-mas-bonitos-de-espana\/","title":{"rendered":"Los pueblos m\u00e1s bonitos de Espa\u00f1a: vive en un lugar de ensue\u00f1o"},"content":{"rendered":"<p>Espa\u00f1a es un pa\u00eds repleto de lugares maravillosos entre los que destacan especialmente sus hermosos pueblos. Los hay de todos los tipos: medievales, de monta\u00f1a, marineros, \u2026 \u00bfCu\u00e1ntos lugares con encanto conoces en nuestra geograf\u00eda? Si est\u00e1s pensando en irte a vivir a uno de los pueblos m\u00e1s bonitos de Espa\u00f1a, no dudes en descubrir la <strong><a href=\"https:\/\/www.fotocasa.es\/es\/comprar\/viviendas\/espana\/todas-las-zonas\/l?text=de-pueblo\">selecci\u00f3n de casas de pueblo que hemos hecho<\/a><\/strong> para ti. \u00a1Vive en un lugar de ensue\u00f1o!<\/p>\n<h2>Un piso con vistas a los Picos de Europa<\/h2>\n<p><a href=\"https:\/\/www.fotocasa.es\/es\/comprar\/vivienda\/potes\/calefaccion-amueblado-television\/150337128\/d?RowGrid=2&amp;tti=1&amp;opi=300\" target=\"_blank\" rel=\"noopener noreferrer\">Situado en la hermosa localidad de Potes, en Cantabria, este lujoso piso se encuentra en muy buen estado<\/a>. Cuenta con tres dormitorios reci\u00e9n reformados, una amplia cocina y un ba\u00f1o que incluye ba\u00f1era de hidromasaje. Como ves se trata de una vivienda espaciosa y confortable.<\/p>\n<p><\/p>\n<div id=\"attachment_37847\" style=\"width: 990px\" class=\"wp-caption alignnone\"><img loading=\"lazy\" decoding=\"async\" aria-describedby=\"caption-attachment-37847\" class=\"size-full wp-image-37847\" src=\"https:\/\/www.fotocasa.es\/fotocasa-life\/wp-content\/uploads\/2019\/06\/pueblos-1.jpg\" alt=\"Los pueblos m\u00e1s bonitos de Espa\u00f1a\" width=\"980\" height=\"550\" title=\"-\" srcset=\"https:\/\/www.fotocasa.es\/fotocasa-life\/wp-content\/uploads\/2019\/06\/pueblos-1.jpg 980w, https:\/\/www.fotocasa.es\/fotocasa-life\/wp-content\/uploads\/2019\/06\/pueblos-1-300x168.jpg 300w, https:\/\/www.fotocasa.es\/fotocasa-life\/wp-content\/uploads\/2019\/06\/pueblos-1-150x84.jpg 150w, https:\/\/www.fotocasa.es\/fotocasa-life\/wp-content\/uploads\/2019\/06\/pueblos-1-768x431.jpg 768w\" sizes=\"auto, (max-width: 980px) 100vw, 980px\" \/><p id=\"caption-attachment-37847\" class=\"wp-caption-text\">Foto: Fotocasa<\/p><\/div>\n<h2>Preciosa casa en Cudillero (Asturias)<\/h2>\n<p>Echa un vistazo a esta hermosa vivienda ubicada a tan solo 900 metros de unos espectaculares acantilados y muy cercana a las mejores playas de la zona. <a href=\"https:\/\/www.fotocasa.es\/es\/comprar\/vivienda\/cudillero\/calefaccion-parking-jardin-terraza-trastero\/149305246\/d?RowGrid=10&amp;tti=1&amp;opi=300\" target=\"_blank\" rel=\"noopener noreferrer\">La casa es de una sola planta y tiene un encanto especial, tremendamente acogedora, elegante y desenfadada<\/a> en su decoraci\u00f3n que hacen de esta una propiedad tremendamente original.<\/p>\n<p><\/p>\n<div id=\"attachment_37846\" style=\"width: 990px\" class=\"wp-caption alignnone\"><img loading=\"lazy\" decoding=\"async\" aria-describedby=\"caption-attachment-37846\" class=\"size-full wp-image-37846\" src=\"https:\/\/www.fotocasa.es\/fotocasa-life\/wp-content\/uploads\/2019\/06\/pueblos-2.jpg\" alt=\"Los pueblos m\u00e1s bonitos de Espa\u00f1a\" width=\"980\" height=\"550\" title=\"-\" srcset=\"https:\/\/www.fotocasa.es\/fotocasa-life\/wp-content\/uploads\/2019\/06\/pueblos-2.jpg 980w, https:\/\/www.fotocasa.es\/fotocasa-life\/wp-content\/uploads\/2019\/06\/pueblos-2-300x168.jpg 300w, https:\/\/www.fotocasa.es\/fotocasa-life\/wp-content\/uploads\/2019\/06\/pueblos-2-150x84.jpg 150w, https:\/\/www.fotocasa.es\/fotocasa-life\/wp-content\/uploads\/2019\/06\/pueblos-2-768x431.jpg 768w\" sizes=\"auto, (max-width: 980px) 100vw, 980px\" \/><p id=\"caption-attachment-37846\" class=\"wp-caption-text\">Foto: Fotocasa<\/p><\/div>\n<h2>Un moderno apartamento en Pe\u00f1\u00edscola<\/h2>\n<p>Te presentamos este <a href=\"https:\/\/www.fotocasa.es\/es\/comprar\/vivienda\/peniscola-peniscola\/terraza-zona-comunitaria-amueblado-parking\/146425540\/d?RowGrid=5&amp;tti=1&amp;opi=300\" target=\"_blank\" rel=\"noopener noreferrer\">precioso apartamento situado en los bajos de una urbanizaci\u00f3n totalmente cerrada, con jard\u00edn y parking<\/a> comunitario. Se trata de un espacio muy amplio situado cerca de la playa y de la zona de Pe\u00f1ismar. Adem\u00e1s, este apartamento cuenta con una gran terraza de 38 m\u00b2.<\/p>\n<p><\/p>\n<div id=\"attachment_37848\" style=\"width: 990px\" class=\"wp-caption alignnone\"><img loading=\"lazy\" decoding=\"async\" aria-describedby=\"caption-attachment-37848\" class=\"size-full wp-image-37848\" src=\"https:\/\/www.fotocasa.es\/fotocasa-life\/wp-content\/uploads\/2019\/06\/pueblos-3.jpg\" alt=\"Los pueblos m\u00e1s bonitos de Espa\u00f1a\" width=\"980\" height=\"550\" title=\"-\" srcset=\"https:\/\/www.fotocasa.es\/fotocasa-life\/wp-content\/uploads\/2019\/06\/pueblos-3.jpg 980w, https:\/\/www.fotocasa.es\/fotocasa-life\/wp-content\/uploads\/2019\/06\/pueblos-3-300x168.jpg 300w, https:\/\/www.fotocasa.es\/fotocasa-life\/wp-content\/uploads\/2019\/06\/pueblos-3-150x84.jpg 150w, https:\/\/www.fotocasa.es\/fotocasa-life\/wp-content\/uploads\/2019\/06\/pueblos-3-768x431.jpg 768w\" sizes=\"auto, (max-width: 980px) 100vw, 980px\" \/><p id=\"caption-attachment-37848\" class=\"wp-caption-text\">Foto: Fotocasa<\/p><\/div>\n<h2>Chalet adosado en Moj\u00e1car (Almer\u00eda)<\/h2>\n<p><a href=\"https:\/\/www.fotocasa.es\/es\/comprar\/vivienda\/mojacar\/aire-acondicionado-calefaccion-parking-terraza-trastero-piscina-amueblado\/149913494\/d?RowGrid=5&amp;tti=1&amp;opi=300\" target=\"_blank\" rel=\"noopener noreferrer\">Moderno y cuidado pareado, totalmente amueblado y equipado, situado en la zona de El Palmeral<\/a>. Se trata de una zona muy pr\u00f3xima a supermercados, colegios y farmacias y a tan solo 250 metros de la playa. Por otra parte, su distribuci\u00f3n interior se basa en tres plantas construidas en primeras calidades. Estamos seguros de que te encantar\u00e1.<\/p>\n<p><\/p>\n<div id=\"attachment_37849\" style=\"width: 990px\" class=\"wp-caption alignnone\"><img loading=\"lazy\" decoding=\"async\" aria-describedby=\"caption-attachment-37849\" class=\"size-full wp-image-37849\" src=\"https:\/\/www.fotocasa.es\/fotocasa-life\/wp-content\/uploads\/2019\/06\/pueblos-4.jpg\" alt=\"Chalet en Almer\u00eda\" width=\"980\" height=\"550\" title=\"-\" srcset=\"https:\/\/www.fotocasa.es\/fotocasa-life\/wp-content\/uploads\/2019\/06\/pueblos-4.jpg 980w, https:\/\/www.fotocasa.es\/fotocasa-life\/wp-content\/uploads\/2019\/06\/pueblos-4-300x168.jpg 300w, https:\/\/www.fotocasa.es\/fotocasa-life\/wp-content\/uploads\/2019\/06\/pueblos-4-150x84.jpg 150w, https:\/\/www.fotocasa.es\/fotocasa-life\/wp-content\/uploads\/2019\/06\/pueblos-4-768x431.jpg 768w\" sizes=\"auto, (max-width: 980px) 100vw, 980px\" \/><p id=\"caption-attachment-37849\" class=\"wp-caption-text\">Foto: Fotocasa<\/p><\/div>\n<h2>Vivienda de estilo monta\u00f1\u00e9s en Santillana del Mar<\/h2>\n<p><a href=\"https:\/\/www.fotocasa.es\/es\/comprar\/vivienda\/santillana-del-mar\/calefaccion-parking-jardin-terraza-trastero-amueblado\/150545374\/d?RowGrid=1&amp;tti=1&amp;opi=300\" target=\"_blank\" rel=\"noopener noreferrer\">Chalet independiente de estilo monta\u00f1\u00e9s de reciente construcci\u00f3n<\/a>. Se encuentra situado a 500 metros de la playa de Santa Justa (Ubiarco) y a escasos kil\u00f3metros de las playas de Suances. Se trata de una ubicaci\u00f3n inmejorable para disfrutar tanto de la playa y de la pr\u00e1ctica de surf, como del ciclismo o senderismo.<\/p>\n<p><\/p>\n<div id=\"attachment_37850\" style=\"width: 990px\" class=\"wp-caption alignnone\"><img loading=\"lazy\" decoding=\"async\" aria-describedby=\"caption-attachment-37850\" class=\"size-full wp-image-37850\" src=\"https:\/\/www.fotocasa.es\/fotocasa-life\/wp-content\/uploads\/2019\/06\/pueblos-5.jpg\" alt=\"Vivienda de estilo monta\u00f1\u00e9s\" width=\"980\" height=\"550\" title=\"-\" srcset=\"https:\/\/www.fotocasa.es\/fotocasa-life\/wp-content\/uploads\/2019\/06\/pueblos-5.jpg 980w, https:\/\/www.fotocasa.es\/fotocasa-life\/wp-content\/uploads\/2019\/06\/pueblos-5-300x168.jpg 300w, https:\/\/www.fotocasa.es\/fotocasa-life\/wp-content\/uploads\/2019\/06\/pueblos-5-150x84.jpg 150w, https:\/\/www.fotocasa.es\/fotocasa-life\/wp-content\/uploads\/2019\/06\/pueblos-5-768x431.jpg 768w\" sizes=\"auto, (max-width: 980px) 100vw, 980px\" \/><p id=\"caption-attachment-37850\" class=\"wp-caption-text\">Foto: Fotocasa<\/p><\/div>\n<h2>Mira qu\u00e9 decoraci\u00f3n m\u00e1s chula<\/h2>\n<p>Situado en un pueblo tan bonito como es Sig\u00fcenza, te presentamos este <a href=\"https:\/\/www.fotocasa.es\/es\/comprar\/vivienda\/siguenza\/calefaccion-parking-terraza-zona-comunitaria-amueblado-television\/147922753\/d?RowGrid=5&amp;tti=1&amp;opi=300\" target=\"_blank\" rel=\"noopener noreferrer\">hermoso piso de tres habitaciones, ba\u00f1o completo y cocina totalmente equipada<\/a> que se reparten a lo largo de los 70 m\u00b2 que tiene de superficie. \u00bfHas visto ya la decoraci\u00f3n tan alegre que posee el interior?<\/p>\n<p><\/p>\n<div id=\"attachment_37851\" style=\"width: 990px\" class=\"wp-caption alignnone\"><img loading=\"lazy\" decoding=\"async\" aria-describedby=\"caption-attachment-37851\" class=\"size-full wp-image-37851\" src=\"https:\/\/www.fotocasa.es\/fotocasa-life\/wp-content\/uploads\/2019\/06\/pueblos-6.jpg\" alt=\"Decoraci\u00f3n muy chula\" width=\"980\" height=\"550\" title=\"-\" srcset=\"https:\/\/www.fotocasa.es\/fotocasa-life\/wp-content\/uploads\/2019\/06\/pueblos-6.jpg 980w, https:\/\/www.fotocasa.es\/fotocasa-life\/wp-content\/uploads\/2019\/06\/pueblos-6-300x168.jpg 300w, https:\/\/www.fotocasa.es\/fotocasa-life\/wp-content\/uploads\/2019\/06\/pueblos-6-150x84.jpg 150w, https:\/\/www.fotocasa.es\/fotocasa-life\/wp-content\/uploads\/2019\/06\/pueblos-6-768x431.jpg 768w\" sizes=\"auto, (max-width: 980px) 100vw, 980px\" \/><p id=\"caption-attachment-37851\" class=\"wp-caption-text\">Foto: Fotocasa<\/p><\/div>\n<p><\/p>\n","protected":false},"excerpt":{"rendered":"<p>Espa\u00f1a es un pa\u00eds repleto de lugares maravillosos entre los que destacan especialmente sus hermosos pueblos. Los hay de todos los tipos: medievales, de monta\u00f1a, marineros, \u2026 \u00bfCu\u00e1ntos lugares con encanto conoces en nuestra geograf\u00eda? Si est\u00e1s pensando en irte a vivir a uno de los pueblos m\u00e1s bonitos de Espa\u00f1a, no dudes en descubrir&#8230;<\/p>\n","protected":false},"author":3,"featured_media":37846,"comment_status":"open","ping_status":"closed","sticky":false,"template":"","format":"standard","meta":{"_lmt_disableupdate":"yes","_lmt_disable":"","footnotes":""},"categories":[2697],"tags":[2817,2816,296,2818],"class_list":["post-37843","post","type-post","status-publish","format-standard","has-post-thumbnail","hentry","category-inspiracion","tag-casas-de-pueblo","tag-casas-rurales","tag-fincas-rusticas","tag-pueblos-bonitos"],"modified_by":null,"_links":{"self":[{"href":"https:\/\/www.fotocasa.es\/fotocasa-life\/wp-json\/wp\/v2\/posts\/37843","targetHints":{"allow":["GET"]}}],"collection":[{"href":"https:\/\/www.fotocasa.es\/fotocasa-life\/wp-json\/wp\/v2\/posts"}],"about":[{"href":"https:\/\/www.fotocasa.es\/fotocasa-life\/wp-json\/wp\/v2\/types\/post"}],"author":[{"embeddable":true,"href":"https:\/\/www.fotocasa.es\/fotocasa-life\/wp-json\/wp\/v2\/users\/3"}],"replies":[{"embeddable":true,"href":"https:\/\/www.fotocasa.es\/fotocasa-life\/wp-json\/wp\/v2\/comments?post=37843"}],"version-history":[{"count":0,"href":"https:\/\/www.fotocasa.es\/fotocasa-life\/wp-json\/wp\/v2\/posts\/37843\/revisions"}],"wp:featuredmedia":[{"embeddable":true,"href":"https:\/\/www.fotocasa.es\/fotocasa-life\/wp-json\/wp\/v2\/media\/37846"}],"wp:attachment":[{"href":"https:\/\/www.fotocasa.es\/fotocasa-life\/wp-json\/wp\/v2\/media?parent=37843"}],"wp:term":[{"taxonomy":"category","embeddable":true,"href":"https:\/\/www.fotocasa.es\/fotocasa-life\/wp-json\/wp\/v2\/categories?post=37843"},{"taxonomy":"post_tag","embeddable":true,"href":"https:\/\/www.fotocasa.es\/fotocasa-life\/wp-json\/wp\/v2\/tags?post=37843"}],"curies":[{"name":"wp","href":"https:\/\/api.w.org\/{rel}","templated":true}]}}