{"id":37823,"date":"2019-06-04T13:30:32","date_gmt":"2019-06-04T12:30:32","guid":{"rendered":"https:\/\/blog-fotocasa-admin.wpsites-scmspain.com\/blog\/?p=37823"},"modified":"2019-06-05T11:12:59","modified_gmt":"2019-06-05T10:12:59","slug":"la-afiliacion-a-la-seguridad-social-sube-en-211-752-personas","status":"publish","type":"post","link":"https:\/\/www.fotocasa.es\/fotocasa-life\/hipotecas-finanzas\/la-afiliacion-a-la-seguridad-social-sube-en-211-752-personas\/","title":{"rendered":"La afiliaci\u00f3n a la Seguridad Social sube en 211.752 personas"},"content":{"rendered":"<p>La Seguridad Social <strong>cerr\u00f3 mayo con un aumento medio de 211.752 afiliados<\/strong> (+1,1%), por debajo de los ascensos logrados en los meses de mayo de 2018 y 2017, seg\u00fan ha informado este martes el Ministerio de Trabajo, Migraciones y Seguridad Social.<\/p>\n<p>Con el repunte registrado en el quinto mes del a\u00f1o, <strong>el total de ocupados se situ\u00f3 en 19.442.113 afiliados<\/strong>, la cifra m\u00e1s alta en un mes de mayo y el segundo mejor registro hist\u00f3rico en cualquier mes, s\u00f3lo superado por julio de 2017 (19.493.050 cotizantes).<\/p>\n<p><strong>Como es habitual en mayo y durante los meses de verano<\/strong>, la hosteler\u00eda ha sido el sector que m\u00e1s han empujado la afiliaci\u00f3n, al sumar 76.591 ocupados (+5,7%), seguido de las actividades administrativas, que ganaron 23.157 afiliados (+1,8%).<\/p>\n<p>Todos los sectores <strong>ganaron ocupados en mayo menos las actividades financieras<\/strong>, que perdieron 120 afiliados (-0,04%). Tras hosteler\u00eda y actividades administrativas destacan tambi\u00e9n los aumentos logrados en actividades sanitarias (+16.193 afiliados, +1%); comercio (+12.528 ocupados, +0,5%), y la industria manufacturera (+8.541 cotizantes, +0,4%).<\/p>\n<p>En el sistema especial agrario <strong>se ganaron 25.894 afiliados en mayo<\/strong> (+3,3%), mientras que en el sistema especial del hogar se perdieron 1.140 cotizantes (-0,3%). En valores interanuales, la afiliaci\u00f3n ha crecido en 526.446 cotizantes desde mayo de 2018 (+2,8%).<\/p>\n<p>El R\u00e9gimen General, el m\u00e1s mayoritario del sistema, <strong>gan\u00f3 200.386 afiliados en mayo<\/strong> en relaci\u00f3n al mes anterior (+1,3%), hasta totalizar 16.097.438 ocupados, la cifra m\u00e1s alta de la serie hist\u00f3rica.<\/p>\n<p>Por su parte, <strong>el R\u00e9gimen de Aut\u00f3nomos registr\u00f3 11.114 cotizantes m\u00e1s<\/strong> (+0,3%), hasta sumar 3.277.855 afiliados. Por su parte, el R\u00e9gimen del Mar gan\u00f3 272 ocupados (+0,4%) y el del Carb\u00f3n perdi\u00f3 21 afiliados (-1,3%).<\/p>\n<p>Seg\u00fan los datos del Ministerio, <strong>las Administraciones P\u00fablicas ganaron 101.413 cotizantes de media<\/strong> el pasado mes de abril (\u00faltimo dato disponible) en relaci\u00f3n al mismo mes de 2018 (+4,2%), especialmente la Administraci\u00f3n Auton\u00f3mica (70.771 nuevos afiliados, +5%), seguida de la Estatal (+18.237, +5,7%) y de la Local (+12.405, +1,8%).<\/p>\n<h2 class=\"ladillo\">R\u00e9cord de mujeres afiliadas: 9 millones<\/h2>\n<p><strong>La afiliaci\u00f3n subi\u00f3 en mayo en ambos sexos,<\/strong> aunque algo m\u00e1s entre los hombres. As\u00ed, el n\u00famero de afiliados se increment\u00f3 en 107.335 cotizantes respecto a abril (+1,04%) mientras que el de mujeres creci\u00f3 en 104.416 ocupadas (+1,1%). De este modo, al finalizar mayo, el total de mujeres afiliadas super\u00f3 por primera vez los 9 millones, con 9.043.749 ocupadas, y el de varones, en 10.398.364, con avances interanuales del 3,09% y del 2,5%, respectivamente.<\/p>\n<p>Por su parte, <strong>el n\u00famero de afiliados extranjeros aument\u00f3 en 68.749 cotizantes<\/strong> en el quinto mes del a\u00f1o (+3,3%), de forma que los inmigrantes representaron uno de cada tres nuevos cotizantes registrados en mayo.<\/p>\n<p>El total de inmigrantes ocupados cerr\u00f3 mayo con <strong>2.155.149 ocupados extranjeros<\/strong>, de los que 1.811.029 cotizan en el R\u00e9gimen General; 339.376 en Aut\u00f3nomos; 4.682 en el R\u00e9gimen del Mar, y 61 en el del Carb\u00f3n.<\/p>\n<p><strong>La afiliaci\u00f3n subi\u00f3 en mayo en todas las comunidades aut\u00f3nomas menos en Canarias<\/strong>, donde baj\u00f3 en 478 cotizantes (-0,06%). Los mayores ascensos en valores absolutos correspondieron a Baleares (+52.528 afiliados), Catalu\u00f1a (+35.933 cotizantes) y Andaluc\u00eda (+31.342 ocupados).<\/p>\n<p>En t\u00e9rminos interanuales,<strong> la ocupaci\u00f3n se increment\u00f3 en mayo en todas las regiones<\/strong>, especialmente en Madrid (+109.323 cotizantes), Andaluc\u00eda (+98.348), Catalu\u00f1a (+85.939) y Comunidad Valenciana (+62.776).<\/p>\n","protected":false},"excerpt":{"rendered":"<p>La Seguridad Social cerr\u00f3 mayo con un aumento medio de 211.752 afiliados (+1,1%), por debajo de los ascensos logrados en los meses de mayo de 2018 y 2017.<\/p>\n","protected":false},"author":78,"featured_media":36046,"comment_status":"open","ping_status":"closed","sticky":false,"template":"","format":"standard","meta":{"_lmt_disableupdate":"yes","_lmt_disable":"","footnotes":""},"categories":[6],"tags":[326],"class_list":["post-37823","post","type-post","status-publish","format-standard","has-post-thumbnail","hentry","category-hipotecas-finanzas","tag-paro"],"modified_by":null,"_links":{"self":[{"href":"https:\/\/www.fotocasa.es\/fotocasa-life\/wp-json\/wp\/v2\/posts\/37823","targetHints":{"allow":["GET"]}}],"collection":[{"href":"https:\/\/www.fotocasa.es\/fotocasa-life\/wp-json\/wp\/v2\/posts"}],"about":[{"href":"https:\/\/www.fotocasa.es\/fotocasa-life\/wp-json\/wp\/v2\/types\/post"}],"author":[{"embeddable":true,"href":"https:\/\/www.fotocasa.es\/fotocasa-life\/wp-json\/wp\/v2\/users\/78"}],"replies":[{"embeddable":true,"href":"https:\/\/www.fotocasa.es\/fotocasa-life\/wp-json\/wp\/v2\/comments?post=37823"}],"version-history":[{"count":0,"href":"https:\/\/www.fotocasa.es\/fotocasa-life\/wp-json\/wp\/v2\/posts\/37823\/revisions"}],"wp:featuredmedia":[{"embeddable":true,"href":"https:\/\/www.fotocasa.es\/fotocasa-life\/wp-json\/wp\/v2\/media\/36046"}],"wp:attachment":[{"href":"https:\/\/www.fotocasa.es\/fotocasa-life\/wp-json\/wp\/v2\/media?parent=37823"}],"wp:term":[{"taxonomy":"category","embeddable":true,"href":"https:\/\/www.fotocasa.es\/fotocasa-life\/wp-json\/wp\/v2\/categories?post=37823"},{"taxonomy":"post_tag","embeddable":true,"href":"https:\/\/www.fotocasa.es\/fotocasa-life\/wp-json\/wp\/v2\/tags?post=37823"}],"curies":[{"name":"wp","href":"https:\/\/api.w.org\/{rel}","templated":true}]}}