{"id":37821,"date":"2019-06-04T10:00:03","date_gmt":"2019-06-04T09:00:03","guid":{"rendered":"https:\/\/blog-fotocasa-admin.wpsites-scmspain.com\/blog\/?p=37821"},"modified":"2020-11-27T13:20:28","modified_gmt":"2020-11-27T12:20:28","slug":"el-paro-cae-en-84-075-personas-en-mayo-su-nivel-mas-bajo-en-diez-anos","status":"publish","type":"post","link":"https:\/\/www.fotocasa.es\/fotocasa-life\/hipotecas-finanzas\/el-paro-cae-en-84-075-personas-en-mayo-su-nivel-mas-bajo-en-diez-anos\/","title":{"rendered":"El paro cae en 84.075 personas en mayo: su nivel m\u00e1s bajo en diez a\u00f1os"},"content":{"rendered":"<p>El n\u00famero de parados registrados en las oficinas de los servicios p\u00fablicos de empleo <strong>baj\u00f3 en 84.075 desempleados en mayo (-2,6%),<\/strong> superando por poco el retroceso que experiment\u00f3 en el mismo mes de 2018, cuando disminuy\u00f3 en 83.738 personas.<\/p>\n<p>Tras el descenso de mayo, <strong>el volumen total de parados se situ\u00f3 en 3.079.491 desempleados<\/strong>, su nivel m\u00e1s bajo en este mes en los \u00faltimos diez a\u00f1os.<\/p>\n<p>En t\u00e9rminos desestacionalizados, <strong>el paro baj\u00f3 en el quinto mes del a\u00f1o en 20.073 personas<\/strong>, seg\u00fan ha informado este martes el Ministerio de Trabajo, Migraciones y Seguridad Social.<\/p>\n<p>El sector servicios fue el que m\u00e1s recort\u00f3 el n\u00famero de parados en mayo, con un <strong>descenso de 54.762 desempleados<\/strong> (-2,5%), seguido de la construcci\u00f3n (-9.040 parados, -3,4%); la industria (-8.085 desempleados, -2,9%); la agricultura (-7.864 parados, -5,2%) y el colectivo sin empleo anterior (-4.324 parados, -1,5%).<\/p>\n<p>Dentro de la serie hist\u00f3rica de mayo, que se inicia en 1996, <strong>el paro ha bajado siempre en este mes salvo en 2008<\/strong>, cuando subi\u00f3 en algo m\u00e1s de 15.000 desempleados. El descenso de este a\u00f1o es ligeramente superior al experimentado en mayo del a\u00f1o pasado, pero inferior a los registrados en los meses de mayo del periodo 2012-2017.<\/p>\n<p>En el \u00faltimo a\u00f1o, el paro se ha reducido en 172.639 personas, a un ritmo interanual del 5,3%.<\/p>\n<h2 class=\"ladillo\">Baja m\u00e1s en varones y en todas las comunidades<\/h2>\n<p><strong>El paro retrocedi\u00f3 en mayo en ambos sexos<\/strong>, aunque m\u00e1s entre los hombres, con 47.896 desempleados menos (-3,7%), frente a un descenso del desempleo femenino de 36.179 mujeres (-1,9%). As\u00ed, al finalizar mayo, el n\u00famero de mujeres en paro se situ\u00f3 en 1.828.679 y el de varones, en 1.250.812.<\/p>\n<p>Por edades, <strong>el desempleo entre los j\u00f3venes menores de 25 a\u00f1os baj\u00f3 un 4,5% en mayo<\/strong> en relaci\u00f3n al mes anterior, con 11.287 parados menos, mientras que el paro de las personas con 25 a\u00f1os y m\u00e1s disminuy\u00f3 en 72.788 desempleados (-2,5%).<\/p>\n<p><strong>El paro baj\u00f3 en mayo en todas las comunidades aut\u00f3nomas<\/strong>. Los mayores retrocesos se registraron en Andaluc\u00eda (-17.981 parados), Catalu\u00f1a (-10.507 desempleados) y Comunidad Valenciana (-8.744 desempleados).<\/p>\n<p>Por provincias, <strong>el paro se redujo en 49 de ellas<\/strong>, encabezadas por Madrid (-6.600 desempleados), Baleares (-5.833 parados) y Barcelona (-5.647 parados), y subi\u00f3 en tres, principalmente en Almer\u00eda (+1.807 parados) y Huelva (+895 desempleados).<\/p>\n<p>Entre los extranjeros,<strong> el desempleo baj\u00f3 en 14.243 personas en mayo<\/strong> en relaci\u00f3n al mes anterior (-3,7%), hasta un total de 373.310 parados. En t\u00e9rminos interanuales, son 15.072 parados menos (-3,9%) que en mayo de 2018.<\/p>\n<h2>Cae la contrataci\u00f3n indefinida<\/h2>\n<p>En cuanto a la contrataci\u00f3n, <strong>en el quinto mes del a\u00f1o se realizaron 2.075.741 contratos<\/strong>, un 0,8% m\u00e1s que en mayo de 2018, de los que 184.161 fueron contratos indefinidos, el 8,9% del total, con un descenso del 7,9% respecto al mismo mes del a\u00f1o pasado.<\/p>\n<p>Del total de contratos indefinidos realizados en mayo, <strong>los contratos a tiempo completo sumaron 106.602<\/strong>, un 6,6% menos que en igual mes de 2018, en tanto que los contratos indefinidos a tiempo parcial totalizaron 77.559, con un retroceso interanual del 9,7%.<\/p>\n<p><strong>En mayo se efectuaron m\u00e1s de 1,8 millones de contratos temporales<\/strong>, de los que el 26,2% eran de obra o servicio con jornada a tiempo completo y el 28,5%, eventuales por circunstancias de la producci\u00f3n, tambi\u00e9n a jornada completa. Los contratos temporales a tiempo parcial representaron el 31,4%.<\/p>\n","protected":false},"excerpt":{"rendered":"<p>El n\u00famero de parados baj\u00f3 en 84.075 desempleados en mayo (-2,6%), superando el retroceso que experiment\u00f3 en el mismo mes de 2018.<\/p>\n","protected":false},"author":78,"featured_media":34769,"comment_status":"open","ping_status":"closed","sticky":false,"template":"","format":"standard","meta":{"_lmt_disableupdate":"yes","_lmt_disable":"","footnotes":""},"categories":[6],"tags":[326],"class_list":["post-37821","post","type-post","status-publish","format-standard","has-post-thumbnail","hentry","category-hipotecas-finanzas","tag-paro"],"modified_by":"fotocasa","_links":{"self":[{"href":"https:\/\/www.fotocasa.es\/fotocasa-life\/wp-json\/wp\/v2\/posts\/37821","targetHints":{"allow":["GET"]}}],"collection":[{"href":"https:\/\/www.fotocasa.es\/fotocasa-life\/wp-json\/wp\/v2\/posts"}],"about":[{"href":"https:\/\/www.fotocasa.es\/fotocasa-life\/wp-json\/wp\/v2\/types\/post"}],"author":[{"embeddable":true,"href":"https:\/\/www.fotocasa.es\/fotocasa-life\/wp-json\/wp\/v2\/users\/78"}],"replies":[{"embeddable":true,"href":"https:\/\/www.fotocasa.es\/fotocasa-life\/wp-json\/wp\/v2\/comments?post=37821"}],"version-history":[{"count":0,"href":"https:\/\/www.fotocasa.es\/fotocasa-life\/wp-json\/wp\/v2\/posts\/37821\/revisions"}],"wp:featuredmedia":[{"embeddable":true,"href":"https:\/\/www.fotocasa.es\/fotocasa-life\/wp-json\/wp\/v2\/media\/34769"}],"wp:attachment":[{"href":"https:\/\/www.fotocasa.es\/fotocasa-life\/wp-json\/wp\/v2\/media?parent=37821"}],"wp:term":[{"taxonomy":"category","embeddable":true,"href":"https:\/\/www.fotocasa.es\/fotocasa-life\/wp-json\/wp\/v2\/categories?post=37821"},{"taxonomy":"post_tag","embeddable":true,"href":"https:\/\/www.fotocasa.es\/fotocasa-life\/wp-json\/wp\/v2\/tags?post=37821"}],"curies":[{"name":"wp","href":"https:\/\/api.w.org\/{rel}","templated":true}]}}