{"id":37387,"date":"2019-05-23T12:06:04","date_gmt":"2019-05-23T11:06:04","guid":{"rendered":"https:\/\/blog-fotocasa-admin.wpsites-scmspain.com\/blog\/?p=37387"},"modified":"2020-11-27T13:20:46","modified_gmt":"2020-11-27T12:20:46","slug":"mas-de-la-mitad-de-espanoles-creen-que-no-cobraran-pension","status":"publish","type":"post","link":"https:\/\/www.fotocasa.es\/fotocasa-life\/hipotecas-finanzas\/mas-de-la-mitad-de-espanoles-creen-que-no-cobraran-pension\/","title":{"rendered":"M\u00e1s de la mitad de espa\u00f1oles creen que no cobrar\u00e1n pensi\u00f3n"},"content":{"rendered":"<p><strong>El 57% de los espa\u00f1oles cree que no va a cobrar una pensi\u00f3n cuando se jubile<\/strong>, una cifra que se eleva hasta el 68% en el caso del colectivo de entre 25 y 34 a\u00f1os, seg\u00fan los datos del Observatorio sobre nuevas tendencias de consumo de los espa\u00f1oles, elaborado por el comparador financiero de Rastreator.com.<\/p>\n<p>El futuro de las pensiones es uno de los temas que <strong>m\u00e1s inquietud suscita en Espa\u00f1a,<\/strong> concretamente nueve de cada diez espa\u00f1oles afirma estar preocupado por este tema y sobre la situaci\u00f3n actual de los jubilados.<\/p>\n<p><strong>En Espa\u00f1a hay actualmente 8,81 millones de pensionista<\/strong>s -1,1 mill\u00f3n m\u00e1s que hace 10 a\u00f1os- y la pensi\u00f3n media se sit\u00faa en los 1.135 euros mensuales, un 5% m\u00e1s que hace un a\u00f1o, seg\u00fan datos del Ministerio de Trabajo, Migraciones y Seguridad Social. Sin embargo, la pensi\u00f3n que recibe el 52% de los jubilados se encuentra por debajo del Salario M\u00ednimo Interprofesional (SMI), fijado en 900 euros mensuales.<\/p>\n<h2>Tan solo el 27% de los espa\u00f1oles tienen plan de pensiones<\/h2>\n<p>A pesar de que cerca de seis de cada diez espa\u00f1oles cree que no recibir\u00e1 una pensi\u00f3n cuando llegue el momento de jubilarse, <strong>solo el 27% de los espa\u00f1oles afirma disponer un plan de pensiones<\/strong>.<\/p>\n<p>\u00abPese a la generalizada preocupaci\u00f3n por la situaci\u00f3n actual y futura de las pensiones, lo cierto es que <strong>a\u00fan son pocos los espa\u00f1oles que cuentan con una opci\u00f3n privada para complementar su pensi\u00f3n<\/strong>. Entre los espa\u00f1oles que a\u00fan no lo han contratado, un 30% afirma que no lo hace porque no puede permit\u00edrselo\u00bb, ha explicado la responsable de Finanzas de Rastreator.com, Luciana Blasco.<\/p>\n<p>Sin embargo, seg\u00fan a\u00f1ade, el 23% de las personas que actualmente no cuenta con un plan de pensiones <strong>s\u00ed se plantea contratarlo en un futuro<\/strong> y s\u00f3lo un 20% del conjunto de los espa\u00f1oles no ve necesario contar con este tipo de productos.<\/p>\n<p>Los usuarios que m\u00e1s optan por estos productos <strong>son aquellos que se encuentran entre los 55 y 65 a\u00f1os<\/strong>, que representan casi el 36% de las contrataciones. El colectivo m\u00e1s preocupado por el futuro de las pensiones son los espa\u00f1oles entre 25 y 34 a\u00f1os -un 68,5% de ellos cree que no recibir\u00e1 pensi\u00f3n cuando se jubile-, seguido de los de entre 35 y 44 a\u00f1os (lo piensa un 66,9%).<\/p>\n<h2>Los m\u00e1s j\u00f3venes todav\u00eda ven muy lejana la jubilaci\u00f3n<\/h2>\n<p>Los m\u00e1s j\u00f3venes, aunque tambi\u00e9n se muestran preocupados por esta cuesti\u00f3n, son el colectivo con menor porcentaje de contrataciones y <strong>solo un 8,8% de los espa\u00f1oles de entre 18 y 24 a\u00f1os ha contratado ya un producto de este tipo<\/strong>. Sin embargo, llama la atenci\u00f3n que, seg\u00fan el estudio de Rastreator.com, el 74% de las personas que tienen actualmente un plan de pensiones lo contrataron antes de los 40 a\u00f1os.<\/p>\n<p>\u00abEl 23,6% de los j\u00f3venes encuestados no considera necesario tener un plan de pensiones, algo normal si tenemos en cuenta que muchos de ellos <strong>ven a\u00fan muy lejano el momento de su jubilaci\u00f3n<\/strong>. Sin embargo, es importante concienciar sobre la importancia del ahorro para el futuro y sobre c\u00f3mo encontrar los productos que se adapten mejor a cada perfil. Actualmente existen diferentes alternativas en el mercado con distintas rentabilidades, plazos o primas y es necesario analizar bien sus condiciones antes de contratar un producto de ahorro\u00bb, ha se\u00f1alado la responsable de Finanzas de Rastreator.com.<\/p>\n<h2 class=\"ladillo\">Los planes de pensiones, por comunidades<\/h2>\n<p>Por comunidades aut\u00f3nomas, La Rioja, con m\u00e1s del 38%, lidera el ranking<strong> donde m\u00e1s se contratan planes de pensiones<\/strong>, seguida por Navarra (37%) y Cantabria (32%).<\/p>\n<p>Por otro lado, Murcia (16%), Andaluc\u00eda (19%) y Castilla y Le\u00f3n (23%) son las <strong>comunidades donde menos habitantes cuentan con un plan de pensiones privado<\/strong>.<\/p>\n","protected":false},"excerpt":{"rendered":"<p>El 57% de los espa\u00f1oles cree que no va a cobrar una pensi\u00f3n cuando se jubile, seg\u00fan un estudio publicado por el comparador Rastreator.<\/p>\n","protected":false},"author":37,"featured_media":34603,"comment_status":"open","ping_status":"closed","sticky":false,"template":"","format":"standard","meta":{"_lmt_disableupdate":"yes","_lmt_disable":"","footnotes":""},"categories":[6],"tags":[1018,1763],"class_list":["post-37387","post","type-post","status-publish","format-standard","has-post-thumbnail","hentry","category-hipotecas-finanzas","tag-jubilacion","tag-plan-de-pensiones"],"modified_by":"fotocasa","_links":{"self":[{"href":"https:\/\/www.fotocasa.es\/fotocasa-life\/wp-json\/wp\/v2\/posts\/37387","targetHints":{"allow":["GET"]}}],"collection":[{"href":"https:\/\/www.fotocasa.es\/fotocasa-life\/wp-json\/wp\/v2\/posts"}],"about":[{"href":"https:\/\/www.fotocasa.es\/fotocasa-life\/wp-json\/wp\/v2\/types\/post"}],"author":[{"embeddable":true,"href":"https:\/\/www.fotocasa.es\/fotocasa-life\/wp-json\/wp\/v2\/users\/37"}],"replies":[{"embeddable":true,"href":"https:\/\/www.fotocasa.es\/fotocasa-life\/wp-json\/wp\/v2\/comments?post=37387"}],"version-history":[{"count":0,"href":"https:\/\/www.fotocasa.es\/fotocasa-life\/wp-json\/wp\/v2\/posts\/37387\/revisions"}],"wp:featuredmedia":[{"embeddable":true,"href":"https:\/\/www.fotocasa.es\/fotocasa-life\/wp-json\/wp\/v2\/media\/34603"}],"wp:attachment":[{"href":"https:\/\/www.fotocasa.es\/fotocasa-life\/wp-json\/wp\/v2\/media?parent=37387"}],"wp:term":[{"taxonomy":"category","embeddable":true,"href":"https:\/\/www.fotocasa.es\/fotocasa-life\/wp-json\/wp\/v2\/categories?post=37387"},{"taxonomy":"post_tag","embeddable":true,"href":"https:\/\/www.fotocasa.es\/fotocasa-life\/wp-json\/wp\/v2\/tags?post=37387"}],"curies":[{"name":"wp","href":"https:\/\/api.w.org\/{rel}","templated":true}]}}