{"id":37056,"date":"2019-05-07T10:04:52","date_gmt":"2019-05-07T09:04:52","guid":{"rendered":"https:\/\/blog-fotocasa-admin.wpsites-scmspain.com\/blog\/?p=37056"},"modified":"2020-11-27T13:21:13","modified_gmt":"2020-11-27T12:21:13","slug":"reduce-capacidad-ahorrar-espanoles","status":"publish","type":"post","link":"https:\/\/www.fotocasa.es\/fotocasa-life\/hipotecas-finanzas\/reduce-capacidad-ahorrar-espanoles\/","title":{"rendered":"Se reduce la capacidad de ahorrar de los espa\u00f1oles"},"content":{"rendered":"<p><strong>La capacidad para ahorrar de los espa\u00f1oles ha descendido cuatro puntos porcentuales<\/strong> en los \u00faltimos tres meses, al pasar de un 50,4% de espa\u00f1oles que declaraba ahorrar en febrero al 46,3% que dice poder hacerlo ahora, seg\u00fan el \u00faltimo Observatorio de Cetelem.<\/p>\n<p>No obstante, respecto al mismo mes del a\u00f1o pasado, <strong>el n\u00famero de espa\u00f1oles que puede ahorrar ha aumentado tres puntos porcentuales<\/strong>, ya que en abril de 2018 solo un 43,3% de los ciudadanos declaraba poder ahorrar algo de dinero.<\/p>\n<p>Al mismo tiempo, la intenci\u00f3n de seguir ahorrando ha aumentado una d\u00e9cima en el \u00faltimo mes y casi cuatro puntos porcentuales en el \u00faltimo a\u00f1o, <strong>con un 40,2% de consumidores manifestando ahora su intenci\u00f3n de ahorrar<\/strong> en los pr\u00f3ximos meses.<\/p>\n<p>En cuanto a la <strong>percepci\u00f3n que tienen los espa\u00f1oles de su situaci\u00f3n econ\u00f3mica personal<\/strong>, esta ha aumentado cerca de dos d\u00e9cimas en el \u00faltimo mes, al otorgarle de media una nota de 6,47 puntos, por encima de la que otorgan a la situaci\u00f3n econ\u00f3mica general del pa\u00eds, que es de 5,55 puntos.<\/p>\n<p>En t\u00e9rminos anuales,<strong> la nota de la situaci\u00f3n general ha aumentado en 0,43 puntos<\/strong>, mientras que la situaci\u00f3n personal lo ha hecho en 0,29 puntos. No obstante, crece el n\u00famero de espa\u00f1oles que opina que la situaci\u00f3n general ir\u00e1 a peor en los pr\u00f3ximos doce meses, hasta el 24,1% que manifiesta ahora esta tendencia.<\/p>\n<h2 class=\"ladillo\">Intenci\u00f3n de compra<\/h2>\n<p>Respecto a las tendencias de compra, el &#8216;top 5&#8217; <strong>para los pr\u00f3ximos tres meses son los viajes<\/strong>, con un 25%; seguido por tecnolog\u00eda e inform\u00e1tica, con un 16,9%; servicios dentales, con un 14,8%; muebles y complementos, con un 14,1%; y &#8216;smartphones&#8217;, con un 13,6%.<\/p>\n<p>Por canales, en el &#8216;online&#8217; <strong>destacan los viajes, sector que alcanza el 15,4% de intenci\u00f3n de compra<\/strong> para los pr\u00f3ximos tres meses; tecnolog\u00eda e inform\u00e1tica, con un 9,3%; &#8216;smartphones&#8217;, con un 5,1%; muebles y complementos, que alcanza un 4,2%, y textil y deportes, tambi\u00e9n con el 4,2%.<\/p>\n<p><strong>En el canal &#8216;offline&#8217; destacan los servicios dentales<\/strong>, con un porcentaje de intenci\u00f3n de compra del 14,3%; muebles y complementos, con un 9,9%; viajes, con un 9,6%; textil y deportes, con un 9,4% y tratamientos de belleza, con un 8,7%.<\/p>\n","protected":false},"excerpt":{"rendered":"<p>La capacidad para ahorrar de los espa\u00f1oles ha descendido hasta cuatro puntos porcentuales en los \u00faltimos tres meses, seg\u00fan el Observatorio de Cetelem.<\/p>\n","protected":false},"author":78,"featured_media":35086,"comment_status":"open","ping_status":"closed","sticky":false,"template":"","format":"standard","meta":{"_lmt_disableupdate":"yes","_lmt_disable":"","footnotes":""},"categories":[6],"tags":[15,2615],"class_list":["post-37056","post","type-post","status-publish","format-standard","has-post-thumbnail","hentry","category-hipotecas-finanzas","tag-ahorro","tag-compra"],"modified_by":"fotocasa","_links":{"self":[{"href":"https:\/\/www.fotocasa.es\/fotocasa-life\/wp-json\/wp\/v2\/posts\/37056","targetHints":{"allow":["GET"]}}],"collection":[{"href":"https:\/\/www.fotocasa.es\/fotocasa-life\/wp-json\/wp\/v2\/posts"}],"about":[{"href":"https:\/\/www.fotocasa.es\/fotocasa-life\/wp-json\/wp\/v2\/types\/post"}],"author":[{"embeddable":true,"href":"https:\/\/www.fotocasa.es\/fotocasa-life\/wp-json\/wp\/v2\/users\/78"}],"replies":[{"embeddable":true,"href":"https:\/\/www.fotocasa.es\/fotocasa-life\/wp-json\/wp\/v2\/comments?post=37056"}],"version-history":[{"count":0,"href":"https:\/\/www.fotocasa.es\/fotocasa-life\/wp-json\/wp\/v2\/posts\/37056\/revisions"}],"wp:featuredmedia":[{"embeddable":true,"href":"https:\/\/www.fotocasa.es\/fotocasa-life\/wp-json\/wp\/v2\/media\/35086"}],"wp:attachment":[{"href":"https:\/\/www.fotocasa.es\/fotocasa-life\/wp-json\/wp\/v2\/media?parent=37056"}],"wp:term":[{"taxonomy":"category","embeddable":true,"href":"https:\/\/www.fotocasa.es\/fotocasa-life\/wp-json\/wp\/v2\/categories?post=37056"},{"taxonomy":"post_tag","embeddable":true,"href":"https:\/\/www.fotocasa.es\/fotocasa-life\/wp-json\/wp\/v2\/tags?post=37056"}],"curies":[{"name":"wp","href":"https:\/\/api.w.org\/{rel}","templated":true}]}}