{"id":36901,"date":"2019-05-08T21:44:11","date_gmt":"2019-05-08T20:44:11","guid":{"rendered":"https:\/\/blog-fotocasa-admin.wpsites-scmspain.com\/blog\/?p=36901"},"modified":"2020-11-27T13:21:12","modified_gmt":"2020-11-27T12:21:12","slug":"los-precios-de-la-vivienda-permanecen-estables-en-abril","status":"publish","type":"post","link":"https:\/\/www.fotocasa.es\/fotocasa-life\/compraventa\/los-precios-de-la-vivienda-permanecen-estables-en-abril\/","title":{"rendered":"Los precios de la vivienda permanecen estables en abril"},"content":{"rendered":"<p style=\"font-weight: 400;\">El precio medio de la vivienda terminada (nueva y usada) en Espa\u00f1a <strong>se increment\u00f3 en abril un 2,9%<\/strong> en tasa interanual, seg\u00fan refleja la estad\u00edstica Tinsa IMIE General y Grandes Mercados, generada a partir de las tasaciones realizadas por la compa\u00f1\u00eda. El \u00edndice general se contrajo ligeramente el mes pasado, al pasar de 1.491 puntos en marzo a 1.489 puntos en abril. Desde el m\u00ednimo registrado en febrero 2015, <strong>el valor medio de la vivienda en Espa\u00f1a se ha incrementado un 13,6%<\/strong> y es un 34,8% inferior al de los m\u00e1ximos de 2007.<\/p>\n<p style=\"font-weight: 400;\">Cabe se\u00f1alar que \u00e9ste ha sido el tercer mes consecutivo con ligero descenso nacional de precios en t\u00e9rminos mensuales. \u201cTodos los agregados geogr\u00e1ficos extra\u00eddos del \u00edndice general <strong>se encuentran algo por debajo de los valores de enero de 2019<\/strong>, lo que confirma la tendencia de estabilizaci\u00f3n de precios del mercado residencial espa\u00f1ol\u201d, afirma Rafael Gil, director del Servicio de Estudios de Tinsa.<\/p>\n<p style=\"font-weight: 400;\">Los sub\u00edndices correspondientes a la costa mediterr\u00e1nea y a las \u00e1reas metropolitanas muestran el mayor crecimiento interanual en el mes de abril, con un 4,5% y un 4,2%, respectivamente. <strong>Las capitales y grandes ciudades tambi\u00e9n muestran una evoluci\u00f3n superior a la media nacional<\/strong> (+3,4%) en el \u00faltimo a\u00f1o, pese haber registrado una ligera correcci\u00f3n en el precio medio respecto al mes anterior. El sub\u00edndice formado por Baleares y Canarias ralentiza su crecimiento al 2,8% interanual, mientras que en el resto de municipios, donde se engloban las localidades de interior y de menor tama\u00f1o, la vivienda registra un discreto incremento del 0,2% en los \u00faltimos 12 meses.<\/p>\n<p style=\"font-weight: 400;\"><strong>La recuperaci\u00f3n nacional de precios desde m\u00ednimos se mantiene en un 13,6%.<\/strong> Siguiendo la l\u00ednea de los meses anteriores, las capitales y grandes ciudades (+22,7%) y Baleares y Canarias (+19,6%) destacan con tasas muy superiores desde los valores m\u00ednimos postcrisis. La costa peninsular mediterr\u00e1nea registra un aumento acumulado desde m\u00ednimos del 15,7%. Con una revalorizaci\u00f3n inferior a la media nacional se sit\u00faan las \u00e1reas metropolitanas, con una subida del 11,4% de sus m\u00ednimos, y los municipios peque\u00f1os de interior, donde el valor medio se ha incrementado apenas un 4%.<\/p>\n<p style=\"font-weight: 400;\"><strong>La ca\u00edda general del precio medio de la vivienda terminada desde m\u00e1ximos pre-crisis es del 34,8 %<\/strong>, con cifras muy similares en capitales y grandes ciudades y resto de municipios. En las \u00e1reas metropolitanas y la costa mediterr\u00e1nea, el descenso acumulado desde 2007 supera el 40%. La diferencia se reduce al 21,7% en Baleares y Canarias.<\/p>\n","protected":false},"excerpt":{"rendered":"<p>El precio medio de la vivienda terminada (nueva y usada) en Espa\u00f1a se increment\u00f3 en abril un 2,9% en tasa interanual, seg\u00fan el \u00edndice Tinsa.<\/p>\n","protected":false},"author":3,"featured_media":35364,"comment_status":"open","ping_status":"closed","sticky":false,"template":"","format":"standard","meta":{"_lmt_disableupdate":"yes","_lmt_disable":"","footnotes":""},"categories":[3],"tags":[1572,207,309],"class_list":["post-36901","post","type-post","status-publish","format-standard","has-post-thumbnail","hentry","category-compraventa","tag-barometro-inmobiliario-ipd-tinsa","tag-precio-de-la-vivienda","tag-tinsa"],"modified_by":"fotocasa","_links":{"self":[{"href":"https:\/\/www.fotocasa.es\/fotocasa-life\/wp-json\/wp\/v2\/posts\/36901","targetHints":{"allow":["GET"]}}],"collection":[{"href":"https:\/\/www.fotocasa.es\/fotocasa-life\/wp-json\/wp\/v2\/posts"}],"about":[{"href":"https:\/\/www.fotocasa.es\/fotocasa-life\/wp-json\/wp\/v2\/types\/post"}],"author":[{"embeddable":true,"href":"https:\/\/www.fotocasa.es\/fotocasa-life\/wp-json\/wp\/v2\/users\/3"}],"replies":[{"embeddable":true,"href":"https:\/\/www.fotocasa.es\/fotocasa-life\/wp-json\/wp\/v2\/comments?post=36901"}],"version-history":[{"count":0,"href":"https:\/\/www.fotocasa.es\/fotocasa-life\/wp-json\/wp\/v2\/posts\/36901\/revisions"}],"wp:featuredmedia":[{"embeddable":true,"href":"https:\/\/www.fotocasa.es\/fotocasa-life\/wp-json\/wp\/v2\/media\/35364"}],"wp:attachment":[{"href":"https:\/\/www.fotocasa.es\/fotocasa-life\/wp-json\/wp\/v2\/media?parent=36901"}],"wp:term":[{"taxonomy":"category","embeddable":true,"href":"https:\/\/www.fotocasa.es\/fotocasa-life\/wp-json\/wp\/v2\/categories?post=36901"},{"taxonomy":"post_tag","embeddable":true,"href":"https:\/\/www.fotocasa.es\/fotocasa-life\/wp-json\/wp\/v2\/tags?post=36901"}],"curies":[{"name":"wp","href":"https:\/\/api.w.org\/{rel}","templated":true}]}}