{"id":36658,"date":"2019-05-10T13:48:25","date_gmt":"2019-05-10T12:48:25","guid":{"rendered":"https:\/\/blog-fotocasa-admin.wpsites-scmspain.com\/blog\/?p=36658"},"modified":"2022-11-18T09:17:11","modified_gmt":"2022-11-18T08:17:11","slug":"fotocasa-responde-cuando-hay-que-cambiar-la-instalacion-electrica","status":"publish","type":"post","link":"https:\/\/www.fotocasa.es\/fotocasa-life\/hogar\/reformas\/fotocasa-responde-cuando-hay-que-cambiar-la-instalacion-electrica\/","title":{"rendered":"Fotocasa Responde: Cu\u00e1ndo hay que cambiar la instalaci\u00f3n el\u00e9ctrica"},"content":{"rendered":"<p><span style=\"font-weight: 400;\"><strong>Contar en casa con una instalaci\u00f3n el\u00e9ctrica en buen estado es esencial<\/strong>, ya que de lo contrario pueden producirse apagones o cortocircuitos o incluso accidentes m\u00e1s graves, como incendios.<\/span><\/p>\n<p><span style=\"font-weight: 400;\">En principio, lo aconsejable es revisar la instalaci\u00f3n el\u00e9ctrica <\/span><b>cada 10 a\u00f1os<\/b><span style=\"font-weight: 400;\"> y especialmente si se trata de un edificio antiguo (de m\u00e1s de 100 a\u00f1os). En el caso de que la instalaci\u00f3n supere <\/span><b>los 30 a\u00f1os<\/b><span style=\"font-weight: 400;\">, su renovaci\u00f3n es imprescindible, pues no se adaptar\u00e1 a la legislaci\u00f3n vigente.<\/span><\/p>\n<p>Eduardo Ramos, Responsable de Atenci\u00f3n al Cliente de Plan Reforma, nos da una serie de recomendaciones que nos ayudar\u00e1n tanto a la hora de adquirir una vivienda, como en el momento de hacer una reforma en la nuestra propia. \u00bfEl consejo m\u00e1s importante? <strong>Ponerse siempre en manos de un buen profesional.\u00a0<\/strong><\/p>\n","protected":false},"excerpt":{"rendered":"<p>La instalaci\u00f3n el\u00e9ctrica es una de las m\u00e1s importantes de la casa. Plan Reforma te dan una serie de recomendaciones sobre c\u00f3mo y cuando cambiarla.<\/p>\n","protected":false},"author":3,"featured_media":35754,"comment_status":"open","ping_status":"closed","sticky":false,"template":"","format":"standard","meta":{"_lmt_disableupdate":"yes","_lmt_disable":"","footnotes":""},"categories":[7],"tags":[582,2566,586],"class_list":["post-36658","post","type-post","status-publish","format-standard","has-post-thumbnail","hentry","category-reformas","tag-electricidad","tag-instalaciones","tag-instalaciones-electricas"],"modified_by":"Agustina Battioli","_links":{"self":[{"href":"https:\/\/www.fotocasa.es\/fotocasa-life\/wp-json\/wp\/v2\/posts\/36658","targetHints":{"allow":["GET"]}}],"collection":[{"href":"https:\/\/www.fotocasa.es\/fotocasa-life\/wp-json\/wp\/v2\/posts"}],"about":[{"href":"https:\/\/www.fotocasa.es\/fotocasa-life\/wp-json\/wp\/v2\/types\/post"}],"author":[{"embeddable":true,"href":"https:\/\/www.fotocasa.es\/fotocasa-life\/wp-json\/wp\/v2\/users\/3"}],"replies":[{"embeddable":true,"href":"https:\/\/www.fotocasa.es\/fotocasa-life\/wp-json\/wp\/v2\/comments?post=36658"}],"version-history":[{"count":0,"href":"https:\/\/www.fotocasa.es\/fotocasa-life\/wp-json\/wp\/v2\/posts\/36658\/revisions"}],"wp:featuredmedia":[{"embeddable":true,"href":"https:\/\/www.fotocasa.es\/fotocasa-life\/wp-json\/wp\/v2\/media\/35754"}],"wp:attachment":[{"href":"https:\/\/www.fotocasa.es\/fotocasa-life\/wp-json\/wp\/v2\/media?parent=36658"}],"wp:term":[{"taxonomy":"category","embeddable":true,"href":"https:\/\/www.fotocasa.es\/fotocasa-life\/wp-json\/wp\/v2\/categories?post=36658"},{"taxonomy":"post_tag","embeddable":true,"href":"https:\/\/www.fotocasa.es\/fotocasa-life\/wp-json\/wp\/v2\/tags?post=36658"}],"curies":[{"name":"wp","href":"https:\/\/api.w.org\/{rel}","templated":true}]}}