{"id":36316,"date":"2019-04-23T12:31:29","date_gmt":"2019-04-23T11:31:29","guid":{"rendered":"https:\/\/blog-fotocasa-admin.wpsites-scmspain.com\/blog\/?p=36316"},"modified":"2020-11-27T13:21:36","modified_gmt":"2020-11-27T12:21:36","slug":"elecciones-28a-propuestas-psoe-vivienda","status":"publish","type":"post","link":"https:\/\/www.fotocasa.es\/fotocasa-life\/sin-categoria\/elecciones-28a-propuestas-psoe-vivienda\/","title":{"rendered":"Elecciones 28A: Propuestas del PSOE en materia de vivienda"},"content":{"rendered":"<p><a href=\"https:\/\/www.psoe.es\/media-content\/2019\/04\/PSOE-programa-electoral-elecciones-generales-28-de-abril-de-2019.pdf\" target=\"_blank\" rel=\"noopener noreferrer\">El PSOE distingue en su programa electoral<\/a> unas serie de actuaciones urgentes que, en caso de ganar las elecciones y poder gobernar, pondr\u00eda en marcha de forma inmediata con la tramitaci\u00f3n de unos nuevos presupuestos generales para 2019. Y entre estas menciona, sin m\u00e1s detalles, <strong>la promoci\u00f3n de \u201cviviendas en alquiler para j\u00f3venes\u201d<\/strong>.<\/p>\n<p>Al margen de esta primera actuaci\u00f3n inmediata, el PSOE contempla, en el punto 1.47 de su programa electoral, una serie de <strong>medidas para \u201cavanzar hacia la efectividad el derecho irrenunciable a una vivienda digna, asequible y sostenible\u201d<\/strong>:<\/p>\n<ul>\n<li><strong>Personas sin hogar.<\/strong> En esta cuesti\u00f3n, el citado documento propone \u201capoyar y complementar\u201d las iniciativas de otras administraciones como ayuntamientos y comunidades aut\u00f3nomas.<\/li>\n<li><strong>Alquiler social.<\/strong> Para promocionar este tipo de viviendas, el PSOE propone movilizar \u201csuelo p\u00fablico que se encuentre disponible mediante la cesi\u00f3n de derecho de superficie y favoreciendo el uso de mecanismos p\u00fablico-privados\u201d.<\/li>\n<li><strong>Financiaci\u00f3n por parte de la Entidad P\u00fablica Empresarial de Suelo (Sepes) y el ICO.<\/strong> El programa electoral propone reforzar su papel \u201cpara fomentar la construcci\u00f3n de nueva vivienda de alquiler social, as\u00ed como la rehabilitaci\u00f3n de viviendas existentes\u201d.<\/li>\n<li><strong>Renta b\u00e1sica de emancipaci\u00f3n.<\/strong> Ya la puso en marcha, en su d\u00eda, el gobierno socialista de Zapatero y ahora <a href=\"https:\/\/www.fotocasa.es\/fotocasa-life\/alquiler\/psoe-pide-recuperar-la-renta-basica-de-emancipacion\/\" target=\"_blank\" rel=\"noopener noreferrer\">el PSOE propone recuperarla<\/a>. Consiste en una ayuda econ\u00f3mica directa para los j\u00f3venes con ingresos bajos que deciden alquilar una vivienda.<\/li>\n<\/ul>\n<p>Adem\u00e1s de estas propuestas, el programa socialista tambi\u00e9n reivindica las \u00faltimas medidas aprobadas por el Gobierno de Pedro S\u00e1nchez en los \u00faltimos meses \u201cpara <strong>contener el precio de la vivienda y favorecer el alquiler social<\/strong>\u201d y, en concreto, \u201cpara facilitar el acceso a la vivienda a los colectivos en situaci\u00f3n de vulnerabilidad, en el que indudablemente se encuentra la juventud\u201d.<\/p>\n<h2>Una lista con diferentes propuestas<\/h2>\n<p>En un debate sobre la materia organizado el pasado 12 de abril por el C\u00edrculo Inmobiliario de Madrid, <a href=\"https:\/\/www.fomento.gob.es\/el-ministerio\/biografia-de-altos-cargos\/helena-beunza-ibanez\" target=\"_blank\" rel=\"noopener noreferrer\"><strong>Helena Beunza<\/strong><\/a>, secretaria general de Vivienda en el Gobierno socialista, insisti\u00f3 en la urgencia de estas medidas ya adoptadas.<\/p>\n<blockquote><p>\u201cHa sido una legislatura corta, pero hab\u00eda que atender emergencias para reequilibrar las fuerzas en el arrendamiento, recuperar la seguridad jur\u00eddica y facilitar la inversi\u00f3n de los ayuntamientos en materia de vivienda considerando estas actuaciones como gastos financieramente sostenibles\u201d.<\/p><\/blockquote>\n<p>Beunza tambi\u00e9n insisti\u00f3, una vez m\u00e1s, en la necesidad de redactar una nueva Ley Estatal de Vivienda que iguale derechos y que alcance un alto grado de consenso. Esta norma deber\u00eda, a su entender, dar un impulso al escaso parque de vivienda social que hay en Espa\u00f1a (a trav\u00e9s de actuaciones de vivienda social, de vivienda asequible y de suelos) para reducir la brecha existente respecto a la UE en cuanto a la exposici\u00f3n financiera (el gasto en materia de vivienda respecto a los ingresos) de los inquilinos.<\/p>\n<p>Durante los \u00faltimos d\u00edas, el blog de Fotocasa ha publicado un an\u00e1lisis pormenorizado de las <a href=\"https:\/\/www.fotocasa.es\/fotocasa-life\/general\/elecciones-generales-28a-encuestas-indecisos-y-redes-sociales-tres-claves-de-las-proximas-elecciones\/\" target=\"_blank\" rel=\"noopener noreferrer\">propuestas en materia de vivienda y para el mercado inmobiliario que llevan en sus programas electorales lo principales partidos que compiten en las Elecciones Generales del pr\u00f3ximo 28 de abril.<\/a><\/p>\n<p>Puedes leer aqu\u00ed:<\/p>\n<ul>\n<li><a href=\"https:\/\/www.fotocasa.es\/fotocasa-life\/sector\/propuestas-vox-mercado-vivienda\/\" target=\"_blank\" rel=\"noopener noreferrer\">Propuestas de Vox<\/a><\/li>\n<li><a href=\"https:\/\/www.fotocasa.es\/fotocasa-life\/sector\/estas-son-las-propuestas-de-ciudadanos-en-materia-de-vivienda\/\" target=\"_blank\" rel=\"noopener noreferrer\">Propuestas de \u00a0Ciudadanos<\/a><\/li>\n<li><a href=\"https:\/\/www.fotocasa.es\/fotocasa-life\/sector\/elecciones-28a-las-nueve-propuestas-de-podemos-en-materia-de-vivienda\/\" target=\"_blank\" rel=\"noopener noreferrer\">Propuestas de Podemos<\/a><\/li>\n<\/ul>\n","protected":false},"excerpt":{"rendered":"<p>El PSOE distingue en su programa electoral unas serie de actuaciones urgentes que, en caso de ganar las elecciones y poder gobernar, pondr\u00eda en marcha de forma inmediata con la tramitaci\u00f3n de unos nuevos presupuestos generales para 2019. Y entre estas menciona, sin m\u00e1s detalles, la promoci\u00f3n de \u201cviviendas en alquiler para j\u00f3venes\u201d. Al margen&#8230;<\/p>\n","protected":false},"author":3,"featured_media":36321,"comment_status":"open","ping_status":"closed","sticky":false,"template":"","format":"standard","meta":{"_lmt_disableupdate":"yes","_lmt_disable":"","footnotes":""},"categories":[1],"tags":[],"class_list":["post-36316","post","type-post","status-publish","format-standard","has-post-thumbnail","hentry","category-sin-categoria"],"modified_by":null,"_links":{"self":[{"href":"https:\/\/www.fotocasa.es\/fotocasa-life\/wp-json\/wp\/v2\/posts\/36316","targetHints":{"allow":["GET"]}}],"collection":[{"href":"https:\/\/www.fotocasa.es\/fotocasa-life\/wp-json\/wp\/v2\/posts"}],"about":[{"href":"https:\/\/www.fotocasa.es\/fotocasa-life\/wp-json\/wp\/v2\/types\/post"}],"author":[{"embeddable":true,"href":"https:\/\/www.fotocasa.es\/fotocasa-life\/wp-json\/wp\/v2\/users\/3"}],"replies":[{"embeddable":true,"href":"https:\/\/www.fotocasa.es\/fotocasa-life\/wp-json\/wp\/v2\/comments?post=36316"}],"version-history":[{"count":0,"href":"https:\/\/www.fotocasa.es\/fotocasa-life\/wp-json\/wp\/v2\/posts\/36316\/revisions"}],"wp:featuredmedia":[{"embeddable":true,"href":"https:\/\/www.fotocasa.es\/fotocasa-life\/wp-json\/wp\/v2\/media\/36321"}],"wp:attachment":[{"href":"https:\/\/www.fotocasa.es\/fotocasa-life\/wp-json\/wp\/v2\/media?parent=36316"}],"wp:term":[{"taxonomy":"category","embeddable":true,"href":"https:\/\/www.fotocasa.es\/fotocasa-life\/wp-json\/wp\/v2\/categories?post=36316"},{"taxonomy":"post_tag","embeddable":true,"href":"https:\/\/www.fotocasa.es\/fotocasa-life\/wp-json\/wp\/v2\/tags?post=36316"}],"curies":[{"name":"wp","href":"https:\/\/api.w.org\/{rel}","templated":true}]}}