{"id":36222,"date":"2019-04-17T15:54:23","date_gmt":"2019-04-17T14:54:23","guid":{"rendered":"https:\/\/blog-fotocasa-admin.wpsites-scmspain.com\/blog\/?p=36222"},"modified":"2020-11-27T13:21:37","modified_gmt":"2020-11-27T12:21:37","slug":"elecciones-28a-las-nueve-propuestas-de-podemos-en-materia-de-vivienda","status":"publish","type":"post","link":"https:\/\/www.fotocasa.es\/fotocasa-life\/sin-categoria\/elecciones-28a-las-nueve-propuestas-de-podemos-en-materia-de-vivienda\/","title":{"rendered":"Elecciones 28A: Las nueve propuestas de Podemos en materia de vivienda"},"content":{"rendered":"<p><span style=\"font-weight: 400;\">El s\u00e9ptimo cap\u00edtulo del <\/span><a href=\"https:\/\/podemos.info\/programa\/\" target=\"_blank\" rel=\"noopener noreferrer\"><span style=\"font-weight: 400;\">programa electoral de Podemos<\/span><\/a><span style=\"font-weight: 400;\"> para las Elecciones Generales del 28 de abril se titula Garant\u00edas de Justicia Social e incluye nueve medidas vinculadas a la <\/span><b>vivienda<\/b><span style=\"font-weight: 400;\">. Presta especial atenci\u00f3n al mercado de alquiler, que lleva meses en boca de todos <\/span><a href=\"https:\/\/www.fotocasa.es\/fotocasa-life\/alquiler\/fotocasa-presenta-experiencia-en-alquiler-en-2017-2018-una-exhaustiva-radiografia-del-mercado-del-alquiler\/\" target=\"_blank\" rel=\"noopener noreferrer\"><span style=\"font-weight: 400;\">por las recientes tensiones en los precios<\/span><\/a><span style=\"font-weight: 400;\"> y sus consecuencias. Podemos cita, en concreto, las siguientes propuestas: \u00a0<\/span><\/p>\n<ul>\n<li style=\"font-weight: 400;\"><span style=\"font-weight: 400;\">\u201cBlindar en la Constituci\u00f3n el derecho a la vivienda como derecho fundamental y desarrollar legalmente las garant\u00edas de su efectividad\u201d. Podemos propone este cambio de rango constitucional y su desarrollo normativo ante el gran <\/span><b>esfuerzo financiero<\/b><span style=\"font-weight: 400;\"> que supone el alquiler de vivienda y las dificultades de emancipaci\u00f3n de los j\u00f3venes. <\/span><\/li>\n<li style=\"font-weight: 400;\"><span style=\"font-weight: 400;\">\u201cIntervenir el mercado del alquiler para impedir subidas abusivas mediante el control de precios y garantizar un alquiler estable y seguro\u201d para ambas partes. Apoy\u00e1ndose en los Ayuntamientos, se propone crear <\/span><b>\u00edndices de precios de referencia<\/b><span style=\"font-weight: 400;\"> adaptados a las realidades locales con el objetivo de que ninguna familia pague m\u00e1s del 30% de su renta en concepto de alquiler. <\/span><\/li>\n<li style=\"font-weight: 400;\"><span style=\"font-weight: 400;\">\u201cGarantizar un alquiler estable, asequible y seguro\u201d. Propone un modelo de <\/span><b>contrato de arrendamiento indefinido<\/b><span style=\"font-weight: 400;\"> (con un cat\u00e1logo de causas justificadas de rescisi\u00f3n) y medidas que protejan especialmente a los inquilinos que vivan en inmuebles propiedad de sociedades de inversi\u00f3n. <\/span><\/li>\n<li style=\"font-weight: 400;\"><span style=\"font-weight: 400;\">\u201cCrear un gran <\/span><b>parque de alquiler p\u00fablico<\/b><span style=\"font-weight: 400;\"> de precio asequible\u201d. Podemos calcula que se incrementen en 50.000 viviendas al a\u00f1o las viviendas de alquiler social reclamando la cesi\u00f3n de las viviendas vac\u00edas de los \u201cgrandes tenedores de vivienda\u201d, aumentando la inversi\u00f3n p\u00fablica y creando una figura de cesi\u00f3n de vivienda a la administraci\u00f3n a cambio de una garant\u00eda de cobro y conservaci\u00f3n del inmueble. <\/span><\/li>\n<li style=\"font-weight: 400;\"><span style=\"font-weight: 400;\">\u201cLuchar contra los fondos buitre y la especulaci\u00f3n con la vivienda\u201d. Esta propuesta se articula en torno a los inmuebles en manos de entidades rescatadas y a un censo p\u00fablico de <\/span><b>viviendas vac\u00edas<\/b><span style=\"font-weight: 400;\"> en manos del sector financiero. \u201cAcabaremos tambi\u00e9n con las SOCIMI\u201d, se puede leer en el programa. <\/span><\/li>\n<li style=\"font-weight: 400;\"><span style=\"font-weight: 400;\">\u201cPoner coto a la excesiva proliferaci\u00f3n de <\/span><b>pisos tur\u00edsticos<\/b><span style=\"font-weight: 400;\"> para recuperar la habitabilidad de nuestros barrios y avanzar hacia un modelo de turismo sostenible\u201d. Administraciones locales y comunidades de propietarios ser\u00edan los que, desde diferentes \u00e1mbitos, deber\u00edan delimitar estas pr\u00e1cticas, seg\u00fan Podemos. Tambi\u00e9n proponen un mayor control de su fiscalidad. <\/span><\/li>\n<li style=\"font-weight: 400;\"><span style=\"font-weight: 400;\">\u201c<\/span><b>Prohibir los desalojos<\/b><span style=\"font-weight: 400;\"> sin alternativa habitacional\u201d. Ya sea en caso de impago de alquiler o por ocupaci\u00f3n en precario, Podemos propone que las personas en situaci\u00f3n de vulnerabilidad no puedan ser expulsadas de la vivienda si no se les ofrece, desde las administraciones p\u00fablicas, una soluci\u00f3n alternativa. <\/span><\/li>\n<li style=\"font-weight: 400;\"><span style=\"font-weight: 400;\">\u201cGarantizar el derecho a la defensa de los deudores y las deudoras hipotecarias\u201d. Citando sentencias del Tribunal de Justicia de la UE, Podemos reclama que se garantice su derecho a la defensa y a la tutela judicial efectiva, para lo cual propone modificaciones en el <\/span><b>procedimiento de ejecuci\u00f3n hipotecaria<\/b><span style=\"font-weight: 400;\">. <\/span><\/li>\n<li style=\"font-weight: 400;\"><span style=\"font-weight: 400;\">\u201cProteger a los deudores y deudoras hipotecarios sin recursos suficientes\u201d. Esta medida contempla el reconocimiento de derechos para reestructurar la deuda, para efectuar una quita o para la <\/span><b>daci\u00f3n en pago<\/b><span style=\"font-weight: 400;\">. <\/span><\/li>\n<\/ul>\n<p><span style=\"font-weight: 400;\">En l\u00edneas generales, todas estas medidas giran en torno a lo que <\/span><b>Pilar Garrido Guti\u00e9rrez<\/b><span style=\"font-weight: 400;\">, secretaria de pol\u00edticas sociales de Podemos, defini\u00f3 como un problema respecto al derecho a la vivienda, recogido constitucionalmente pero \u201cinexistente en t\u00e9rminos reales\u201d, seg\u00fan se\u00f1al\u00f3 en un debate sobre la materia organizado el pasado 12 de abril por el C\u00edrculo Inmobiliario de Madrid.<\/span><\/p>\n<h2><span style=\"font-weight: 400;\">Una lista con diferentes propuestas<\/span><\/h2>\n<p><span style=\"font-weight: 400;\">Podemos, sin embargo, se presenta a las Elecciones Generales del pr\u00f3ximo 28 de abril en coalici\u00f3n con otras organizaciones, como Izquierda Unida y Equo. <strong>Cada una de ellas ha elaborado su propio programa electoral<\/strong>. <\/span><\/p>\n<p><span style=\"font-weight: 400;\">Todos comparten los principios generales, resumidos en <\/span><a href=\"http:\/\/izquierda-unida.es\/sites\/default\/files\/doc\/Declaraci%C3%B3n%20conjunta%20de%20PODEMOS%20IZQUIERDA%20UNIDA%20y%20EQUO%20de%20cara%20a%20los%20procesos%20electorales%20de%202019.pdf\" target=\"_blank\" rel=\"noopener noreferrer\"><span style=\"font-weight: 400;\">el documento del acuerdo<\/span><\/a><span style=\"font-weight: 400;\"> alcanzado por las tres organizaciones en 2018 con estas palabras: \u201cConsideramos la vivienda como un derecho y queremos que las administraciones ofrezcan parques p\u00fablicos de vivienda en alquiler a precios asequibles. Exigimos la daci\u00f3n en pago y el fin de los desahucios y, lo m\u00e1s importante, regular el mercado de la vivienda para impedir que sea <\/span><b>una inversi\u00f3n especulativa<\/b><span style=\"font-weight: 400;\">\u201d. <\/span><\/p>\n<p><span style=\"font-weight: 400;\">Pero tambi\u00e9n tienen algunas diferencias. El <\/span><a href=\"https:\/\/izquierdaunida.org\/wp-content\/uploads\/2019\/04\/Programa-Electoral-de-Izquierda-Unida-para-las-Elecciones-Generales-28A.pdf\" target=\"_blank\" rel=\"noopener noreferrer\"><span style=\"font-weight: 400;\">programa de Izquierda Unida<\/span><\/a><span style=\"font-weight: 400;\">, junto a medidas en la l\u00ednea de las mencionadas, tambi\u00e9n incluye un <\/span><b>plan de rehabilitaci\u00f3n<\/b><span style=\"font-weight: 400;\"> de 45.000 viviendas al a\u00f1o orientado a la sostenibilidad, el impulso del modelo de cooperativas de uso de viviendas o el fomento de la autoconstrucci\u00f3n. Equo, por su parte, por el momento no ha presentado ning\u00fan programa electoral. <\/span><\/p>\n<p>Durante los \u00faltimos d\u00edas, el blog de Fotocasa ha publicado un an\u00e1lisis pormenorizado de las\u00a0<a href=\"https:\/\/www.fotocasa.es\/fotocasa-life\/general\/elecciones-generales-28a-encuestas-indecisos-y-redes-sociales-tres-claves-de-las-proximas-elecciones\/\" target=\"_blank\" rel=\"noopener noreferrer\">propuestas en materia de vivienda y para el mercado inmobiliario que llevan en sus programas electorales lo principales partidos que compiten en las Elecciones Generales del pr\u00f3ximo 28 de abril.<\/a><\/p>\n<p>Puedes leer aqu\u00ed:<\/p>\n<ul>\n<li><a href=\"https:\/\/www.fotocasa.es\/fotocasa-life\/sector\/propuestas-vox-mercado-vivienda\/\" target=\"_blank\" rel=\"noopener noreferrer\">Propuestas de Vox<\/a><\/li>\n<li><a href=\"https:\/\/www.fotocasa.es\/fotocasa-life\/sector\/estas-son-las-propuestas-de-ciudadanos-en-materia-de-vivienda\/\" target=\"_blank\" rel=\"noopener noreferrer\">Propuestas de \u00a0Ciudadanos<\/a><\/li>\n<li><a href=\"https:\/\/www.fotocasa.es\/fotocasa-life\/general\/elecciones-28a-propuestas-psoe-vivienda\/\" target=\"_blank\" rel=\"noopener noreferrer\">Propuestas de PSOE<\/a><\/li>\n<\/ul>\n","protected":false},"excerpt":{"rendered":"<p>En el programa electoral de Podemos para las Elecciones Generales se titula Garant\u00edas de Justicia Social e incluye nueve medidas vinculadas a la vivienda.<\/p>\n","protected":false},"author":3,"featured_media":36223,"comment_status":"open","ping_status":"closed","sticky":false,"template":"","format":"standard","meta":{"_lmt_disableupdate":"yes","_lmt_disable":"","footnotes":""},"categories":[1],"tags":[2689],"class_list":["post-36222","post","type-post","status-publish","format-standard","has-post-thumbnail","hentry","category-sin-categoria","tag-elecciones-generales-2019"],"modified_by":null,"_links":{"self":[{"href":"https:\/\/www.fotocasa.es\/fotocasa-life\/wp-json\/wp\/v2\/posts\/36222","targetHints":{"allow":["GET"]}}],"collection":[{"href":"https:\/\/www.fotocasa.es\/fotocasa-life\/wp-json\/wp\/v2\/posts"}],"about":[{"href":"https:\/\/www.fotocasa.es\/fotocasa-life\/wp-json\/wp\/v2\/types\/post"}],"author":[{"embeddable":true,"href":"https:\/\/www.fotocasa.es\/fotocasa-life\/wp-json\/wp\/v2\/users\/3"}],"replies":[{"embeddable":true,"href":"https:\/\/www.fotocasa.es\/fotocasa-life\/wp-json\/wp\/v2\/comments?post=36222"}],"version-history":[{"count":0,"href":"https:\/\/www.fotocasa.es\/fotocasa-life\/wp-json\/wp\/v2\/posts\/36222\/revisions"}],"wp:featuredmedia":[{"embeddable":true,"href":"https:\/\/www.fotocasa.es\/fotocasa-life\/wp-json\/wp\/v2\/media\/36223"}],"wp:attachment":[{"href":"https:\/\/www.fotocasa.es\/fotocasa-life\/wp-json\/wp\/v2\/media?parent=36222"}],"wp:term":[{"taxonomy":"category","embeddable":true,"href":"https:\/\/www.fotocasa.es\/fotocasa-life\/wp-json\/wp\/v2\/categories?post=36222"},{"taxonomy":"post_tag","embeddable":true,"href":"https:\/\/www.fotocasa.es\/fotocasa-life\/wp-json\/wp\/v2\/tags?post=36222"}],"curies":[{"name":"wp","href":"https:\/\/api.w.org\/{rel}","templated":true}]}}