{"id":36191,"date":"2019-04-16T16:00:23","date_gmt":"2019-04-16T15:00:23","guid":{"rendered":"https:\/\/blog-fotocasa-admin.wpsites-scmspain.com\/blog\/?p=36191"},"modified":"2020-11-27T13:21:38","modified_gmt":"2020-11-27T12:21:38","slug":"estas-son-las-propuestas-de-ciudadanos-en-materia-de-vivienda","status":"publish","type":"post","link":"https:\/\/www.fotocasa.es\/fotocasa-life\/sector\/estas-son-las-propuestas-de-ciudadanos-en-materia-de-vivienda\/","title":{"rendered":"Elecciones 28A: Estas son las propuestas de Ciudadanos en materia de vivienda"},"content":{"rendered":"<p><span style=\"font-weight: 400;\">El <\/span><a href=\"https:\/\/www.ciudadanos-cs.org\/programa-electoral\" target=\"_blank\" rel=\"noopener noreferrer\"><span style=\"font-weight: 400;\">programa electoral de Ciudadanos<\/span><\/a><span style=\"font-weight: 400;\"> recoge todo un cap\u00edtulo para detallar sus medidas en materia de <\/span><b>vivienda, infraestructuras y movilidad<\/b><span style=\"font-weight: 400;\">. En concreto, hay dos actuaciones (146 y 147) que hacen referencia al alquiler asequible:<\/span><\/p>\n<ul>\n<li style=\"font-weight: 400;\"><span style=\"font-weight: 400;\">\u201cAprobaremos una <\/span><b>Ley nacional de Vivienda<\/b><span style=\"font-weight: 400;\"> e incrementaremos el parque de viviendas sociales de alquiler para ofrecer una alternativa a quienes no pueden permitirse una vivienda\u201d se\u00f1ala la primera de ellas. C\u2019s promete una simplificaci\u00f3n de los tr\u00e1mites administrativos para <\/span><b>rehabilitaci\u00f3n<\/b><span style=\"font-weight: 400;\"> y obra nueva, la promoci\u00f3n de viviendas dotacionales p\u00fablicas en alquiler temporal y la colaboraci\u00f3n p\u00fablico-privada para viviendas sociales, adem\u00e1s de un plan de acci\u00f3n contra el chabolismo y la infravivienda.<\/span><\/li>\n<li style=\"font-weight: 400;\"><span style=\"font-weight: 400;\">\u201cRevisaremos la normativa que afecta a los alquileres de vivienda para reforzar la seguridad jur\u00eddica y dinamizar el <\/span><b>mercado del alquiler<\/b><span style=\"font-weight: 400;\">\u201d. En este punto, Ciudadanos descarta las medidas de control de precios por considerarlas \u201cmodelos fracasados\u201d. En cambio, propone un Registro de Arrendamientos Urbanos para suplir la falta de estad\u00edsticas oficiales; incentivos fiscales para los arrendadores; facilidades para la rehabilitaci\u00f3n de viviendas vac\u00edas que se destinen al alquiler; y un sistema arbitral para resolver conflictos entre las partes.<\/span><\/li>\n<\/ul>\n<h2><span style=\"font-weight: 400;\">La cuesti\u00f3n de los precios<\/span><\/h2>\n<p><span style=\"font-weight: 400;\">Pese a esa declaraci\u00f3n de programa electoral, la cuesti\u00f3n de los precios s\u00ed que est\u00e1 contemplada en el ideario de Ciudadanos, aunque con un enfoque diferente. Lo explic\u00f3 <\/span><b>Miguel \u00c1ngel Garaulet Rodr\u00edguez<\/b><span style=\"font-weight: 400;\">, diputado de Ciudadanos en el Congreso de los Diputados, en un debate en el C\u00edrculo Inmobiliario en el que participaron las principales formaciones pol\u00edticas. <\/span><\/p>\n<p><span style=\"font-weight: 400;\">Garaulet defendi\u00f3 la modificaci\u00f3n de la Ley de Arrendamientos Urbanos para que las <\/span><b>desgravaciones fiscales<\/b><span style=\"font-weight: 400;\"> para arrendadores que contempla su programa electoral vayan vinculadas a un \u00edndice orientativo de precios. <\/span><\/p>\n<p><span style=\"font-weight: 400;\">El cabeza de lista de Ciudadanos en Murcia tambi\u00e9n puso en valor la seguridad jur\u00eddica y la estabilidad como el escenario de partida para que haya inversi\u00f3n en vivienda y estableci\u00f3 el objetivo de rehabilitar 10 millones de hogares hasta 2030 para garantizar \u201cel <\/span><b>equilibrio social<\/b><span style=\"font-weight: 400;\"> del urbanismo\u201d. <\/span><\/p>\n<p>Durante los \u00faltimos d\u00edas, el blog de Fotocasa ha publicado un an\u00e1lisis pormenorizado de las\u00a0<a href=\"https:\/\/www.fotocasa.es\/fotocasa-life\/general\/elecciones-generales-28a-encuestas-indecisos-y-redes-sociales-tres-claves-de-las-proximas-elecciones\/\" target=\"_blank\" rel=\"noopener noreferrer\">propuestas en materia de vivienda y para el mercado inmobiliario que llevan en sus programas electorales lo principales partidos que compiten en las Elecciones Generales del pr\u00f3ximo 28 de abril.<\/a><\/p>\n<p>Puedes leer aqu\u00ed:<\/p>\n<ul>\n<li><a href=\"https:\/\/www.fotocasa.es\/fotocasa-life\/sector\/propuestas-vox-mercado-vivienda\/\" target=\"_blank\" rel=\"noopener noreferrer\">Propuestas de Vox<\/a><\/li>\n<li><a href=\"https:\/\/www.fotocasa.es\/fotocasa-life\/sector\/elecciones-28a-las-nueve-propuestas-de-podemos-en-materia-de-vivienda\/\" target=\"_blank\" rel=\"noopener noreferrer\">Propuestas de Podemos<\/a><\/li>\n<li><a href=\"https:\/\/www.fotocasa.es\/fotocasa-life\/general\/elecciones-28a-propuestas-psoe-vivienda\/\" target=\"_blank\" rel=\"noopener noreferrer\">Propuestas de PSOE<\/a><\/li>\n<\/ul>\n","protected":false},"excerpt":{"rendered":"<p>El programa electoral de Ciudadanos recoge todo un cap\u00edtulo para detallar sus medidas en materia de vivienda, infraestructuras y movilidad.<\/p>\n","protected":false},"author":3,"featured_media":36193,"comment_status":"open","ping_status":"closed","sticky":false,"template":"","format":"standard","meta":{"_lmt_disableupdate":"yes","_lmt_disable":"","footnotes":""},"categories":[2327],"tags":[2689],"class_list":["post-36191","post","type-post","status-publish","format-standard","has-post-thumbnail","hentry","category-sector","tag-elecciones-generales-2019"],"modified_by":null,"_links":{"self":[{"href":"https:\/\/www.fotocasa.es\/fotocasa-life\/wp-json\/wp\/v2\/posts\/36191","targetHints":{"allow":["GET"]}}],"collection":[{"href":"https:\/\/www.fotocasa.es\/fotocasa-life\/wp-json\/wp\/v2\/posts"}],"about":[{"href":"https:\/\/www.fotocasa.es\/fotocasa-life\/wp-json\/wp\/v2\/types\/post"}],"author":[{"embeddable":true,"href":"https:\/\/www.fotocasa.es\/fotocasa-life\/wp-json\/wp\/v2\/users\/3"}],"replies":[{"embeddable":true,"href":"https:\/\/www.fotocasa.es\/fotocasa-life\/wp-json\/wp\/v2\/comments?post=36191"}],"version-history":[{"count":0,"href":"https:\/\/www.fotocasa.es\/fotocasa-life\/wp-json\/wp\/v2\/posts\/36191\/revisions"}],"wp:featuredmedia":[{"embeddable":true,"href":"https:\/\/www.fotocasa.es\/fotocasa-life\/wp-json\/wp\/v2\/media\/36193"}],"wp:attachment":[{"href":"https:\/\/www.fotocasa.es\/fotocasa-life\/wp-json\/wp\/v2\/media?parent=36191"}],"wp:term":[{"taxonomy":"category","embeddable":true,"href":"https:\/\/www.fotocasa.es\/fotocasa-life\/wp-json\/wp\/v2\/categories?post=36191"},{"taxonomy":"post_tag","embeddable":true,"href":"https:\/\/www.fotocasa.es\/fotocasa-life\/wp-json\/wp\/v2\/tags?post=36191"}],"curies":[{"name":"wp","href":"https:\/\/api.w.org\/{rel}","templated":true}]}}