{"id":36157,"date":"2019-04-16T10:03:26","date_gmt":"2019-04-16T09:03:26","guid":{"rendered":"https:\/\/blog-fotocasa-admin.wpsites-scmspain.com\/blog\/?p=36157"},"modified":"2020-11-27T13:21:39","modified_gmt":"2020-11-27T12:21:39","slug":"propuestas-vox-mercado-vivienda","status":"publish","type":"post","link":"https:\/\/www.fotocasa.es\/fotocasa-life\/sin-categoria\/propuestas-vox-mercado-vivienda\/","title":{"rendered":"Elecciones 28A: Propuestas de Vox para el mercado de la vivienda"},"content":{"rendered":"<p><span style=\"font-weight: 400;\">Si se hace una b\u00fasqueda de la palabra <\/span><b>vivienda<\/b><span style=\"font-weight: 400;\"> en el <\/span><a href=\"https:\/\/www.voxespana.es\/biblioteca\/espana\/programa-economico\/100-medidas-para-espanagal_d96545190414121513.pdf\" target=\"_blank\" rel=\"noopener noreferrer\"><span style=\"font-weight: 400;\">programa electoral de Vox<\/span><\/a><span style=\"font-weight: 400;\"> solo se encuentran dos coincidencias. Ambas est\u00e1n en el mismo p\u00e1rrafo, que se resume en <strong>\u201cpromulgar leyes antiokupaci\u00f3n y anti usura\u201d<\/strong> y que es la medida urgente 86 de las 100 que propone el partido de cara a las elecciones del pr\u00f3ximo 28 de abril. <\/span><\/p>\n<p><span style=\"font-weight: 400;\">Ese p\u00e1rrafo dice as\u00ed: \u201cLos espa\u00f1oles podr\u00e1n hacer uso de la fuerza proporcional para defender su hogar, para ello se ampliar\u00e1 el concepto de leg\u00edtima defensa de forma que los espa\u00f1oles que <\/span><b>dispongan legalmente de un arma<\/b><span style=\"font-weight: 400;\"> puedan usarla en situaciones de amenaza real para su vida sin tener que enfrentarse a un infierno judicial, a penas de c\u00e1rcel o a indemnizaciones a los familiares de los delincuentes que les asaltaron. <strong>Tipificar la ocupaci\u00f3n de viviendas como delito contra la propiedad privada<\/strong>. Reforma legislativa para que los okupas sean expulsados en cuesti\u00f3n de horas de las viviendas donde han entrado. La participaci\u00f3n en estas conductas ilegales excluir\u00e1 de las ayudas sociales\u201d. <\/span><\/p>\n<p><span style=\"font-weight: 400;\">La cuesti\u00f3n de las armas ha sido precisamente una de las pol\u00e9micas protagonizadas por Vox, al que las <\/span><a href=\"https:\/\/www.fotocasa.es\/fotocasa-life\/general\/elecciones-generales-28a-encuestas-indecisos-y-redes-sociales-tres-claves-de-las-proximas-elecciones\/\" target=\"_blank\" rel=\"noopener noreferrer\"><b>encuestas<\/b><\/a><span style=\"font-weight: 400;\"> sit\u00faan como quinta fuerza pol\u00edtica con m\u00e1s de un 10% de los votos, durante la precampa\u00f1a. <\/span><\/p>\n<p><span style=\"font-weight: 400;\">Su otra propuesta en materia de vivienda (aunque no se utilice en este caso esta palabra) aparece reflejada en su medida n\u00famero 47: \u201c<\/span><b>Liberalizar el suelo<\/b><span style=\"font-weight: 400;\">\u201d. Vox propone \u201cconvertir en suelo apto para ser urbanizado todo el que no deba estar necesariamente protegido\u201d. De este modo pretende poner corregir un mercado que considera \u201cespecialmente r\u00edgido\u201d y cuya \u201cescasez artificial provoca que se eleve su precio\u201d.<\/span><\/p>\n<h2><span style=\"font-weight: 400;\">Desregularizar \u00abhasta el infinito\u00bb el mercado de vivienda<\/span><\/h2>\n<p><span style=\"font-weight: 400;\">Adem\u00e1s de estas medidas reflejadas en dicho documento, Roc\u00edo Monasterio, presidenta de Vox en la Comunidad de Madrid, desgran\u00f3 algunas otras <\/span><b>propuestas<\/b><span style=\"font-weight: 400;\"> en un debate con sobre \u201cVivienda y urbanismo\u201d organizado en Madrid por el C\u00edrculo Inmobiliario el pasado 9 de abril con la presencia tambi\u00e9n de representantes de PP, PSOE, Unidas Podemos y Ciudadanos.<\/span><\/p>\n<p><span style=\"font-weight: 400;\">Monasterio abog\u00f3 en dicho foro por <strong>desregularizar \u201chasta el infinito\u201d el mercado de la vivienda libre rebajando las exigencias<\/strong> de informes de la administraci\u00f3n. Tambi\u00e9n reclam\u00f3 la devoluci\u00f3n al Estado de \u201ctodas las <\/span><b>competencias<\/b><span style=\"font-weight: 400;\"> en materia de vivienda y suelo\u201d, materias que actualmente gestionan los entes locales y auton\u00f3micos. <\/span><\/p>\n<p><span style=\"font-weight: 400;\">En dicho debate tambi\u00e9n hizo referencia al urbanismo, criticando que el modelo actual eleva el coste del transporte p\u00fablico y la energ\u00eda y genera inseguridad ciudadana: \u201chay que <\/span><b>desmitificar los espacios de zonas verdes<\/b><span style=\"font-weight: 400;\">\u201d, se\u00f1al\u00f3. Durante su intervenci\u00f3n tambi\u00e9n propuso rebajas fiscales para la adquisici\u00f3n de primera vivienda y un IVA rebajado <\/span><\/p>\n<p>Durante los \u00faltimos d\u00edas, el blog de Fotocasa ha publicado un an\u00e1lisis pormenorizado de las\u00a0<a href=\"https:\/\/www.fotocasa.es\/fotocasa-life\/general\/elecciones-generales-28a-encuestas-indecisos-y-redes-sociales-tres-claves-de-las-proximas-elecciones\/\" target=\"_blank\" rel=\"noopener noreferrer\">propuestas en materia de vivienda y para el mercado inmobiliario que llevan en sus programas electorales lo principales partidos que compiten en las Elecciones Generales del pr\u00f3ximo 28 de abril.<\/a><\/p>\n<p>Puedes leer aqu\u00ed:<\/p>\n<ul>\n<li><a href=\"https:\/\/www.fotocasa.es\/fotocasa-life\/sector\/elecciones-28a-las-nueve-propuestas-de-podemos-en-materia-de-vivienda\/\" target=\"_blank\" rel=\"noopener noreferrer\">Propuestas de Podemos<\/a><\/li>\n<li><a href=\"https:\/\/www.fotocasa.es\/fotocasa-life\/sector\/estas-son-las-propuestas-de-ciudadanos-en-materia-de-vivienda\/\" target=\"_blank\" rel=\"noopener noreferrer\">Propuestas de \u00a0Ciudadanos<\/a><\/li>\n<li><a href=\"https:\/\/www.fotocasa.es\/fotocasa-life\/general\/elecciones-28a-propuestas-psoe-vivienda\/\" target=\"_blank\" rel=\"noopener noreferrer\">Propuestas de PSOE<\/a><\/li>\n<\/ul>\n","protected":false},"excerpt":{"rendered":"<p>\u00bfCu\u00e1les son las propuestas de Vox en cuanto a vivienda? Lo cierto que no muchas, pero las que aparecen en su programa hablan de armas, suelo y competencias.<\/p>\n","protected":false},"author":3,"featured_media":36162,"comment_status":"open","ping_status":"closed","sticky":false,"template":"","format":"standard","meta":{"_lmt_disableupdate":"yes","_lmt_disable":"","footnotes":""},"categories":[1],"tags":[2690,2689,1986],"class_list":["post-36157","post","type-post","status-publish","format-standard","has-post-thumbnail","hentry","category-sin-categoria","tag-elecciones-28a","tag-elecciones-generales-2019","tag-plan-de-vivienda"],"modified_by":null,"_links":{"self":[{"href":"https:\/\/www.fotocasa.es\/fotocasa-life\/wp-json\/wp\/v2\/posts\/36157","targetHints":{"allow":["GET"]}}],"collection":[{"href":"https:\/\/www.fotocasa.es\/fotocasa-life\/wp-json\/wp\/v2\/posts"}],"about":[{"href":"https:\/\/www.fotocasa.es\/fotocasa-life\/wp-json\/wp\/v2\/types\/post"}],"author":[{"embeddable":true,"href":"https:\/\/www.fotocasa.es\/fotocasa-life\/wp-json\/wp\/v2\/users\/3"}],"replies":[{"embeddable":true,"href":"https:\/\/www.fotocasa.es\/fotocasa-life\/wp-json\/wp\/v2\/comments?post=36157"}],"version-history":[{"count":0,"href":"https:\/\/www.fotocasa.es\/fotocasa-life\/wp-json\/wp\/v2\/posts\/36157\/revisions"}],"wp:featuredmedia":[{"embeddable":true,"href":"https:\/\/www.fotocasa.es\/fotocasa-life\/wp-json\/wp\/v2\/media\/36162"}],"wp:attachment":[{"href":"https:\/\/www.fotocasa.es\/fotocasa-life\/wp-json\/wp\/v2\/media?parent=36157"}],"wp:term":[{"taxonomy":"category","embeddable":true,"href":"https:\/\/www.fotocasa.es\/fotocasa-life\/wp-json\/wp\/v2\/categories?post=36157"},{"taxonomy":"post_tag","embeddable":true,"href":"https:\/\/www.fotocasa.es\/fotocasa-life\/wp-json\/wp\/v2\/tags?post=36157"}],"curies":[{"name":"wp","href":"https:\/\/api.w.org\/{rel}","templated":true}]}}