{"id":36107,"date":"2019-04-15T10:48:27","date_gmt":"2019-04-15T09:48:27","guid":{"rendered":"https:\/\/blog-fotocasa-admin.wpsites-scmspain.com\/blog\/?p=36107"},"modified":"2020-11-27T13:21:39","modified_gmt":"2020-11-27T12:21:39","slug":"el-ipc-sube-en-marzo-por-las-gasolinas-y-la-luz","status":"publish","type":"post","link":"https:\/\/www.fotocasa.es\/fotocasa-life\/hipotecas-finanzas\/el-ipc-sube-en-marzo-por-las-gasolinas-y-la-luz\/","title":{"rendered":"El IPC sube en marzo por las gasolinas y la luz"},"content":{"rendered":"<p>El \u00cdndice de Precios de Consumo (IPC) <strong>subi\u00f3 un 0,4% en marzo en relaci\u00f3n al mes anterior<\/strong> y elev\u00f3 dos d\u00e9cimas su tasa interanual, hasta el 1,3%, su segundo repunte consecutivo tras el de febrero y su nivel m\u00e1s alto desde el pasado mes de noviembre, seg\u00fan los datos definitivos publicados por el Instituto Nacional de Estad\u00edstica (INE), que coinciden con los avanzados a finales del mes pasado.<\/p>\n<p>Estad\u00edstica ha atribuido<strong> el repunte de la tasa interanual del IPC de marzo al encarecimiento de las gasolinas y a la evoluci\u00f3n del <a href=\"https:\/\/blog-fotocasa-admin.wpsites-scmspain.com\/blog\/hogar\/energia\/la-factura-de-la-luz-se-reduce-mas-de-un-5-en-febrero\/\" target=\"_blank\" rel=\"noopener\">precio de la electricidad<\/a><\/strong>, que en marzo de 2018 descendi\u00f3 m\u00e1s de lo que lo ha hecho este a\u00f1o.<\/p>\n<p>La tasa interanual de marzo es la trig\u00e9simo primera tasa positiva que encadena el IPC interanual e implica que<strong> los precios son hoy un 1,3% superiores a los de hace un a\u00f1o<\/strong>. Con el dato de marzo, el IPC suma cinco meses consecutivos con tasas interanuales inferiores al 2%.<\/p>\n<p>La <strong>inflaci\u00f3n subyacente<\/strong>, que no incluye los precios de los productos energ\u00e9ticos ni de los alimentos no elaborados, se mantuvo en marzo en el 0,7%, con lo que se sit\u00faa seis d\u00e9cimas por debajo de la del IPC general.<\/p>\n<p>En el tercer mes del a\u00f1o, el \u00cdndice de Precios de Consumo Armonizado (IPCA) situ\u00f3 su tasa anual en el 1,3%, dos d\u00e9cimas m\u00e1s que en febrero.<\/p>\n<p>Seg\u00fan el INE, entre los grupos que contribuyeron en marzo a la aceleraci\u00f3n de la tasa interanual del IPC se encuentran el transporte, que elev\u00f3 m\u00e1s de un punto su tasa anual, hasta el 3%,<strong> por los carburantes, y la vivienda, cuya tasa anual aument\u00f3 tambi\u00e9n m\u00e1s de un punto,<\/strong> hasta el 2,1%, por el comportamiento de los precios de la electricidad.<\/p>\n","protected":false},"excerpt":{"rendered":"<p>El \u00cdndice de Precios de Consumo (IPC) subi\u00f3 un 0,4% en marzo en relaci\u00f3n al mes anterior y elev\u00f3 dos d\u00e9cimas su tasa interanual.<\/p>\n","protected":false},"author":78,"featured_media":31738,"comment_status":"open","ping_status":"closed","sticky":false,"template":"","format":"standard","meta":{"_lmt_disableupdate":"yes","_lmt_disable":"","footnotes":""},"categories":[6],"tags":[118,1020,538,992],"class_list":["post-36107","post","type-post","status-publish","format-standard","has-post-thumbnail","hentry","category-hipotecas-finanzas","tag-economia","tag-economia-espanola","tag-ipc","tag-situacion-de-la-economia"],"modified_by":"fotocasa","_links":{"self":[{"href":"https:\/\/www.fotocasa.es\/fotocasa-life\/wp-json\/wp\/v2\/posts\/36107","targetHints":{"allow":["GET"]}}],"collection":[{"href":"https:\/\/www.fotocasa.es\/fotocasa-life\/wp-json\/wp\/v2\/posts"}],"about":[{"href":"https:\/\/www.fotocasa.es\/fotocasa-life\/wp-json\/wp\/v2\/types\/post"}],"author":[{"embeddable":true,"href":"https:\/\/www.fotocasa.es\/fotocasa-life\/wp-json\/wp\/v2\/users\/78"}],"replies":[{"embeddable":true,"href":"https:\/\/www.fotocasa.es\/fotocasa-life\/wp-json\/wp\/v2\/comments?post=36107"}],"version-history":[{"count":0,"href":"https:\/\/www.fotocasa.es\/fotocasa-life\/wp-json\/wp\/v2\/posts\/36107\/revisions"}],"wp:featuredmedia":[{"embeddable":true,"href":"https:\/\/www.fotocasa.es\/fotocasa-life\/wp-json\/wp\/v2\/media\/31738"}],"wp:attachment":[{"href":"https:\/\/www.fotocasa.es\/fotocasa-life\/wp-json\/wp\/v2\/media?parent=36107"}],"wp:term":[{"taxonomy":"category","embeddable":true,"href":"https:\/\/www.fotocasa.es\/fotocasa-life\/wp-json\/wp\/v2\/categories?post=36107"},{"taxonomy":"post_tag","embeddable":true,"href":"https:\/\/www.fotocasa.es\/fotocasa-life\/wp-json\/wp\/v2\/tags?post=36107"}],"curies":[{"name":"wp","href":"https:\/\/api.w.org\/{rel}","templated":true}]}}