{"id":35799,"date":"2019-04-01T11:52:07","date_gmt":"2019-04-01T10:52:07","guid":{"rendered":"https:\/\/blog-fotocasa-admin.wpsites-scmspain.com\/blog\/?p=35799"},"modified":"2020-11-27T13:22:01","modified_gmt":"2020-11-27T12:22:01","slug":"el-banco-de-espana-confirma-que-el-euribor-descendio-en-marzo-al-0109","status":"publish","type":"post","link":"https:\/\/www.fotocasa.es\/fotocasa-life\/hipotecas-finanzas\/el-banco-de-espana-confirma-que-el-euribor-descendio-en-marzo-al-0109\/","title":{"rendered":"El Banco de Espa\u00f1a confirma que el Eur\u00edbor descendi\u00f3 en marzo al -0,109"},"content":{"rendered":"<p>El Banco de Espa\u00f1a ha confirmado que el Eur\u00edbor, el \u00edndice al que se encuentran referenciadas la mayor\u00eda de las hipotecas espa\u00f1olas, <strong>cerr\u00f3 el mes de marzo en el -0,109%<\/strong>, con lo que encadena m\u00e1s de tres a\u00f1os en negativo.<\/p>\n<p>En tasa diaria, el Eur\u00edbor se situ\u00f3 el viernes 29 de marzo, en el -0,112%, de forma que el \u00edndice <strong>arroj\u00f3 esa media del -0,109, ligeramente inferior al -0,108 del cierre de febrero<\/strong>.<\/p>\n<p>As\u00ed, tras once meses consecutivos subiendo, <strong>el \u00edndice baj\u00f3 ligeramente entre febrero y marzo<\/strong>. Adem\u00e1s, el \u00edndice cerr\u00f3 2018 en -0,129%, por lo que hasta la fecha la variaci\u00f3n ha sido de solo 0,02 puntos.<\/p>\n<p>Con estos valores, las hipotecas de 120.000 euros a 20 a\u00f1os con un diferencial de Eur\u00edbor +1% a las que les toque revisi\u00f3n experimentar\u00e1n un<strong> encarecimiento de unos 52,2 euros en su cuota anual<\/strong> o, lo que es lo mismo, de 4,35 euros al mes.<\/p>\n<p>Asimismo, la instituci\u00f3n gobernada por Pablo Hern\u00e1ndez de Cos ha informado de que el m\u00edbor, el tipo interbancario a un a\u00f1o que serv\u00eda de referencia oficial del mercado hipotecario para las operaciones realizadas con anterioridad al 1 de enero de 2000, <strong>cerr\u00f3 tambi\u00e9n en marzo en el -0,109%.<\/strong><\/p>\n<p>El Eur\u00edbor se adentr\u00f3 en febrero de 2016 en<strong> terreno negativo por primera vez en la historia<\/strong> ante la pol\u00edtica ultraexpansiva del Banco Central Europeo (BCE) para apuntalar la recuperaci\u00f3n en la zona euro, por lo que acumula m\u00e1s de tres a\u00f1os instalado por debajo del 0%.<\/p>\n<p>Sin embargo, el cambio de postura en la pol\u00edtica monetaria del BCE ha propiciado que <strong>el \u00edndice lleve dos meses estancado en el mismo nivel<\/strong>, seg\u00fan indic\u00f3 el analista de XTB Joaqu\u00edn Robles.<\/p>\n<p><strong>El primer mes del a\u00f1o el Eur\u00edbor subi\u00f3 m\u00e1s de un 10%<\/strong> ante la posibilidad de que el BCE incrementase los tipos de inter\u00e9s a finales de este a\u00f1o. \u00abSin embargo, el progresivo empeoramiento econ\u00f3mico ha vuelto a despertar las dudas de la instituci\u00f3n europea, que mantendr\u00e1 los tipos bajos a la espera de la evoluci\u00f3n de la econom\u00eda\u00bb, explic\u00f3 el analista.<\/p>\n<p>&nbsp;<\/p>\n<h3 class=\"ladillo\">Hipotecas a tipo variable<\/h3>\n<p>Desde XTB estiman que, con la coyuntura econ\u00f3mica actual, <strong>el Eur\u00edbor continuar\u00e1 cotizando en negativo durante todo lo que resta de a\u00f1o<\/strong>. En este sentido, tambi\u00e9n la banca espera que la normalizaci\u00f3n monetaria se retrase y est\u00e1 empezando a incrementar los diferenciales ligados a la hipoteca a tipo variable.<\/p>\n<p>\u00abA pesar que durante los \u00faltimos a\u00f1os <strong>se han popularizado las hipotecas a tipo fijo<\/strong>, todav\u00eda pensamos que tendr\u00e1 que pasar mucho tiempo para que las hipotecas ligadas a tipo variable superen el inter\u00e9s de las referenciadas a un tipo fijo. Para que el Eur\u00edbor suba a un 2%, el BCE deber\u00eda subir en ocho ocasiones 25 puntos b\u00e1sicos, y podr\u00eda tardar cerca de cuatro a\u00f1os en hacerlo, si tomamos de referencia el tiempo que ha tardado la Reserva Federal\u00bb, apunt\u00f3 Joaqu\u00edn Robles.<\/p>\n<p>En la misma l\u00ednea, la portavoz de iAhorro Luc\u00eda Veiga ha recordado que <strong>las hipotecas variables siguen siendo las m\u00e1s demandadas por los ciudadanos<\/strong>, con el 62,8% seg\u00fan los datos del INE. \u00abLa decisi\u00f3n del BCE de mantener los tipos y el dato negativo del indicador hacen que muchos ciudadanos sigan apostando por los pr\u00e9stamos variables\u00bb, ha apuntado, por lo que desde la plataforma aconsejan a los clientes que estudien su situaci\u00f3n financiera y comparen las ofertas de varios bancos, escogiendo la que mejor se adapte a su perfil.<\/p>\n","protected":false},"excerpt":{"rendered":"<p>El Banco de Espa\u00f1a ha confirmado que el Eur\u00edbor, el \u00edndice al que se encuentran referenciadas la mayor\u00eda de las hipotecas, cerr\u00f3 marzo en el -0,109%.<\/p>\n","protected":false},"author":37,"featured_media":33212,"comment_status":"open","ping_status":"closed","sticky":false,"template":"","format":"standard","meta":{"_lmt_disableupdate":"yes","_lmt_disable":"","footnotes":""},"categories":[6],"tags":[29,136,2392],"class_list":["post-35799","post","type-post","status-publish","format-standard","has-post-thumbnail","hentry","category-hipotecas-finanzas","tag-banco-de-espana","tag-euribor","tag-hipotecas-y-euribor"],"modified_by":"fotocasa","_links":{"self":[{"href":"https:\/\/www.fotocasa.es\/fotocasa-life\/wp-json\/wp\/v2\/posts\/35799","targetHints":{"allow":["GET"]}}],"collection":[{"href":"https:\/\/www.fotocasa.es\/fotocasa-life\/wp-json\/wp\/v2\/posts"}],"about":[{"href":"https:\/\/www.fotocasa.es\/fotocasa-life\/wp-json\/wp\/v2\/types\/post"}],"author":[{"embeddable":true,"href":"https:\/\/www.fotocasa.es\/fotocasa-life\/wp-json\/wp\/v2\/users\/37"}],"replies":[{"embeddable":true,"href":"https:\/\/www.fotocasa.es\/fotocasa-life\/wp-json\/wp\/v2\/comments?post=35799"}],"version-history":[{"count":0,"href":"https:\/\/www.fotocasa.es\/fotocasa-life\/wp-json\/wp\/v2\/posts\/35799\/revisions"}],"wp:featuredmedia":[{"embeddable":true,"href":"https:\/\/www.fotocasa.es\/fotocasa-life\/wp-json\/wp\/v2\/media\/33212"}],"wp:attachment":[{"href":"https:\/\/www.fotocasa.es\/fotocasa-life\/wp-json\/wp\/v2\/media?parent=35799"}],"wp:term":[{"taxonomy":"category","embeddable":true,"href":"https:\/\/www.fotocasa.es\/fotocasa-life\/wp-json\/wp\/v2\/categories?post=35799"},{"taxonomy":"post_tag","embeddable":true,"href":"https:\/\/www.fotocasa.es\/fotocasa-life\/wp-json\/wp\/v2\/tags?post=35799"}],"curies":[{"name":"wp","href":"https:\/\/api.w.org\/{rel}","templated":true}]}}