{"id":35791,"date":"2019-04-03T15:23:18","date_gmt":"2019-04-03T14:23:18","guid":{"rendered":"https:\/\/blog-fotocasa-admin.wpsites-scmspain.com\/blog\/?p=35791"},"modified":"2020-11-27T13:21:59","modified_gmt":"2020-11-27T12:21:59","slug":"casi-el-30-de-los-espanoles-cree-que-la-situacion-del-pais-mejorara-en-2019","status":"publish","type":"post","link":"https:\/\/www.fotocasa.es\/fotocasa-life\/hipotecas-finanzas\/casi-el-30-de-los-espanoles-cree-que-la-situacion-del-pais-mejorara-en-2019\/","title":{"rendered":"Casi el 30% de los espa\u00f1oles cree que la situaci\u00f3n del pa\u00eds mejorar\u00e1 en 2019"},"content":{"rendered":"<p><strong>Un 28,8% de los espa\u00f1oles considera que la situaci\u00f3n general del pa\u00eds mejorar\u00e1 en el pr\u00f3ximo a\u00f1o,<\/strong> 1,4 puntos m\u00e1s que en febrero, seg\u00fan el Observatorio Cetelem Mensual correspondiente a marzo, que constata que la percepci\u00f3n de la situaci\u00f3n econ\u00f3mica en los pr\u00f3ximos meses por parte de los espa\u00f1oles es de cierto optimismo.<\/p>\n<p>No obstante, <strong>la mayor parte de los espa\u00f1oles, un 48,8%, considera que la situaci\u00f3n general se mantendr\u00e1 estable<\/strong>, aunque experimenta una ligera ca\u00edda respecto a febrero de 1,1 puntos. Respecto al mes de marzo de 2018, esta cifra experimenta una subida de 2,3 puntos.<\/p>\n<p>Asimismo, <strong>los espa\u00f1oles que consideran que la situaci\u00f3n general empeorar\u00e1 disminuyen tambi\u00e9n 0,3 puntos<\/strong> porcentuales con respecto al mes anterior (22,7% en el mes de febrero frente al 22,4% en el mes de marzo). Comparado con el mismo mes del a\u00f1o 2018, el porcentaje aumenta 1,2 puntos porcentuales.<\/p>\n<p>Seg\u00fan el bar\u00f3metro mensual, <strong>los espa\u00f1oles valoran mejor su situaci\u00f3n personal<\/strong> (con una nota de 6,3 sobre 10), que la general del pa\u00eds (5,35). En marzo, la diferencia entre ambas aument\u00f3 cerca de un punto (0,95).<\/p>\n<p><strong>El indicador de la situaci\u00f3n personal disminuy\u00f3 0,07 puntos<\/strong> respecto al mes anterior, qued\u00e1ndose en una nota de 6,37. En el caso de la situaci\u00f3n general se produjo una disminuci\u00f3n de 0,10 puntos.<\/p>\n<p>Comparando las cifras con una perspectiva anual, <strong>la nota otorgada a la situaci\u00f3n general actual ha pasado de un 4,98 en marzo de 2018 a un 5,35 este a\u00f1o<\/strong>, lo que supone un aumento de 0,37 puntos. En lo que respecta a la valoraci\u00f3n de la situaci\u00f3n personal, en marzo del a\u00f1o pasado la nota fue de un 6,07, siendo de un 6,30 el mismo mes de este 2019, lo que supone un aumento de 0,23 puntos.<\/p>\n<p>En cuanto al ahorro <strong>se observa un descenso en el porcentaje de espa\u00f1oles que afirma haber ahorrado en el \u00faltimo mes<\/strong>. As\u00ed, un 47,8% de espa\u00f1oles afirma haber ahorrado en el \u00faltimo mes frente al 50,4%, que lo hizo el mes anterior, lo que significa una disminuci\u00f3n de 2,6 puntos porcentuales. Comparado con el dato del mismo periodo del a\u00f1o anterior, el porcentaje aumenta 8,4 puntos porcentuales.<\/p>\n<p>La intenci\u00f3n de seguir ahorrando contin\u00faa disminuyendo en marzo, siendo <strong>un 40,1% los consumidores que manifiestan esta intenci\u00f3n, 1,9 puntos menos que el mes anterior<\/strong>. Comparado con el dato de hace un a\u00f1o, se observa un incremento de 8,0 puntos porcentuales.<\/p>\n<p><strong>El Top 5 en intenci\u00f3n de compra para los pr\u00f3ximos tres meses ha sido<\/strong>: turismo, con un 21,9%; seguido por tecnolog\u00eda\/inform\u00e1tica, con un 16,6%; textil\/deportes, 15,7%; servicios dentales, con un 14,0%; y smartphones, que con un 13,0% de intenci\u00f3n de compra cierran este ranking.<\/p>\n<p>Por canales, <strong>en el online destaca el turismo<\/strong>, sector que alcanza el 14,2% de intenci\u00f3n de compra para los pr\u00f3ximos 3 meses; tecnolog\u00eda\/Inform\u00e1tica, con un 9,0%; textil\/deportes, con un 7%; smartphones, con un 5,9%; y muebles\/complementos que alcanza un 3,8%.<\/p>\n<p><strong>En el canal &#8216;offline&#8217; destacan los servicios dentales<\/strong>, con un porcentaje de intenci\u00f3n de compra de un 12,9%, muebles\/complementos, con un 9,1%; textil\/deportes, con un 8,7%; belleza, con un 7,8%; y por \u00faltimo tecnolog\u00eda que llega al 7,7%.<\/p>\n","protected":false},"excerpt":{"rendered":"<p>Un 28,8% de los espa\u00f1oles considera que la situaci\u00f3n general del pa\u00eds mejorar\u00e1 en el pr\u00f3ximo a\u00f1o, 1,4 puntos m\u00e1s que en febrero.<\/p>\n","protected":false},"author":78,"featured_media":34138,"comment_status":"open","ping_status":"closed","sticky":false,"template":"","format":"standard","meta":{"_lmt_disableupdate":"yes","_lmt_disable":"","footnotes":""},"categories":[6],"tags":[118,1020,2637,2295,992],"class_list":["post-35791","post","type-post","status-publish","format-standard","has-post-thumbnail","hentry","category-hipotecas-finanzas","tag-economia","tag-economia-espanola","tag-economia-familiar","tag-recuperacion-economica","tag-situacion-de-la-economia"],"modified_by":"fotocasa","_links":{"self":[{"href":"https:\/\/www.fotocasa.es\/fotocasa-life\/wp-json\/wp\/v2\/posts\/35791","targetHints":{"allow":["GET"]}}],"collection":[{"href":"https:\/\/www.fotocasa.es\/fotocasa-life\/wp-json\/wp\/v2\/posts"}],"about":[{"href":"https:\/\/www.fotocasa.es\/fotocasa-life\/wp-json\/wp\/v2\/types\/post"}],"author":[{"embeddable":true,"href":"https:\/\/www.fotocasa.es\/fotocasa-life\/wp-json\/wp\/v2\/users\/78"}],"replies":[{"embeddable":true,"href":"https:\/\/www.fotocasa.es\/fotocasa-life\/wp-json\/wp\/v2\/comments?post=35791"}],"version-history":[{"count":0,"href":"https:\/\/www.fotocasa.es\/fotocasa-life\/wp-json\/wp\/v2\/posts\/35791\/revisions"}],"wp:featuredmedia":[{"embeddable":true,"href":"https:\/\/www.fotocasa.es\/fotocasa-life\/wp-json\/wp\/v2\/media\/34138"}],"wp:attachment":[{"href":"https:\/\/www.fotocasa.es\/fotocasa-life\/wp-json\/wp\/v2\/media?parent=35791"}],"wp:term":[{"taxonomy":"category","embeddable":true,"href":"https:\/\/www.fotocasa.es\/fotocasa-life\/wp-json\/wp\/v2\/categories?post=35791"},{"taxonomy":"post_tag","embeddable":true,"href":"https:\/\/www.fotocasa.es\/fotocasa-life\/wp-json\/wp\/v2\/tags?post=35791"}],"curies":[{"name":"wp","href":"https:\/\/api.w.org\/{rel}","templated":true}]}}