{"id":35773,"date":"2019-04-03T11:20:47","date_gmt":"2019-04-03T10:20:47","guid":{"rendered":"https:\/\/blog-fotocasa-admin.wpsites-scmspain.com\/blog\/?p=35773"},"modified":"2021-05-20T13:29:55","modified_gmt":"2021-05-20T11:29:55","slug":"renta-2018-como-declarar-la-compra-venta-o-alquiler-de-una-vivienda","status":"publish","type":"post","link":"https:\/\/www.fotocasa.es\/fotocasa-life\/hipotecas-finanzas\/renta-2018-como-declarar-la-compra-venta-o-alquiler-de-una-vivienda\/","title":{"rendered":"Renta 2018: c\u00f3mo declarar la compra, venta o alquiler de una vivienda"},"content":{"rendered":"<p><span style=\"font-weight: 400;\">La <strong><a href=\"https:\/\/www.fotocasa.es\/fotocasa-life\/hipotecas-finanzas\/renta-2018-novedad-este-ano\/\">campa\u00f1a de la renta 2018<\/a><\/strong> present\u00f3 algunas novedades respecto a la declaraci\u00f3n de la compraventa de vivienda, por lo que no est\u00e1 de m\u00e1s repasar c\u00f3mo incluirla de forma correcta. Se intensificaron las<strong> inspecciones fiscales sobre los alquileres vacacionales<\/strong> o de corta duraci\u00f3n, provocando confusi\u00f3n en la declaraci\u00f3n de estos ingresos, errores o confusiones que pueden llevar a una sanci\u00f3n posterior.<\/span><\/p>\n<p><strong><a href=\"https:\/\/www.fotocasa.es\/fotocasa-life\/hipotecas-finanzas\/asi-sera-la-declaracion-de-la-renta-2019\/\">\u27a8 Todo sobre la campa\u00f1a de la renta 2019 aqu\u00ed<\/a><\/strong><\/p>\n<p><strong><a href=\"https:\/\/www.fotocasa.es\/fotocasa-life\/hipotecas-finanzas\/\">\u27a8 La actualidad y futuras campa\u00f1as de la renta en Fotocasa<\/a><\/strong><\/p>\n<h3><\/h3>\n<h2>C\u00f3mo declarar la compra de una vivienda<\/h2>\n<h3><b>Qu\u00e9 debes saber si en el \u00faltimo a\u00f1o h<\/b><b>as comprado una vivienda<\/b><\/h3>\n<p><span style=\"font-weight: 400;\"><strong>La deducci\u00f3n por adquisici\u00f3n de vivienda habitual sigue limitada a las que se compraron antes de 2013<\/strong>, siempre que ya se aplicara dicha deducci\u00f3n antes de esa fecha <strong>y con un 15% sobre un m\u00e1ximo de 9.015 euros<\/strong>, incluyendo amortizaci\u00f3n e intereses. En el caso de la adquisici\u00f3n de una segunda vivienda, hay que incluirla en el apartado de imputaci\u00f3n de renta inmobiliaria.<\/span><\/p>\n<p>&nbsp;<\/p>\n<h3><b>Y si has vendido<\/b><b>\u00a0una vivienda te interesa saber que&#8230;<\/b><\/h3>\n<p><span style=\"font-weight: 400;\">En el caso de haber vendido un inmueble, <strong>debe indicarse la ganancia o p\u00e9rdida patrimonial.<\/strong> En t\u00e9rminos generales, si se ha ganado dinero habr\u00e1 que tributar en funci\u00f3n del importe, aunque hay excepciones para mayores de 65 a\u00f1os o en caso de reinversi\u00f3n en vivienda habitual. Si se ha perdido dinero, puede compensarse con otras ganancias patrimoniales del mismo a\u00f1o o de los cuatro ejercicios siguientes.<\/span><\/p>\n<p><img loading=\"lazy\" decoding=\"async\" class=\"alignnone wp-image-34582 size-full\" title=\"declarar la compra de una vivienda\" src=\"https:\/\/www.fotocasa.es\/fotocasa-life\/wp-content\/uploads\/2019\/01\/comprar-para-alquilar-00.jpg\" alt=\"Declarar compraventa\" width=\"980\" height=\"550\" srcset=\"https:\/\/www.fotocasa.es\/fotocasa-life\/wp-content\/uploads\/2019\/01\/comprar-para-alquilar-00.jpg 980w, https:\/\/www.fotocasa.es\/fotocasa-life\/wp-content\/uploads\/2019\/01\/comprar-para-alquilar-00-300x168.jpg 300w, https:\/\/www.fotocasa.es\/fotocasa-life\/wp-content\/uploads\/2019\/01\/comprar-para-alquilar-00-150x84.jpg 150w, https:\/\/www.fotocasa.es\/fotocasa-life\/wp-content\/uploads\/2019\/01\/comprar-para-alquilar-00-768x431.jpg 768w\" sizes=\"auto, (max-width: 980px) 100vw, 980px\" \/><\/p>\n<p>&nbsp;<\/p>\n<h2>C\u00f3mo declarar el alquiler<\/h2>\n<h3><b>\u00bfConoces lo beneficios en el alquiler de larga duraci\u00f3n?<\/b><\/h3>\n<p><span style=\"font-weight: 400;\">Para viviendas en alquiler, el propietario debe declarar los ingresos obtenidos y los gastos de mantenimiento del inmueble. Si el alquiler se destina a uso como vivienda habitual, estos ingresos cuentan con un <\/span><b>beneficio fiscal del 60%<\/b><span style=\"font-weight: 400;\">. Por lo que respecta a los inquilinos, solo podr\u00e1n deducirse los gastos del alquiler quienes firmaron contrato antes de enero de 2015 con car\u00e1cter general. Sin embargo, en algunas comunidades aut\u00f3nomas existen deducciones espec\u00edficas que cabe consultar en cada caso.<\/span><\/p>\n<p>&nbsp;<\/p>\n<h3><b>Ojo a las inspecciones del alquiler vacacional<\/b><\/h3>\n<p><span style=\"font-weight: 400;\">El nuevo plan de control tributario no solo ha aumentado el n\u00famero de inspectores fiscales sino que incide en la b\u00fasqueda de la defraudaci\u00f3n en el sector del alquiler de inmuebles, sobre todo el alquiler vacacional y de corta estancia. <\/span><\/p>\n<blockquote><p><span style=\"font-weight: 400;\">\u201cUtilizan herramientas inform\u00e1ticas que rastrean el c\u00f3digo de todas las p\u00e1ginas web de anuncios de inmuebles.\u00a0<\/span><span style=\"font-weight: 400;\">Con ello son capaces de rastrear las direcciones de los inmuebles y los n\u00fameros de tel\u00e9fono de contacto, y cruzarlos con la informaci\u00f3n que ya tienen en su base de datos para identificar a los propietarios. As\u00ed pueden identificar a quienes han puesto un inmueble en alquiler y no lo declaran\u201d, explica Jos\u00e9 Antonio Mart\u00edn Herrera, vocal de la Junta del\u00a0<a href=\"http:\/\/www.gestoresmadrid.org\/\" target=\"_blank\" rel=\"noopener noreferrer\">Colegio de Gestores Administrativos de Madrid<\/a>. <\/span><\/p><\/blockquote>\n<p><span style=\"font-weight: 400;\">Los casos detectados recibir\u00e1n un mensaje de advertencia en los datos fiscales disponibles en la propia web de la Agencia Tributaria. Las rentas recibidas por este tipo de alquileres no solo hay que declararlas, sino que hay que hacerlo correctamente. \u201cSe han detectado casos de alquileres temporales que se s\u00ed que se declaran, pero que se intentan hacer pasar como alquileres de larga duraci\u00f3n para poder aplicar el beneficio fiscal del 60%. Y la Agencia Tributaria est\u00e1 tambi\u00e9n revisando este tipo de fraude\u201d, a\u00f1ade Mart\u00edn Herrera. <\/span><\/p>\n","protected":false},"excerpt":{"rendered":"<p>La campa\u00f1a de la renta 2018 present\u00f3 algunas novedades respecto a la declaraci\u00f3n de la compraventa de vivienda, por lo que no est\u00e1 de m\u00e1s repasar c\u00f3mo incluirla de forma correcta. Se intensificaron las inspecciones fiscales sobre los alquileres vacacionales o de corta duraci\u00f3n, provocando confusi\u00f3n en la declaraci\u00f3n de estos ingresos, errores o confusiones&#8230;<\/p>\n","protected":false},"author":3,"featured_media":35777,"comment_status":"open","ping_status":"closed","sticky":false,"template":"","format":"standard","meta":{"_lmt_disableupdate":"yes","_lmt_disable":"","footnotes":""},"categories":[6],"tags":[4493],"class_list":["post-35773","post","type-post","status-publish","format-standard","has-post-thumbnail","hentry","category-hipotecas-finanzas","tag-fiscalidad"],"modified_by":"Agustina Battioli","_links":{"self":[{"href":"https:\/\/www.fotocasa.es\/fotocasa-life\/wp-json\/wp\/v2\/posts\/35773","targetHints":{"allow":["GET"]}}],"collection":[{"href":"https:\/\/www.fotocasa.es\/fotocasa-life\/wp-json\/wp\/v2\/posts"}],"about":[{"href":"https:\/\/www.fotocasa.es\/fotocasa-life\/wp-json\/wp\/v2\/types\/post"}],"author":[{"embeddable":true,"href":"https:\/\/www.fotocasa.es\/fotocasa-life\/wp-json\/wp\/v2\/users\/3"}],"replies":[{"embeddable":true,"href":"https:\/\/www.fotocasa.es\/fotocasa-life\/wp-json\/wp\/v2\/comments?post=35773"}],"version-history":[{"count":0,"href":"https:\/\/www.fotocasa.es\/fotocasa-life\/wp-json\/wp\/v2\/posts\/35773\/revisions"}],"wp:featuredmedia":[{"embeddable":true,"href":"https:\/\/www.fotocasa.es\/fotocasa-life\/wp-json\/wp\/v2\/media\/35777"}],"wp:attachment":[{"href":"https:\/\/www.fotocasa.es\/fotocasa-life\/wp-json\/wp\/v2\/media?parent=35773"}],"wp:term":[{"taxonomy":"category","embeddable":true,"href":"https:\/\/www.fotocasa.es\/fotocasa-life\/wp-json\/wp\/v2\/categories?post=35773"},{"taxonomy":"post_tag","embeddable":true,"href":"https:\/\/www.fotocasa.es\/fotocasa-life\/wp-json\/wp\/v2\/tags?post=35773"}],"curies":[{"name":"wp","href":"https:\/\/api.w.org\/{rel}","templated":true}]}}