{"id":35720,"date":"2019-04-08T08:00:54","date_gmt":"2019-04-08T07:00:54","guid":{"rendered":"https:\/\/blog-fotocasa-admin.wpsites-scmspain.com\/blog\/?p=35720"},"modified":"2020-11-27T13:21:49","modified_gmt":"2020-11-27T12:21:49","slug":"especial-declaracion-renta-2018","status":"publish","type":"post","link":"https:\/\/www.fotocasa.es\/fotocasa-life\/hipotecas-finanzas\/especial-declaracion-renta-2018\/","title":{"rendered":"Especial: Declaraci\u00f3n de la Renta 2018"},"content":{"rendered":"<p><\/p>\n<h3><span style=\"font-weight: 400;\">La campa\u00f1a de la Renta 2018 ya se ha iniciado. Desde el 2 de abril y hasta el 1 de julio los contribuyentes tendr\u00e1n tiempo de presentar su declaraci\u00f3n.\u00a0<\/span><\/h3>\n<p>Pero como cada a\u00f1o, hay novedades importantes. En esta ocasi\u00f3n, por ejemplo, el papel dejar\u00e1 de ser una opci\u00f3n para presentar la declaraci\u00f3n. Tambi\u00e9n hay cuestiones nuevas relativas a las prestaciones de maternidad y paternidad, exenciones y deducciones que se incrementan.Adem\u00e1s, es importante tener en cuenta cuestiones como, si en el \u00faltimo a\u00f1o has comprado, vendido o alquilado alguna vivienda. Tambi\u00e9n si has puesto alguna casa en alquiler de larga duraci\u00f3n y andarse con ojo con las inspecciones que se llevar\u00e1n a cabo para el alquiler vacacional.<\/p>\n<h3>Esto es todo lo que debes saber sobre la campa\u00f1a de la Renta 2018:<\/h3>\n<p> <img decoding=\"async\" alt=\"- - - -\" src=\"https:\/\/blog-fotocasa-admin.wpsites-scmspain.com\/blog\/wp-content\/uploads\/2019\/04\/renta-novedades-2018.jpg\" title=\"-\"><\/p>\n<h4 style=\"text-align: center;\"><strong><a href=\"https:\/\/www.fotocasa.es\/fotocasa-life\/hipotecas-finanzas\/renta-2018-novedad-este-ano\/\">Novedades de este a\u00f1o para la campa\u00f1a de la Renta 2018<\/a><\/strong><\/h4>\n<p> <img decoding=\"async\" alt=\"- - - -\" src=\"https:\/\/blog-fotocasa-admin.wpsites-scmspain.com\/blog\/wp-content\/uploads\/2019\/04\/movil-renta.jpg\" title=\"-\"><\/p>\n<h4 style=\"text-align: center;\"><a href=\"https:\/\/www.fotocasa.es\/fotocasa-life\/hipotecas-finanzas\/renta-2018-asi-es-la-app-para-hacer-la-declaracion-desde-el-movil\/\"><strong>As\u00ed es la app para hacer la declaraci\u00f3n desde el m\u00f3vil<\/strong><\/a><\/h4>\n<p> <img decoding=\"async\" alt=\"- - - -\" src=\"https:\/\/blog-fotocasa-admin.wpsites-scmspain.com\/blog\/wp-content\/uploads\/2019\/04\/declarar-compra-venta-vivienda.jpg\" title=\"-\"><\/p>\n<h4 style=\"text-align: center; margin-top: 0.75rem;\"><a href=\"https:\/\/www.fotocasa.es\/fotocasa-life\/hipotecas-finanzas\/renta-2018-como-declarar-la-compra-venta-o-alquiler-de-una-vivienda\/\"><strong>C\u00f3mo declarar la compra, venta o alquiler de una vivienda<\/strong><\/a><\/h4>\n<p> <img decoding=\"async\" alt=\"- - - -\" src=\"https:\/\/blog-fotocasa-admin.wpsites-scmspain.com\/blog\/wp-content\/uploads\/2019\/04\/calendario-renta2018-1.jpg\" title=\"-\"><\/p>\n<h4 style=\"text-align: center; margin-top: 0.75rem;\"><a href=\"https:\/\/www.fotocasa.es\/fotocasa-life\/hipotecas-finanzas\/renta-2018-calendario-detallado\/\" target=\"_blank\" rel=\"noopener noreferrer\"><strong>Calendario detallado para los tr\u00e1mites de la Renta 2018<\/strong><\/a><\/h4>\n<p><\/p>\n","protected":false},"excerpt":{"rendered":"<p>La campa\u00f1a de la Renta 2018 ya ha comenzado. Te contamos las principales novedades, c\u00f3mo usar la app, c\u00f3mo se declara la vivienda y el calendario detallado.<\/p>\n","protected":false},"author":37,"featured_media":35847,"comment_status":"open","ping_status":"closed","sticky":false,"template":"","format":"standard","meta":{"_lmt_disableupdate":"yes","_lmt_disable":"","footnotes":""},"categories":[6],"tags":[2671,350,2672,351,2670],"class_list":["post-35720","post","type-post","status-publish","format-standard","has-post-thumbnail","hentry","category-hipotecas-finanzas","tag-campana-de-la-renta","tag-declaracion-de-la-renta","tag-declaracion-de-la-renta-2018","tag-renta","tag-renta-2018"],"modified_by":null,"_links":{"self":[{"href":"https:\/\/www.fotocasa.es\/fotocasa-life\/wp-json\/wp\/v2\/posts\/35720","targetHints":{"allow":["GET"]}}],"collection":[{"href":"https:\/\/www.fotocasa.es\/fotocasa-life\/wp-json\/wp\/v2\/posts"}],"about":[{"href":"https:\/\/www.fotocasa.es\/fotocasa-life\/wp-json\/wp\/v2\/types\/post"}],"author":[{"embeddable":true,"href":"https:\/\/www.fotocasa.es\/fotocasa-life\/wp-json\/wp\/v2\/users\/37"}],"replies":[{"embeddable":true,"href":"https:\/\/www.fotocasa.es\/fotocasa-life\/wp-json\/wp\/v2\/comments?post=35720"}],"version-history":[{"count":0,"href":"https:\/\/www.fotocasa.es\/fotocasa-life\/wp-json\/wp\/v2\/posts\/35720\/revisions"}],"wp:featuredmedia":[{"embeddable":true,"href":"https:\/\/www.fotocasa.es\/fotocasa-life\/wp-json\/wp\/v2\/media\/35847"}],"wp:attachment":[{"href":"https:\/\/www.fotocasa.es\/fotocasa-life\/wp-json\/wp\/v2\/media?parent=35720"}],"wp:term":[{"taxonomy":"category","embeddable":true,"href":"https:\/\/www.fotocasa.es\/fotocasa-life\/wp-json\/wp\/v2\/categories?post=35720"},{"taxonomy":"post_tag","embeddable":true,"href":"https:\/\/www.fotocasa.es\/fotocasa-life\/wp-json\/wp\/v2\/tags?post=35720"}],"curies":[{"name":"wp","href":"https:\/\/api.w.org\/{rel}","templated":true}]}}