{"id":35697,"date":"2019-04-01T20:54:17","date_gmt":"2019-04-01T19:54:17","guid":{"rendered":"https:\/\/blog-fotocasa-admin.wpsites-scmspain.com\/blog\/?p=35697"},"modified":"2020-11-27T13:22:01","modified_gmt":"2020-11-27T12:22:01","slug":"viviendas-con-salones-que-dan-al-jardin","status":"publish","type":"post","link":"https:\/\/www.fotocasa.es\/fotocasa-life\/hogar\/viviendas-con-salones-que-dan-al-jardin\/","title":{"rendered":"Viviendas con salones que dan al jard\u00edn"},"content":{"rendered":"<h3><\/h3>\n<p>Si hay algo que d\u00e9 vida a una casa es la luz. Y si adem\u00e1s esta se complementa con un poco de vegetaci\u00f3n y espacio para salir al aire libre, mejor que mejor. Una de las grandes ventajas de las <strong>casas con salones que dan a una terraza o jard\u00edn<\/strong> es precisamente esta.<\/p>\n<p>Y es que parece que los salones se alargan y se alargan hacia la luz, algo que se agradece much\u00edsimo en invierno y que es un verdadero regalo en primavera y verano, cuando apetece &#8211; y mucho &#8211; salir a disfrutar del buen tiempo. Por eso hoy queremos proponerte una selecci\u00f3n de viviendas con salones que dan al jard\u00edn. <strong>Te gustar\u00e1n nada m\u00e1s verlas.<\/strong><\/p>\n<p>&nbsp;<\/p>\n<h3>Obra nueva en Mungia, Vizkaya<\/h3>\n<p><\/p>\n<div id=\"attachment_35702\" style=\"width: 990px\" class=\"wp-caption alignnone\"><a href=\"https:\/\/www.fotocasa.es\/es\/comprar\/vivienda\/mungia\/jardin-terraza-parking\/147224282\/d?ai=147224282&amp;RowGrid=6&amp;tti=1&amp;opi=300\"><img loading=\"lazy\" decoding=\"async\" aria-describedby=\"caption-attachment-35702\" class=\"wp-image-35702 size-full\" src=\"https:\/\/blog-fotocasa-admin.wpsites-scmspain.com\/blog\/wp-content\/uploads\/2019\/03\/viviendas-jardin-02.jpg\" alt=\"- - - -\" width=\"980\" height=\"528\" title=\"-\" srcset=\"https:\/\/www.fotocasa.es\/fotocasa-life\/wp-content\/uploads\/2019\/03\/viviendas-jardin-02.jpg 980w, https:\/\/www.fotocasa.es\/fotocasa-life\/wp-content\/uploads\/2019\/03\/viviendas-jardin-02-300x162.jpg 300w, https:\/\/www.fotocasa.es\/fotocasa-life\/wp-content\/uploads\/2019\/03\/viviendas-jardin-02-150x81.jpg 150w, https:\/\/www.fotocasa.es\/fotocasa-life\/wp-content\/uploads\/2019\/03\/viviendas-jardin-02-768x414.jpg 768w\" sizes=\"auto, (max-width: 980px) 100vw, 980px\" \/><\/a><p id=\"caption-attachment-35702\" class=\"wp-caption-text\">Foto: Fotocasa<\/p><\/div>\n<p>Est\u00e1 al Norte y es una verdadera delicia. <a href=\"https:\/\/www.fotocasa.es\/es\/comprar\/vivienda\/mungia\/jardin-terraza-parking\/147224282\/d?ai=147224282&amp;RowGrid=6&amp;tti=1&amp;opi=300\" target=\"_blank\" rel=\"noopener noreferrer\">Esta casa de obra nueva se encuentra a tan solo diez minutos de Bilbao<\/a> y de la playa de Bakio. Est\u00e1 situada en una <strong>urbanizaci\u00f3n con piscina comunitaria, tiene 220 m2 y un jard\u00edn privado<\/strong> que puede ir de los 289 a los 546 metros. Casi nada. La cocina y el sal\u00f3n-comedor salen directamente a un porche cubierto, perfecto para disfrutar de una bonita velada al aire libre.<\/p>\n<p>&nbsp;<\/p>\n<h3>Casa adosada en Benicassim<\/h3>\n<p><\/p>\n<div id=\"attachment_35700\" style=\"width: 990px\" class=\"wp-caption alignnone\"><a href=\"https:\/\/www.fotocasa.es\/es\/comprar\/vivienda\/benicasim-benicassim\/amueblado-zona-comunitaria-piscina-parking-trastero\/150522045\/d?ai=150522045&amp;RowGrid=1&amp;tti=1&amp;opi=300\"><img loading=\"lazy\" decoding=\"async\" aria-describedby=\"caption-attachment-35700\" class=\"wp-image-35700 size-full\" src=\"https:\/\/blog-fotocasa-admin.wpsites-scmspain.com\/blog\/wp-content\/uploads\/2019\/03\/viviendas-jardin-01.jpg\" alt=\"- - - -\" width=\"980\" height=\"437\" title=\"-\" srcset=\"https:\/\/www.fotocasa.es\/fotocasa-life\/wp-content\/uploads\/2019\/03\/viviendas-jardin-01.jpg 980w, https:\/\/www.fotocasa.es\/fotocasa-life\/wp-content\/uploads\/2019\/03\/viviendas-jardin-01-300x134.jpg 300w, https:\/\/www.fotocasa.es\/fotocasa-life\/wp-content\/uploads\/2019\/03\/viviendas-jardin-01-150x67.jpg 150w, https:\/\/www.fotocasa.es\/fotocasa-life\/wp-content\/uploads\/2019\/03\/viviendas-jardin-01-768x342.jpg 768w\" sizes=\"auto, (max-width: 980px) 100vw, 980px\" \/><\/a><p id=\"caption-attachment-35700\" class=\"wp-caption-text\">Foto: Fotocasa<\/p><\/div>\n<p><a href=\"https:\/\/www.fotocasa.es\/es\/comprar\/vivienda\/benicasim-benicassim\/amueblado-zona-comunitaria-piscina-parking-trastero\/150522045\/d?ai=150522045&amp;RowGrid=1&amp;tti=1&amp;opi=300\" target=\"_blank\" rel=\"noopener noreferrer\">Sigamos ahora con esta casa adosada<\/a>, situada en la zona de Benicassim, que tiene 125 m2 y 145 m2 m\u00e1s de terreno. La vivienda se distribuye, primeramente, <strong>en una planta baja con sal\u00f3n y chimenea, con salida a una terraza muy soleada<\/strong> y a un peque\u00f1o jard\u00edn que har\u00e1 las delicias de los amantes de las plantas y la vegetaci\u00f3n en general.<\/p>\n<p>&nbsp;<\/p>\n<h3>Planta baja en Madrid capital<\/h3>\n<p><\/p>\n<div id=\"attachment_35704\" style=\"width: 990px\" class=\"wp-caption alignnone\"><a href=\"https:\/\/www.fotocasa.es\/es\/comprar\/vivienda\/madrid-capital\/aire-acondicionado-calefaccion-terraza-zona-comunitaria-piscina-trastero-ascensor-parking\/150045470\/d?ai=150045470&amp;RowGrid=8&amp;tti=1&amp;opi=300\"><img loading=\"lazy\" decoding=\"async\" aria-describedby=\"caption-attachment-35704\" class=\"size-full wp-image-35704\" src=\"https:\/\/blog-fotocasa-admin.wpsites-scmspain.com\/blog\/wp-content\/uploads\/2019\/03\/viviendas-jardin-03.jpg\" alt=\"- - - -\" width=\"980\" height=\"430\" title=\"-\" srcset=\"https:\/\/www.fotocasa.es\/fotocasa-life\/wp-content\/uploads\/2019\/03\/viviendas-jardin-03.jpg 980w, https:\/\/www.fotocasa.es\/fotocasa-life\/wp-content\/uploads\/2019\/03\/viviendas-jardin-03-300x132.jpg 300w, https:\/\/www.fotocasa.es\/fotocasa-life\/wp-content\/uploads\/2019\/03\/viviendas-jardin-03-150x66.jpg 150w, https:\/\/www.fotocasa.es\/fotocasa-life\/wp-content\/uploads\/2019\/03\/viviendas-jardin-03-768x337.jpg 768w\" sizes=\"auto, (max-width: 980px) 100vw, 980px\" \/><\/a><p id=\"caption-attachment-35704\" class=\"wp-caption-text\">Foto: Fotocasa<\/p><\/div>\n<p><a href=\"https:\/\/www.fotocasa.es\/es\/comprar\/vivienda\/madrid-capital\/aire-acondicionado-calefaccion-terraza-zona-comunitaria-piscina-trastero-ascensor-parking\/150045470\/d?ai=150045470&amp;RowGrid=8&amp;tti=1&amp;opi=300\" target=\"_blank\" rel=\"noopener noreferrer\">Esta hermosa casa situada en Aravaca<\/a> tiene 260 m2, con una terraza de 28 m2 y un jard\u00edn de 424 m2 adicionales. Consta de un amplio sal\u00f3n comedor que comunica con una sala de estar y que tiene salida al porche con orientaci\u00f3n sureste. La cocina, que dispone de zona office, tambi\u00e9n <strong>tiene una salida lateral al jard\u00edn con comedor de verano.\u00a0<\/strong><\/p>\n<p>&nbsp;<\/p>\n<h3>Una chalet en San Sebasti\u00e1n de los Reyes<\/h3>\n<p><\/p>\n<div id=\"attachment_35705\" style=\"width: 990px\" class=\"wp-caption alignnone\"><a href=\"https:\/\/www.fotocasa.es\/es\/comprar\/vivienda\/san-sebastian-de-los-reyes\/jardin-terraza-piscina-piscina\/146794783\/d?ai=146794783&amp;RowGrid=9&amp;tti=1&amp;opi=300\"><img loading=\"lazy\" decoding=\"async\" aria-describedby=\"caption-attachment-35705\" class=\"size-full wp-image-35705\" src=\"https:\/\/blog-fotocasa-admin.wpsites-scmspain.com\/blog\/wp-content\/uploads\/2019\/03\/viviendas-jardin-04.jpg\" alt=\"- - - -\" width=\"980\" height=\"453\" title=\"-\" srcset=\"https:\/\/www.fotocasa.es\/fotocasa-life\/wp-content\/uploads\/2019\/03\/viviendas-jardin-04.jpg 980w, https:\/\/www.fotocasa.es\/fotocasa-life\/wp-content\/uploads\/2019\/03\/viviendas-jardin-04-300x139.jpg 300w, https:\/\/www.fotocasa.es\/fotocasa-life\/wp-content\/uploads\/2019\/03\/viviendas-jardin-04-150x69.jpg 150w, https:\/\/www.fotocasa.es\/fotocasa-life\/wp-content\/uploads\/2019\/03\/viviendas-jardin-04-768x355.jpg 768w\" sizes=\"auto, (max-width: 980px) 100vw, 980px\" \/><\/a><p id=\"caption-attachment-35705\" class=\"wp-caption-text\">Foto: Fotocasa<\/p><\/div>\n<p><a href=\"https:\/\/www.fotocasa.es\/es\/comprar\/vivienda\/san-sebastian-de-los-reyes\/jardin-terraza-piscina-piscina\/146794783\/d?ai=146794783&amp;RowGrid=9&amp;tti=1&amp;opi=300\" target=\"_blank\" rel=\"noopener noreferrer\">Si buscabas una casa que tuviera un sal\u00f3n con salida al jard\u00edn<\/a>, aqu\u00ed tienes una. Pero es que la cocina con office, tambi\u00e9n tiene una <strong>puerta que da al jard\u00edn y a una zona de barbacoa exterior<\/strong>. El sal\u00f3n de este chalet de 650 m2 tambi\u00e9n da a un jard\u00edn precioso, que alcanza los 800 m2 y que tiene orientaci\u00f3n sur.<\/p>\n<p>&nbsp;<\/p>\n<h3>Una casa en Lanzarote<\/h3>\n<p><\/p>\n<div id=\"attachment_35707\" style=\"width: 990px\" class=\"wp-caption alignnone\"><a href=\"https:\/\/www.fotocasa.es\/es\/comprar\/vivienda\/tias\/amueblado-jardin-terraza-piscina-parking-trastero\/146909770\/d?ai=146909770&amp;RowGrid=24&amp;tti=1&amp;opi=300\" target=\"_blank\" rel=\"noopener noreferrer\"><img loading=\"lazy\" decoding=\"async\" aria-describedby=\"caption-attachment-35707\" class=\"wp-image-35707 size-full\" src=\"https:\/\/blog-fotocasa-admin.wpsites-scmspain.com\/blog\/wp-content\/uploads\/2019\/03\/viviendas-jardin-05.jpg\" alt=\"- - - -\" width=\"980\" height=\"459\" title=\"-\" srcset=\"https:\/\/www.fotocasa.es\/fotocasa-life\/wp-content\/uploads\/2019\/03\/viviendas-jardin-05.jpg 980w, https:\/\/www.fotocasa.es\/fotocasa-life\/wp-content\/uploads\/2019\/03\/viviendas-jardin-05-300x141.jpg 300w, https:\/\/www.fotocasa.es\/fotocasa-life\/wp-content\/uploads\/2019\/03\/viviendas-jardin-05-150x70.jpg 150w, https:\/\/www.fotocasa.es\/fotocasa-life\/wp-content\/uploads\/2019\/03\/viviendas-jardin-05-768x360.jpg 768w\" sizes=\"auto, (max-width: 980px) 100vw, 980px\" \/><\/a><p id=\"caption-attachment-35707\" class=\"wp-caption-text\">Foto: Fotocasa<\/p><\/div>\n<p>Y terminamos este viaje en Lanzarote, <a href=\"https:\/\/www.fotocasa.es\/es\/comprar\/vivienda\/tias\/amueblado-jardin-terraza-piscina-parking-trastero\/146909770\/d?ai=146909770&amp;RowGrid=24&amp;tti=1&amp;opi=300\" target=\"_blank\" rel=\"noopener noreferrer\">donde encontramos esta otra casa<\/a> de 115 m2 con tres habitaciones, dos ba\u00f1os y 300 m2 de terreno.<strong> Consta de una gran terraza y jardines que rodean la vivienda<\/strong>, adem\u00e1s de un luminoso sal\u00f3n con comedor con salida al jard\u00edn, adem\u00e1s de un espacio para comer al aire libre y disfrutar del sol junto a la piscina. Uno de los dormitorios tambi\u00e9n tiene puerta de terraza para salir fuera.<\/p>\n","protected":false},"excerpt":{"rendered":"<p>Las viviendas con salones que dan al jard\u00edn son una delicia para los amantes de los hogares luminosos y de la vida al aire libre.<\/p>\n","protected":false},"author":37,"featured_media":35714,"comment_status":"open","ping_status":"closed","sticky":false,"template":"","format":"standard","meta":{"_lmt_disableupdate":"yes","_lmt_disable":"","footnotes":""},"categories":[2285,2697],"tags":[1027,1148,242],"class_list":["post-35697","post","type-post","status-publish","format-standard","has-post-thumbnail","hentry","category-hogar","category-inspiracion","tag-decoracion-de-salones","tag-salon","tag-salones"],"modified_by":null,"_links":{"self":[{"href":"https:\/\/www.fotocasa.es\/fotocasa-life\/wp-json\/wp\/v2\/posts\/35697","targetHints":{"allow":["GET"]}}],"collection":[{"href":"https:\/\/www.fotocasa.es\/fotocasa-life\/wp-json\/wp\/v2\/posts"}],"about":[{"href":"https:\/\/www.fotocasa.es\/fotocasa-life\/wp-json\/wp\/v2\/types\/post"}],"author":[{"embeddable":true,"href":"https:\/\/www.fotocasa.es\/fotocasa-life\/wp-json\/wp\/v2\/users\/37"}],"replies":[{"embeddable":true,"href":"https:\/\/www.fotocasa.es\/fotocasa-life\/wp-json\/wp\/v2\/comments?post=35697"}],"version-history":[{"count":0,"href":"https:\/\/www.fotocasa.es\/fotocasa-life\/wp-json\/wp\/v2\/posts\/35697\/revisions"}],"wp:featuredmedia":[{"embeddable":true,"href":"https:\/\/www.fotocasa.es\/fotocasa-life\/wp-json\/wp\/v2\/media\/35714"}],"wp:attachment":[{"href":"https:\/\/www.fotocasa.es\/fotocasa-life\/wp-json\/wp\/v2\/media?parent=35697"}],"wp:term":[{"taxonomy":"category","embeddable":true,"href":"https:\/\/www.fotocasa.es\/fotocasa-life\/wp-json\/wp\/v2\/categories?post=35697"},{"taxonomy":"post_tag","embeddable":true,"href":"https:\/\/www.fotocasa.es\/fotocasa-life\/wp-json\/wp\/v2\/tags?post=35697"}],"curies":[{"name":"wp","href":"https:\/\/api.w.org\/{rel}","templated":true}]}}