{"id":35622,"date":"2019-03-28T15:45:47","date_gmt":"2019-03-28T14:45:47","guid":{"rendered":"https:\/\/www.fotocasa.es\/fotocasa-life\/?p=35622"},"modified":"2019-03-28T15:45:47","modified_gmt":"2019-03-28T14:45:47","slug":"ugt-pide-que-el-acceso-a-una-vivienda-digna-y-asequible-sea-prioritario-en-los-programas-electorales","status":"publish","type":"post","link":"https:\/\/www.fotocasa.es\/fotocasa-life\/hipotecas-finanzas\/ugt-pide-que-el-acceso-a-una-vivienda-digna-y-asequible-sea-prioritario-en-los-programas-electorales\/","title":{"rendered":"UGT pide que el acceso a una vivienda digna y asequible sea prioritario en los programas electorales"},"content":{"rendered":"<p>UGT ha pedido a los partidos pol\u00edticos que incluyan en sus programas electorales como una <strong>prioridad el garantizar una vivienda \u00abdigna y asequible\u00bb<\/strong> a todos los ciudadanos, recuperando el valor de uso de la vivienda, \u00abfrente a la mera inversi\u00f3n y la especulaci\u00f3n\u00bb.<\/p>\n<p>El sindicato ha argumentado que 56.230 familias perdieron sus hogares el a\u00f1o pasado, 18.945 de ellas por <strong>ejecuciones hipotecarias derivadas de la imposibilidad de pagar las cuotas<\/strong>. Aunque esta cifra es un 15,2% inferior a la registrada en 2017, UGT se\u00f1ala que hay que sumar tambi\u00e9n los desahucios de aquellas familias que viven en pisos de alquiler, 37.285, un 4,5% m\u00e1s.<\/p>\n<p>Para la organizaci\u00f3n que dirige Pepe \u00c1lvarez, <strong>el acceso a la vivienda, bien sea en propiedad o en alquiler, necesita de soluciones inmediatas<\/strong>, y aunque entiende que el nuevo decreto ley sobre medidas urgentes en materia de vivienda y alquiler mejora la anterior normativa de 2013 y va en la buena direcci\u00f3n, las medidas que incluye \u00abno son suficientes\u00bb.<\/p>\n<p>Entre las demandas que hace el sindicato para mejorar la pol\u00edtica de vivienda se encuentran la de <strong>encontrar soluciones habitacionales para las familias que vayan a ser desahuciadas,<\/strong> y promover mecanismos para que aquellas familias que pierdan su vivienda habitual por una ejecuci\u00f3n hipotecaria puedan permanecer en su domicilio o acceder a una vivienda social en r\u00e9gimen de alquiler, a precios acordes con su nivel de renta.<\/p>\n<p>Asimismo, <strong>UGT reclama una ley de segunda oportunidad<\/strong> que evite que las familias que no pueden pagar su hipoteca y act\u00faen de buena fe sean expulsadas de su vivienda, as\u00ed como potenciar desde el Estado la creaci\u00f3n de grandes parques p\u00fablicos de alquiler social.<\/p>\n","protected":false},"excerpt":{"rendered":"<p>UGT ha pedido a los partidos pol\u00edticos que incluyan en sus programas electorales como una prioridad el garantizar una vivienda \u00abdigna y asequible\u00bb.<\/p>\n","protected":false},"author":78,"featured_media":34799,"comment_status":"open","ping_status":"closed","sticky":false,"template":"","format":"standard","meta":{"_lmt_disableupdate":"yes","_lmt_disable":"","footnotes":""},"categories":[6],"tags":[1986,2349],"class_list":["post-35622","post","type-post","status-publish","format-standard","has-post-thumbnail","hentry","category-hipotecas-finanzas","tag-plan-de-vivienda","tag-vivienda-digna"],"modified_by":"fotocasa","_links":{"self":[{"href":"https:\/\/www.fotocasa.es\/fotocasa-life\/wp-json\/wp\/v2\/posts\/35622","targetHints":{"allow":["GET"]}}],"collection":[{"href":"https:\/\/www.fotocasa.es\/fotocasa-life\/wp-json\/wp\/v2\/posts"}],"about":[{"href":"https:\/\/www.fotocasa.es\/fotocasa-life\/wp-json\/wp\/v2\/types\/post"}],"author":[{"embeddable":true,"href":"https:\/\/www.fotocasa.es\/fotocasa-life\/wp-json\/wp\/v2\/users\/78"}],"replies":[{"embeddable":true,"href":"https:\/\/www.fotocasa.es\/fotocasa-life\/wp-json\/wp\/v2\/comments?post=35622"}],"version-history":[{"count":0,"href":"https:\/\/www.fotocasa.es\/fotocasa-life\/wp-json\/wp\/v2\/posts\/35622\/revisions"}],"wp:featuredmedia":[{"embeddable":true,"href":"https:\/\/www.fotocasa.es\/fotocasa-life\/wp-json\/wp\/v2\/media\/34799"}],"wp:attachment":[{"href":"https:\/\/www.fotocasa.es\/fotocasa-life\/wp-json\/wp\/v2\/media?parent=35622"}],"wp:term":[{"taxonomy":"category","embeddable":true,"href":"https:\/\/www.fotocasa.es\/fotocasa-life\/wp-json\/wp\/v2\/categories?post=35622"},{"taxonomy":"post_tag","embeddable":true,"href":"https:\/\/www.fotocasa.es\/fotocasa-life\/wp-json\/wp\/v2\/tags?post=35622"}],"curies":[{"name":"wp","href":"https:\/\/api.w.org\/{rel}","templated":true}]}}