{"id":35342,"date":"2019-03-05T22:38:24","date_gmt":"2019-03-05T21:38:24","guid":{"rendered":"https:\/\/www.fotocasa.es\/fotocasa-life\/?p=35342"},"modified":"2020-11-27T13:23:11","modified_gmt":"2020-11-27T12:23:11","slug":"el-paro-sube-en-3-279-personas-en-febrero-su-peor-registro-desde-2013","status":"publish","type":"post","link":"https:\/\/www.fotocasa.es\/fotocasa-life\/hipotecas-finanzas\/el-paro-sube-en-3-279-personas-en-febrero-su-peor-registro-desde-2013\/","title":{"rendered":"El paro sube en 3.279 personas en febrero, su peor registro desde 2013"},"content":{"rendered":"<p>El n\u00famero de parados registrados en las oficinas de los servicios p\u00fablicos de empleo (antiguo Inem)<strong> subi\u00f3 en 3.279 desempleados en febrero (+0,1%)<\/strong>, su peor registro en este mes desde 2013, cuando aument\u00f3 en m\u00e1s de 59.000 personas.<\/p>\n<p>Tras el repunte de febrero, el volumen total de parados <strong>se sit\u00faa en 3.289.040 desempleados<\/strong>, seg\u00fan ha informado este lunes el Ministerio de Trabajo, Migraciones y Seguridad Social.<\/p>\n<p>Dentro de la serie hist\u00f3rica de febrero, que se inicia en 1996,<strong> el paro ha subido en once ocasiones y ha bajado en trece.<\/strong> El aumento registrado en febrero de este a\u00f1o contrasta con los descensos experimentados en 2014 (-1.949 desempleados), 2015 (-13.538 parados) 2017 (-9.355 desempleados) y 2018 (-6.280 parados). Entre medias, en 2016, se registr\u00f3 un aumento del desempleo de 2.231 personas, inferior, por tanto, al repunte experimentado en febrero de este a\u00f1o.<\/p>\n<p><strong>En el \u00faltimo a\u00f1o, el paro se ha reducido en 181.208 personas,<\/strong> a un ritmo interanual del 5,2%. En t\u00e9rminos desestacionalizados, el paro baj\u00f3 en febrero en 10.445 personas en relaci\u00f3n al mes anterior, seg\u00fan ha destacado Trabajo.<\/p>\n<p>&nbsp;<\/p>\n<h3 class=\"ladillo\">Sube en mujeres y j\u00f3venes y en nueve comunidades<\/h3>\n<p>El incremento del paro en febrero <strong>se ha dejado notar especialmente en la agricultura<\/strong>, que sum\u00f3 9.885 parados (+6,9%), y en el colectivo sin empleo anterior (+7.926 desempleados, +2,9%). Por contra, el desempleo baj\u00f3 en los servicios (-7.581 parados, -0,3%), en la construcci\u00f3n (-4.647 desempleados, -1,7%) y en la industria (-2.304 parados, -0,8%).<\/p>\n<p><strong>El paro aument\u00f3 en febrero s\u00f3lo entre las mujeres<\/strong>, con 3.502 desempleadas m\u00e1s (+0,18%), frente a un leve descenso del desempleo masculino de 223 hombres (-0,02%). As\u00ed, al finalizar febrero, el n\u00famero de mujeres en paro se situ\u00f3 en 1.928.815 y el de varones, en 1.360.225.<\/p>\n<p>Por edades, <strong>el desempleo entre los j\u00f3venes menores de 25 a\u00f1os subi\u00f3 un 4,2% en febrero<\/strong> en relaci\u00f3n al mes anterior, con 10.935 parados m\u00e1s, mientras que el paro de las personas con 25 a\u00f1os y m\u00e1s baj\u00f3 en 7.656 desempleados (-0,2%).<\/p>\n<p><strong>El paro aument\u00f3 en febrero en nueve comunidades aut\u00f3nomas<\/strong>, lideradas por Andaluc\u00eda (+4.596 parados) y Madrid (+3.606 desempleados), y baj\u00f3 en ocho, especialmente en Arag\u00f3n (-2.097 desempleados), Baleares (-2.091) y Catalu\u00f1a (-1.734 desempleados).<\/p>\n<p><strong>Por provincias, el paro se redujo en 29 de ellas<\/strong>, encabezadas por Huelva (-2.249 desempleados) y Baleares (-2.091 parados), y subi\u00f3 en las 23 restantes, principalmente en Ja\u00e9n (+5.250 parados) y Madrid (+3.606).<\/p>\n<p>Entre los extranjeros, <strong>el desempleo subi\u00f3 en 3.587 personas en febrero<\/strong> en relaci\u00f3n al mes anterior (+0,89%), hasta un total de 405.375 parados. En t\u00e9rminos interanuales, son 17.844 parados menos (-4,2%) que en febrero de 2018.<\/p>\n<p>&nbsp;<\/p>\n<h3>Aumentan los contratos, pero no los indefinidos<\/h3>\n<p>En cuanto a la contrataci\u00f3n, <strong>en el segundo mes del a\u00f1o se realizaron 1.571.017 contratos<\/strong>, un 1,6% m\u00e1s que en febrero de 2018, de los que 168.607 fueron contratos indefinidos, el 10,7% del total, con un descenso del 3,2% respecto al mismo mes del a\u00f1o pasado.<\/p>\n<p><strong>Del total de contratos indefinidos realizados en febrero<\/strong>, los contratos a tiempo completo sumaron 103.922, un 1,9% menos que en igual mes de 2018, en tanto que los contratos indefinidos a tiempo parcial totalizaron 64.775, con un retroceso interanual del 5,2%.<\/p>\n<p><strong>En febrero se efectuaron m\u00e1s de 1,39 millones de contratos temporales<\/strong>, de los que el 27,03% eran de obra o servicio con jornada a tiempo completo y el 27,1%, eventuales por circunstancias de la producci\u00f3n, tambi\u00e9n a jornada completa. Los contratos temporales a tiempo parcial representaron el 29,46%.<\/p>\n","protected":false},"excerpt":{"rendered":"<p>El n\u00famero de parados registrados en las oficinas de los servicios p\u00fablicos de empleo (antiguo Inem) subi\u00f3 en 3.279 desempleados en febrero (+0,1%).<\/p>\n","protected":false},"author":78,"featured_media":35344,"comment_status":"open","ping_status":"closed","sticky":false,"template":"","format":"standard","meta":{"_lmt_disableupdate":"yes","_lmt_disable":"","footnotes":""},"categories":[6],"tags":[326],"class_list":["post-35342","post","type-post","status-publish","format-standard","has-post-thumbnail","hentry","category-hipotecas-finanzas","tag-paro"],"modified_by":"fotocasa","_links":{"self":[{"href":"https:\/\/www.fotocasa.es\/fotocasa-life\/wp-json\/wp\/v2\/posts\/35342","targetHints":{"allow":["GET"]}}],"collection":[{"href":"https:\/\/www.fotocasa.es\/fotocasa-life\/wp-json\/wp\/v2\/posts"}],"about":[{"href":"https:\/\/www.fotocasa.es\/fotocasa-life\/wp-json\/wp\/v2\/types\/post"}],"author":[{"embeddable":true,"href":"https:\/\/www.fotocasa.es\/fotocasa-life\/wp-json\/wp\/v2\/users\/78"}],"replies":[{"embeddable":true,"href":"https:\/\/www.fotocasa.es\/fotocasa-life\/wp-json\/wp\/v2\/comments?post=35342"}],"version-history":[{"count":0,"href":"https:\/\/www.fotocasa.es\/fotocasa-life\/wp-json\/wp\/v2\/posts\/35342\/revisions"}],"wp:featuredmedia":[{"embeddable":true,"href":"https:\/\/www.fotocasa.es\/fotocasa-life\/wp-json\/wp\/v2\/media\/35344"}],"wp:attachment":[{"href":"https:\/\/www.fotocasa.es\/fotocasa-life\/wp-json\/wp\/v2\/media?parent=35342"}],"wp:term":[{"taxonomy":"category","embeddable":true,"href":"https:\/\/www.fotocasa.es\/fotocasa-life\/wp-json\/wp\/v2\/categories?post=35342"},{"taxonomy":"post_tag","embeddable":true,"href":"https:\/\/www.fotocasa.es\/fotocasa-life\/wp-json\/wp\/v2\/tags?post=35342"}],"curies":[{"name":"wp","href":"https:\/\/api.w.org\/{rel}","templated":true}]}}