{"id":35242,"date":"2019-03-01T07:00:49","date_gmt":"2019-03-01T06:00:49","guid":{"rendered":"https:\/\/www.fotocasa.es\/fotocasa-life\/?p=35242"},"modified":"2020-11-27T13:23:13","modified_gmt":"2020-11-27T12:23:13","slug":"record-historico-el-euribor-cumple-en-febrero-tres-anos-en-negativo","status":"publish","type":"post","link":"https:\/\/www.fotocasa.es\/fotocasa-life\/hipotecas-finanzas\/record-historico-el-euribor-cumple-en-febrero-tres-anos-en-negativo\/","title":{"rendered":"R\u00e9cord hist\u00f3rico: el Eur\u00edbor cumple en febrero tres a\u00f1os en negativo"},"content":{"rendered":"<p><span style=\"font-weight: 400;\"><strong>El Eur\u00edbor cierra febrero con varios r\u00e9cords.<\/strong> Con este mes, ya son 36 meses o lo que es lo mismo 3 a\u00f1os en los que el indicador se ha mantenido en tasas negativas. Algo nunca visto en los 20 a\u00f1os del \u00edndice hipotecario usado como referencia para el c\u00e1lculo de las hipotecas variables. En concreto, el Eur\u00edbor ha cerrado este mes de febrero en el -0,108%, un 0,008% m\u00e1s que <a href=\"https:\/\/www.fotocasa.es\/fotocasa-life\/hipotecas-finanzas\/el-euribor-cerro-enero-en-el-0116\/\" target=\"_blank\" rel=\"noopener noreferrer\">en el mes de enero de 2019 cuando se situ\u00f3 en el -0,116%<\/a>.<\/span><\/p>\n<p><span style=\"font-weight: 400;\">Hace un a\u00f1o, <strong>el Eur\u00edbor tocaba fondo con el -0,191% por lo que la tasa interanual ha aumentado<\/strong> 0,083 puntos en estos doce meses, el crecimiento m\u00e1s alto registrado desde 2014. En este caso, los ciudadanos que tengan que revisar su hipoteca este mes pagar\u00e1n m\u00e1s cuota que hace un a\u00f1o. <\/span><\/p>\n<p><span style=\"font-weight: 400;\">\u201cPoco a poco el <a href=\"https:\/\/www.fotocasa.es\/fotocasa-life\/hipotecas-finanzas\/evolucionado-euribor-2018-hipotecados\/\" target=\"_blank\" rel=\"noopener noreferrer\">Eur\u00edbor se va a acercando al cero<\/a> aunque es verdad que en este mes de febrero la diferencia con enero es muy peque\u00f1a. El Eur\u00edbor seguir\u00e1 en negativo los pr\u00f3ximos meses y <strong>es muy dif\u00edcil que a corto plazo veamos un cambio dr\u00e1stico<\/strong>. La tendencia seguir\u00e1 siendo creciente y cada vez se acercar\u00e1 m\u00e1s al cero, pero no ser\u00e1 hasta finales de 2019 cuando se llegue a ese punto\u201d, afirma la portavoz del comparador financiero iAhorro.com, Luc\u00eda Veiga. <\/span><\/p>\n<p><span style=\"font-weight: 400;\">El indicado ha seguido subiendo en los dos primeros meses del a\u00f1o, a pesar de que el Banco Central Europeo (BCE) anunci\u00f3 en enero que <strong>mantendr\u00eda los tipos en los pr\u00f3ximos meses<\/strong>. \u201cLa situaci\u00f3n econ\u00f3mica de la zona euro no termina de estabilizarle y el eur\u00edbor es sensible a varios est\u00edmulos por lo que habr\u00e1 que esperar a ver como evolucionan el resto de los \u00edndices macroecon\u00f3micos y c\u00f3mo estos afectan a este \u00edndice. De momento, <strong>los ciudadanos siguen apostando por las hipotecas variables<\/strong>, el 58,6% de las firmadas en 2018 fueron de este tipo frente al 41,4% a tipo fijo\u201d, apunta la portavoz financiera de iAhorro.com.<\/span><\/p>\n<p>&nbsp;<\/p>\n<h3><b>Algunas hipotecas podr\u00edan encarecerse hasta 130 euros al a\u00f1o <\/b><\/h3>\n<p><span style=\"font-weight: 400;\">En el caso de un ciudadano con una hipoteca de 130.000 euros a 20 a\u00f1os con un diferencial de Eur\u00edbor +0,99% <strong>ahora pagar\u00e1 591,04 euros cada mes,<\/strong> 4,53 euros m\u00e1s que hace un a\u00f1o. Por lo que, en el total de 2019 pagar\u00e1 54,30 euros m\u00e1s por su hipoteca. Si el importe de la hipoteca fuera de 300.000 en lugar de 130.000, el hipotecado pagar\u00e1 gasta 125,64 euros m\u00e1s en este a\u00f1o. <\/span><\/p>\n<p><span style=\"font-weight: 400;\">Para una hipoteca de 130.000 euros a un plazo de 30 a\u00f1os y con un diferencial de 0,99%, <strong>el cliente pagar\u00e1 411,12 euros al mes<\/strong>, 56,76 euros m\u00e1s al a\u00f1o comparado con lo que ha pagado durante el 2018. Si la hipoteca fuera de 300.000, el nuevo importe a pagar se disparar\u00eda a 130,92 euros m\u00e1s al a\u00f1o. <\/span><\/p>\n<p><span style=\"font-weight: 400;\"><strong>La diferencia a la hora de pagar la hipoteca ahora o hace un a\u00f1o comienza a crecer poco a poco<\/strong>. \u201cEn este mes ya podemos hablar, en algunos casos, de un encarecimiento de m\u00e1s de 100 euros al a\u00f1o en las hipotecas, aunque es verdad que seguimos lejos de los datos de los a\u00f1os m\u00e1s cr\u00edticos del Eur\u00edbor. A pesar de esto, el indicador sigue en negativo y esto es una buena noticia para los ciudadanos que tienen hipotecas variables\u201d, se\u00f1ala Luc\u00eda Veiga.<\/span><\/p>\n","protected":false},"excerpt":{"rendered":"<p>El Eur\u00edbor cierra febrero con varios r\u00e9cords. Con este, ya son 36 meses en los que el indicador se ha mantenido en tasas negativas. <\/p>\n","protected":false},"author":6,"featured_media":32040,"comment_status":"open","ping_status":"closed","sticky":false,"template":"","format":"standard","meta":{"_lmt_disableupdate":"yes","_lmt_disable":"","footnotes":""},"categories":[6],"tags":[136,2392],"class_list":["post-35242","post","type-post","status-publish","format-standard","has-post-thumbnail","hentry","category-hipotecas-finanzas","tag-euribor","tag-hipotecas-y-euribor"],"modified_by":"fotocasa","_links":{"self":[{"href":"https:\/\/www.fotocasa.es\/fotocasa-life\/wp-json\/wp\/v2\/posts\/35242","targetHints":{"allow":["GET"]}}],"collection":[{"href":"https:\/\/www.fotocasa.es\/fotocasa-life\/wp-json\/wp\/v2\/posts"}],"about":[{"href":"https:\/\/www.fotocasa.es\/fotocasa-life\/wp-json\/wp\/v2\/types\/post"}],"author":[{"embeddable":true,"href":"https:\/\/www.fotocasa.es\/fotocasa-life\/wp-json\/wp\/v2\/users\/6"}],"replies":[{"embeddable":true,"href":"https:\/\/www.fotocasa.es\/fotocasa-life\/wp-json\/wp\/v2\/comments?post=35242"}],"version-history":[{"count":0,"href":"https:\/\/www.fotocasa.es\/fotocasa-life\/wp-json\/wp\/v2\/posts\/35242\/revisions"}],"wp:featuredmedia":[{"embeddable":true,"href":"https:\/\/www.fotocasa.es\/fotocasa-life\/wp-json\/wp\/v2\/media\/32040"}],"wp:attachment":[{"href":"https:\/\/www.fotocasa.es\/fotocasa-life\/wp-json\/wp\/v2\/media?parent=35242"}],"wp:term":[{"taxonomy":"category","embeddable":true,"href":"https:\/\/www.fotocasa.es\/fotocasa-life\/wp-json\/wp\/v2\/categories?post=35242"},{"taxonomy":"post_tag","embeddable":true,"href":"https:\/\/www.fotocasa.es\/fotocasa-life\/wp-json\/wp\/v2\/tags?post=35242"}],"curies":[{"name":"wp","href":"https:\/\/api.w.org\/{rel}","templated":true}]}}