{"id":3502,"date":"2014-10-06T13:57:56","date_gmt":"2014-10-06T11:57:56","guid":{"rendered":"https:\/\/www.fotocasa.es\/fotocasa-life\/?p=3502"},"modified":"2014-10-12T20:03:39","modified_gmt":"2014-10-12T18:03:39","slug":"el-catastro-amplia-el-plazo-para-regularizar-inmuebles-sin-declarar","status":"publish","type":"post","link":"https:\/\/www.fotocasa.es\/fotocasa-life\/compraventa\/el-catastro-amplia-el-plazo-para-regularizar-inmuebles-sin-declarar\/","title":{"rendered":"El Catastro ampl\u00eda el plazo para regularizar inmuebles sin declarar"},"content":{"rendered":"<p>La <a title=\"Direcci\u00f3n General del Catastro\" href=\"http:\/\/www.catastro.meh.es\/\" target=\"_blank\" rel=\"noopener noreferrer\"><strong>Direcci\u00f3n General del Catastro<\/strong><\/a> ha decidido dar m\u00e1s tiempo para llevar a cabo la regularizaci\u00f3n catastral en 342 municipios al haber detectado un mayor n\u00famero de inmuebles omitidos de los previstos, seg\u00fan el Bolet\u00edn Oficial del Estado (BOE).<\/p>\n<p>Una primera resoluci\u00f3n del Catastro del 5 de marzo de 2014 determinaba que el 30 de octubre finalizaba el t\u00e9rmino del procedimiento de <strong><a title=\"Hacienda aumentar\u00e1 el valor catastral de 7,4 millones de inmuebles en 2015\" href=\"https:\/\/www.fotocasa.es\/fotocasa-life\/compraventa\/hacienda-aumentara-el-valor-catastral-de-74-millones-de-inmuebles-en-2015\/\">regularizaci\u00f3n catastral<\/a><\/strong>. Si bien, una nueva resoluci\u00f3n indica que \u00aben algunos de estos 342 municipios, la detecci\u00f3n de inmuebles omitidos supera la estimaci\u00f3n inicial, por lo que el plazo previsto resulta insuficiente para realizar de forma completa los trabajos para su incorporaci\u00f3n al Catastro\u00bb. Por ello, el Catastro se da ahora hasta el 30 de noviembre de 2014 para finalizar este procedimiento.<\/p>\n<p>Los municipios en cuesti\u00f3n se localizan en las provincias de Alicante, Barcelona, C\u00e1diz, Cantabria, C\u00f3rdoba, Cuenca, A Coru\u00f1a, Girona, Huesca, M\u00e1laga, Ourense, Pontevedra, Sevilla, Soria, Tarragona y Toledo.<\/p>\n<p>&nbsp;<\/p>\n","protected":false},"excerpt":{"rendered":"<p>La Direcci\u00f3n General del Catastro ha decidido dar m\u00e1s tiempo para llevar a cabo la regularizaci\u00f3n catastral en 342 municipios al haber detectado un mayor n\u00famero de inmuebles omitidos de los previstos, seg\u00fan el Bolet\u00edn Oficial del Estado (BOE). Una primera resoluci\u00f3n del Catastro del 5 de marzo de 2014 determinaba que el 30 de&#8230;<\/p>\n","protected":false},"author":3,"featured_media":2644,"comment_status":"open","ping_status":"open","sticky":false,"template":"","format":"standard","meta":{"_lmt_disableupdate":"yes","_lmt_disable":"","footnotes":""},"categories":[3],"tags":[853,849,291],"class_list":["post-3502","post","type-post","status-publish","format-standard","has-post-thumbnail","hentry","category-compraventa","tag-boe","tag-catastro","tag-valor-catastral"],"modified_by":"Agustina Battioli","_links":{"self":[{"href":"https:\/\/www.fotocasa.es\/fotocasa-life\/wp-json\/wp\/v2\/posts\/3502","targetHints":{"allow":["GET"]}}],"collection":[{"href":"https:\/\/www.fotocasa.es\/fotocasa-life\/wp-json\/wp\/v2\/posts"}],"about":[{"href":"https:\/\/www.fotocasa.es\/fotocasa-life\/wp-json\/wp\/v2\/types\/post"}],"author":[{"embeddable":true,"href":"https:\/\/www.fotocasa.es\/fotocasa-life\/wp-json\/wp\/v2\/users\/3"}],"replies":[{"embeddable":true,"href":"https:\/\/www.fotocasa.es\/fotocasa-life\/wp-json\/wp\/v2\/comments?post=3502"}],"version-history":[{"count":0,"href":"https:\/\/www.fotocasa.es\/fotocasa-life\/wp-json\/wp\/v2\/posts\/3502\/revisions"}],"wp:featuredmedia":[{"embeddable":true,"href":"https:\/\/www.fotocasa.es\/fotocasa-life\/wp-json\/wp\/v2\/media\/2644"}],"wp:attachment":[{"href":"https:\/\/www.fotocasa.es\/fotocasa-life\/wp-json\/wp\/v2\/media?parent=3502"}],"wp:term":[{"taxonomy":"category","embeddable":true,"href":"https:\/\/www.fotocasa.es\/fotocasa-life\/wp-json\/wp\/v2\/categories?post=3502"},{"taxonomy":"post_tag","embeddable":true,"href":"https:\/\/www.fotocasa.es\/fotocasa-life\/wp-json\/wp\/v2\/tags?post=3502"}],"curies":[{"name":"wp","href":"https:\/\/api.w.org\/{rel}","templated":true}]}}