{"id":34787,"date":"2019-02-05T16:00:58","date_gmt":"2019-02-05T15:00:58","guid":{"rendered":"https:\/\/www.fotocasa.es\/fotocasa-life\/?p=34787"},"modified":"2020-11-27T13:25:23","modified_gmt":"2020-11-27T12:25:23","slug":"la-red-inmobiliaria-century21-espana-renueva-su-imagen-de-marca","status":"publish","type":"post","link":"https:\/\/www.fotocasa.es\/fotocasa-life\/sector\/la-red-inmobiliaria-century21-espana-renueva-su-imagen-de-marca\/","title":{"rendered":"La red inmobiliaria CENTURY21 Espa\u00f1a renueva su imagen de marca"},"content":{"rendered":"<p><a href=\"http:\/\/www.century21.es\/\" target=\"_blank\" rel=\"noopener noreferrer\"><b>CENTURY21 Espa\u00f1a<\/b><\/a>\u00a0ha realizado un cambio radical en su imagen de marca. Por primera vez en 47 a\u00f1os de existencia, la marca CENTURY21 presenta una <strong>identidad corporativa completamente diferente<\/strong> de las anteriores en todos los pa\u00edses donde opera. Con un dise\u00f1o innovador, m\u00e1s contempor\u00e1neo, claro y sofisticado, la red CENTURY21 reinventa su marca ic\u00f3nica y familiar para hacerla a\u00fan m\u00e1s fuerte, atractiva y relevante.<\/p>\n<p><span style=\"font-weight: 400;\">Durante muchos a\u00f1os, el negro y el amarillo estuvieron vinculados al logotipo de CENTURY21, y ahora dan paso a <strong>dos colores que armonizan y se complementan<\/strong> para generar un estilo de marca actual, elegante e innovador.<\/span><\/p>\n<p><span style=\"font-weight: 400;\">La creaci\u00f3n de una nueva imagen de CENTURY21 responde a un <strong>reposicionamiento de la firma ante los desaf\u00edos de un mercado inmobiliario complejo<\/strong>, con un consumidor m\u00e1s exigente y en continuo proceso de cambio<\/span><\/p>\n<p><span style=\"font-weight: 400;\">CENTURY21 mantiene el eslogan que siempre la ha distinguido<\/span><b>: \u201cHacemos todo por su casa\u201d. <\/b><span style=\"font-weight: 400;\">Un posicionamiento asociado a los cuatro valores clave que han permitido alcanzar el \u00e9xito de la empresa en el sector mediante <\/span><b>la calidad, fiabilidad, seguridad y liderazgo. <\/b><\/p>\n","protected":false},"excerpt":{"rendered":"<p>Por primera vez en 47 a\u00f1os de existencia, la marca CENTURY21 presenta una identidad corporativa completamente diferente en todos los pa\u00edses.<\/p>\n","protected":false},"author":37,"featured_media":34792,"comment_status":"open","ping_status":"closed","sticky":false,"template":"","format":"standard","meta":{"_lmt_disableupdate":"yes","_lmt_disable":"","footnotes":""},"categories":[2327],"tags":[1402,245],"class_list":["post-34787","post","type-post","status-publish","format-standard","has-post-thumbnail","hentry","category-sector","tag-inmobiliaria","tag-sector-inmobiliario"],"modified_by":"fotocasa","_links":{"self":[{"href":"https:\/\/www.fotocasa.es\/fotocasa-life\/wp-json\/wp\/v2\/posts\/34787","targetHints":{"allow":["GET"]}}],"collection":[{"href":"https:\/\/www.fotocasa.es\/fotocasa-life\/wp-json\/wp\/v2\/posts"}],"about":[{"href":"https:\/\/www.fotocasa.es\/fotocasa-life\/wp-json\/wp\/v2\/types\/post"}],"author":[{"embeddable":true,"href":"https:\/\/www.fotocasa.es\/fotocasa-life\/wp-json\/wp\/v2\/users\/37"}],"replies":[{"embeddable":true,"href":"https:\/\/www.fotocasa.es\/fotocasa-life\/wp-json\/wp\/v2\/comments?post=34787"}],"version-history":[{"count":0,"href":"https:\/\/www.fotocasa.es\/fotocasa-life\/wp-json\/wp\/v2\/posts\/34787\/revisions"}],"wp:featuredmedia":[{"embeddable":true,"href":"https:\/\/www.fotocasa.es\/fotocasa-life\/wp-json\/wp\/v2\/media\/34792"}],"wp:attachment":[{"href":"https:\/\/www.fotocasa.es\/fotocasa-life\/wp-json\/wp\/v2\/media?parent=34787"}],"wp:term":[{"taxonomy":"category","embeddable":true,"href":"https:\/\/www.fotocasa.es\/fotocasa-life\/wp-json\/wp\/v2\/categories?post=34787"},{"taxonomy":"post_tag","embeddable":true,"href":"https:\/\/www.fotocasa.es\/fotocasa-life\/wp-json\/wp\/v2\/tags?post=34787"}],"curies":[{"name":"wp","href":"https:\/\/api.w.org\/{rel}","templated":true}]}}