{"id":34766,"date":"2019-02-05T10:35:11","date_gmt":"2019-02-05T09:35:11","guid":{"rendered":"https:\/\/www.fotocasa.es\/fotocasa-life\/?p=34766"},"modified":"2020-11-27T13:25:24","modified_gmt":"2020-11-27T12:25:24","slug":"el-paro-sube-en-83-464-personas-en-enero","status":"publish","type":"post","link":"https:\/\/www.fotocasa.es\/fotocasa-life\/hipotecas-finanzas\/el-paro-sube-en-83-464-personas-en-enero\/","title":{"rendered":"El paro sube en 83.464 personas en enero"},"content":{"rendered":"<p>El n\u00famero de parados registrados en las oficinas de los servicios p\u00fablicos de empleo\u00a0<strong>subi\u00f3 en 83.464 desempleados en enero (+2,6%),<\/strong> su mayor alza en este mes desde 2014, cuando el paro se increment\u00f3 en m\u00e1s de 113.000 personas. Tras el repunte de enero, el volumen total de parados se sit\u00faa en 3.285.761 desempleados, seg\u00fan ha informado este lunes el Ministerio de Trabajo, Migraciones y Seguridad Social.<\/p>\n<p>Dentro de la serie hist\u00f3rica, que se inicia en 1997, <strong>el paro ha subido en todos los meses de enero<\/strong>. El aumento registrado este a\u00f1o ha superado los repuntes de 2018 (+63.747 parados), 2017 (+57.257 desempleados), 2016 (+57.247 parados) y 2015 (+77.980 desempleados). El peor enero de la serie se registr\u00f3 en 2009, cuando casi 200.000 personas se apuntaron a la listas del antiguo Inem.<\/p>\n<p>En t\u00e9rminos desestacionalizados, el paro registrado subi\u00f3 en 3.292 personas en el primer mes del a\u00f1o. En el \u00faltimo a\u00f1o,<strong> el paro se ha reducido en 190.767 personas<\/strong>, a un ritmo interanual del 5,49%.<\/p>\n<p>&nbsp;<\/p>\n<p><iframe id=\"ep-chart-4de9666b-7e66-49aa-a9a8-f42b94966f4d-106\" style=\"width: 100%; min-height: 450px; overflow: hidden;\" src=\"https:\/\/www.epdata.es\/embed\/4de9666b-7e66-49aa-a9a8-f42b94966f4d-106\/450\" height=\"450\" frameborder=\"0\" scrolling=\"no\"><\/iframe><\/p>\n<p>&nbsp;<\/p>\n<h3 class=\"ladillo\">Sube m\u00e1s en las mujeres y en todas las comunidades<\/h3>\n<p>Tras el fin de la campa\u00f1a de Navidad, <strong>el aumento del paro se dej\u00f3 notar especialmente en el sector servicios<\/strong>, que sum\u00f3 85.584 parados en enero en relaci\u00f3n al mes anterior (+3,8%), seguido de la agricultura, con 4.920 desempleados m\u00e1s (+3,5%), y de la industria (+1.202 parados m\u00e1s, +0,4%). Por contra, el desempleo baj\u00f3 en la construcci\u00f3n (-6.896 desempleados, -2,5%) y en el colectivo sin empleo anterior (-1.346 parados, -0,5%).<\/p>\n<p>El paro aument\u00f3 en enero en ambos sexos, <strong>aunque m\u00e1s entre las mujeres, con 60.260 desempleadas m\u00e1s<\/strong> (+3,2%), frente a un incremento del desempleo masculino de 23.204 hombres (+1,7%). As\u00ed, al finalizar enero, el n\u00famero de mujeres en paro se situ\u00f3 en 1.925.313 y el de varones, en 1.360.448.<\/p>\n<p>Por edades, <strong>el desempleo entre los j\u00f3venes menores de 25 a\u00f1os subi\u00f3 un 4,1% en enero<\/strong> en relaci\u00f3n al mes anterior, con 10.252 parados m\u00e1s, mientras que el paro de las personas con 25 a\u00f1os y m\u00e1s se increment\u00f3 en 73.212 desempleados (+2,5%).<\/p>\n<p>El paro aument\u00f3 en enero en <strong>todas las comunidades aut\u00f3nomas<\/strong>, lideradas por Andaluc\u00eda (+19.996 parados); Madrid (+11.308) y Comunidad Valenciana (+9.369). Por provincias, s\u00f3lo se redujo en Huelva (-1.572 desempleados) y Melilla (-87 parados) y subi\u00f3 en el resto, principalmente en Madrid (+11.308 parados), Sevilla (+4.732) y M\u00e1laga (+4.716).<\/p>\n<p>Entre los <strong>extranjeros<\/strong>, el desempleo subi\u00f3 en 8.038 personas en enero en relaci\u00f3n al mes anterior (+2%), hasta un total de 401.788 parados. En t\u00e9rminos interanuales, son 19.650 parados menos (-4,6%) que en enero de 2018.<\/p>\n<p>&nbsp;<\/p>\n<h3>Aumentan los contratos<\/h3>\n<p>En cuanto a la contrataci\u00f3n,<strong> en el primer mes del a\u00f1o se realizaron 1.858.077 contratos<\/strong>, un 6,2% m\u00e1s que en enero de 2018, de los que 181.348 fueron contratos indefinidos, el 9,7% del total, con un incremento del 4,8% respecto al mismo mes del a\u00f1o pasado.<\/p>\n<p>Del total de contratos indefinidos realizados en enero, <strong>los contratos a tiempo completo sumaron 115.706<\/strong>, un 6,6% m\u00e1s que en igual mes de 2018, en tanto que los contratos indefinidos a tiempo parcial totalizaron 65.642, con un aumento interanual del 1,9%.<\/p>\n<p><strong>En enero se efectuaron m\u00e1s de 1,6 millones de contratos temporales<\/strong>, de los que 28,8% eran de obra o servicio con jornada a tiempo completo y el 28,1%, eventuales por circunstancias de la producci\u00f3n, tambi\u00e9n a jornada completa. Los contratos temporales a tiempo parcial representaron el 27,58%.<\/p>\n","protected":false},"excerpt":{"rendered":"<p>El n\u00famero de parados registrados en las oficinas de los servicios p\u00fablicos de empleo\u00a0subi\u00f3 en 83.464 desempleados en enero (+2,6%).<\/p>\n","protected":false},"author":78,"featured_media":34769,"comment_status":"open","ping_status":"closed","sticky":false,"template":"","format":"standard","meta":{"_lmt_disableupdate":"yes","_lmt_disable":"","footnotes":""},"categories":[6],"tags":[326],"class_list":["post-34766","post","type-post","status-publish","format-standard","has-post-thumbnail","hentry","category-hipotecas-finanzas","tag-paro"],"modified_by":"fotocasa","_links":{"self":[{"href":"https:\/\/www.fotocasa.es\/fotocasa-life\/wp-json\/wp\/v2\/posts\/34766","targetHints":{"allow":["GET"]}}],"collection":[{"href":"https:\/\/www.fotocasa.es\/fotocasa-life\/wp-json\/wp\/v2\/posts"}],"about":[{"href":"https:\/\/www.fotocasa.es\/fotocasa-life\/wp-json\/wp\/v2\/types\/post"}],"author":[{"embeddable":true,"href":"https:\/\/www.fotocasa.es\/fotocasa-life\/wp-json\/wp\/v2\/users\/78"}],"replies":[{"embeddable":true,"href":"https:\/\/www.fotocasa.es\/fotocasa-life\/wp-json\/wp\/v2\/comments?post=34766"}],"version-history":[{"count":0,"href":"https:\/\/www.fotocasa.es\/fotocasa-life\/wp-json\/wp\/v2\/posts\/34766\/revisions"}],"wp:featuredmedia":[{"embeddable":true,"href":"https:\/\/www.fotocasa.es\/fotocasa-life\/wp-json\/wp\/v2\/media\/34769"}],"wp:attachment":[{"href":"https:\/\/www.fotocasa.es\/fotocasa-life\/wp-json\/wp\/v2\/media?parent=34766"}],"wp:term":[{"taxonomy":"category","embeddable":true,"href":"https:\/\/www.fotocasa.es\/fotocasa-life\/wp-json\/wp\/v2\/categories?post=34766"},{"taxonomy":"post_tag","embeddable":true,"href":"https:\/\/www.fotocasa.es\/fotocasa-life\/wp-json\/wp\/v2\/tags?post=34766"}],"curies":[{"name":"wp","href":"https:\/\/api.w.org\/{rel}","templated":true}]}}