{"id":34763,"date":"2019-02-04T15:40:42","date_gmt":"2019-02-04T14:40:42","guid":{"rendered":"https:\/\/www.fotocasa.es\/fotocasa-life\/?p=34763"},"modified":"2020-11-27T13:25:25","modified_gmt":"2020-11-27T12:25:25","slug":"el-euribor-cerro-enero-en-el-0116","status":"publish","type":"post","link":"https:\/\/www.fotocasa.es\/fotocasa-life\/hipotecas-finanzas\/el-euribor-cerro-enero-en-el-0116\/","title":{"rendered":"El Eur\u00edbor cerr\u00f3 enero en el -0,116%"},"content":{"rendered":"<p>El Banco de Espa\u00f1a ha confirmado que el <a href=\"https:\/\/www.fotocasa.es\/fotocasa-life\/hipotecas-finanzas\/evolucionado-euribor-2018-hipotecados\/\">Eur\u00edbor<\/a>, el \u00edndice al que se encuentra referenciadas la mayor\u00eda de las hipotecas espa\u00f1olas, <strong>cerr\u00f3 el mes de enero en el -0,116%,<\/strong> por lo que subi\u00f3 por d\u00e9cimo mes consecutivo.<\/p>\n<p>En tasa diaria, <strong>el Eur\u00edbor se situ\u00f3 el jueves, \u00faltimo d\u00eda del mes<\/strong>, en el -0,109%, de forma que el \u00edndice arroj\u00f3 una media del -0,116%, frente al -0,129% de diciembre, con lo que <a href=\"https:\/\/www.fotocasa.es\/fotocasa-life\/hipotecas-finanzas\/el-euribor-cierra-el-ano-en-el-0128-y-confirma-su-nueva-direccion-alcista\/\">confirma claramente su nueva direcci\u00f3n alcista<\/a>.<\/p>\n<p>Con estos valores, las hipotecas de <strong>120.000 euros a 20 a\u00f1os con un diferencial de Eur\u00edbor +1%<\/strong> a las que les toque revisi\u00f3n experimentar\u00e1n un encarecimiento de unos 46,44 euros en su cuota anual o, lo que es lo mismo, de 3,87 euros al mes.<\/p>\n<p>Asimismo, la instituci\u00f3n gobernada por Pablo Hern\u00e1ndez de Cos ha informado de que el m\u00edbor, el tipo interbancario a un a\u00f1o que serv\u00eda de referencia oficial del mercado hipotecario para las operaciones realizadas con anterioridad al 1 de enero de 2000, <strong>cerr\u00f3 tambi\u00e9n en diciembre en el -0,116%.<\/strong><\/p>\n<p>El Eur\u00edbor se adentr\u00f3 en febrero de 2016 en terreno negativo por primera vez en la historia ante la pol\u00edtica ultraexpansiva del Banco Central Europeo (BCE) para <strong>apuntalar la recuperaci\u00f3n en la zona euro<\/strong>, por lo que ya acumula dos a\u00f1os instalado por debajo del 0%.<\/p>\n<p>&nbsp;<\/p>\n<h3 class=\"ladillo\">La tendencia alcista continuar\u00e1 en 2019<\/h3>\n<p>El analista de XTB Rodrigo Garc\u00eda ha explicado que <strong>el cambio de tendencia que experimenta el indicador es positivo para los bancos y negativo para los hipotecados<\/strong>, tanto para aquellos que van a ver c\u00f3mo sus hipotecas se revisan en este periodo, como para los que quieran contratar de forma inminente alg\u00fan producto referenciado al Eur\u00edbor.<\/p>\n<p>En cualquier caso, ha destacado que lo m\u00e1s relevante no es la subida en s\u00ed, que <strong>en t\u00e9rminos porcentuales sigue siendo totalmente residual,<\/strong> sino el hecho de que en este nuevo a\u00f1o contin\u00fae la tendencia al alza.<\/p>\n<p>Entre los motivos que han impulsado este comportamiento, el analista ha apuntado a las <strong>expectativas que tienen lugar en el mercado.<\/strong> \u00abLas pol\u00edticas expansivas del BCE est\u00e1n a punto de concluir y el mercado espera, m\u00e1s pronto que tarde, avances hacia la normalizaci\u00f3n monetaria\u00bb, ha se\u00f1alado.<\/p>\n<p>Aunque el presidente del organismo europeo, Mario Draghi, anunci\u00f3 hace unos d\u00edas que <strong>debe imperar la prudencia a la hora de subir tipos<\/strong>, \u00abel mercado considera que el BCE est\u00e1 en un momento en el que se est\u00e1 poniendo la venda antes de la herida\u00bb, ha explicado el analista, quien ha explicado que tampoco la expresi\u00f3n \u00abdesaceleraci\u00f3n economica\u00bb pronunciada por el banquero parece haber asustado al mercado. \u00abCuanto m\u00e1s pr\u00f3ximo perciba el mercado que se est\u00e9 cerca de una subida de tipos, mayores subidas experimentar\u00e1 el Eur\u00edbor\u00bb, ha apostillado.<\/p>\n<p>Desde XTB no ven <strong>ning\u00fan motivo para pensar que el \u00edndice vaya a romper esta tendencia al alza<\/strong> en ning\u00fan momento del a\u00f1o. \u00abCuanto m\u00e1s cerca estemos de niveles de inflaci\u00f3n cercanos al 2%, m\u00e1s motivos seguir\u00e1 habiendo para que este indicador suba. Con las condiciones actuales, consideramos que el escenario normal durante el presente a\u00f1o es ver al Eur\u00edbor cotizar en niveles positivos o muy cercanos a cero\u00bb, han se\u00f1alado.<\/p>\n","protected":false},"excerpt":{"rendered":"<p>El Banco de Espa\u00f1a ha confirmado que el Eur\u00edbor cerr\u00f3 enero en el -0,116%. El dato confirma claramente su nueva direcci\u00f3n alcista.<\/p>\n","protected":false},"author":78,"featured_media":33212,"comment_status":"open","ping_status":"closed","sticky":false,"template":"","format":"standard","meta":{"_lmt_disableupdate":"yes","_lmt_disable":"","footnotes":""},"categories":[6],"tags":[136,2392],"class_list":["post-34763","post","type-post","status-publish","format-standard","has-post-thumbnail","hentry","category-hipotecas-finanzas","tag-euribor","tag-hipotecas-y-euribor"],"modified_by":"fotocasa","_links":{"self":[{"href":"https:\/\/www.fotocasa.es\/fotocasa-life\/wp-json\/wp\/v2\/posts\/34763","targetHints":{"allow":["GET"]}}],"collection":[{"href":"https:\/\/www.fotocasa.es\/fotocasa-life\/wp-json\/wp\/v2\/posts"}],"about":[{"href":"https:\/\/www.fotocasa.es\/fotocasa-life\/wp-json\/wp\/v2\/types\/post"}],"author":[{"embeddable":true,"href":"https:\/\/www.fotocasa.es\/fotocasa-life\/wp-json\/wp\/v2\/users\/78"}],"replies":[{"embeddable":true,"href":"https:\/\/www.fotocasa.es\/fotocasa-life\/wp-json\/wp\/v2\/comments?post=34763"}],"version-history":[{"count":0,"href":"https:\/\/www.fotocasa.es\/fotocasa-life\/wp-json\/wp\/v2\/posts\/34763\/revisions"}],"wp:featuredmedia":[{"embeddable":true,"href":"https:\/\/www.fotocasa.es\/fotocasa-life\/wp-json\/wp\/v2\/media\/33212"}],"wp:attachment":[{"href":"https:\/\/www.fotocasa.es\/fotocasa-life\/wp-json\/wp\/v2\/media?parent=34763"}],"wp:term":[{"taxonomy":"category","embeddable":true,"href":"https:\/\/www.fotocasa.es\/fotocasa-life\/wp-json\/wp\/v2\/categories?post=34763"},{"taxonomy":"post_tag","embeddable":true,"href":"https:\/\/www.fotocasa.es\/fotocasa-life\/wp-json\/wp\/v2\/tags?post=34763"}],"curies":[{"name":"wp","href":"https:\/\/api.w.org\/{rel}","templated":true}]}}