{"id":34661,"date":"2019-01-31T14:28:56","date_gmt":"2019-01-31T13:28:56","guid":{"rendered":"https:\/\/www.fotocasa.es\/fotocasa-life\/?p=34661"},"modified":"2020-11-27T13:25:26","modified_gmt":"2020-11-27T12:25:26","slug":"el-precio-de-la-vivienda-sube-en-14-ccaa-y-en-37-provincias-al-cierre-de-2018","status":"publish","type":"post","link":"https:\/\/www.fotocasa.es\/fotocasa-life\/compraventa\/el-precio-de-la-vivienda-sube-en-14-ccaa-y-en-37-provincias-al-cierre-de-2018\/","title":{"rendered":"El precio de la vivienda sube en 14 CCAA y en 37 provincias al cierre de 2018"},"content":{"rendered":"<p><span style=\"font-weight: 400;\"><strong>El precio medio de la vivienda de segunda mano en Espa\u00f1a cierra 2018 en 1.869 \u20ac\/m2,<\/strong> lo que supone un incremento del 7,8% respecto al a\u00f1o anterior. Esta es la mayor subida anual registrada en el hist\u00f3rico del \u00cdndice Inmobiliario de <\/span><a href=\"http:\/\/www.fotocasa.es\"><b>Fotocasa<\/b><\/a><span style=\"font-weight: 400;\">, que data desde 2006. En cuanto al an\u00e1lisis de la evoluci\u00f3n de precios por comunidades aut\u00f3nomas se observa que a nivel anual el precio sube en 14 de ellas, seg\u00fan datos del informe <a href=\"https:\/\/prensa.fotocasa.es\/wp-content\/uploads\/2019\/01\/InformeAnualVentas2018-Web-1.pdf\" target=\"_blank\" rel=\"noopener noreferrer\">\u201c<\/a><\/span><i><span style=\"font-weight: 400;\">La vivienda de segunda mano en 2018<\/span><\/i><span style=\"font-weight: 400;\">\u201d, que elabora anualmente el portal inmobiliario <\/span><b>Fotocasa<\/b><\/p>\n<p><span style=\"font-weight: 400;\">As\u00ed, <strong>la Comunidad de Madrid es la que m\u00e1s incrementa el precio en 2018<\/strong>, en concreto sube un 19,5%, seguida de Canarias (12,8%), Baleares (10,4%), Catalu\u00f1a (10,1%) y la Comunitat Valenciana (7,1%). En el otro extremo, solo tres comunidades registran ca\u00eddas del precio. Se trata de Murcia (-3,3%), seguida de la comunidad de Asturias (-1,3%) y Navarra (-0,2%). No obstante, son ca\u00eddas leves comparadas con las registradas hace a\u00f1os. De hecho, atr\u00e1s se han dejado las ca\u00eddas de dos d\u00edgitos que reinaron a cierre de 2013.<\/span><\/p>\n<p>&nbsp;<\/p>\n<p><div id=\"attachment_34671\" style=\"width: 990px\" class=\"wp-caption alignnone\"><img loading=\"lazy\" decoding=\"async\" aria-describedby=\"caption-attachment-34671\" class=\"size-full wp-image-34671\" src=\"https:\/\/www.fotocasa.es\/fotocasa-life\/wp-content\/uploads\/2019\/01\/alquiler-01-1.jpg\" alt=\"- - - -\" width=\"980\" height=\"617\" title=\"-\" srcset=\"https:\/\/www.fotocasa.es\/fotocasa-life\/wp-content\/uploads\/2019\/01\/alquiler-01-1.jpg 980w, https:\/\/www.fotocasa.es\/fotocasa-life\/wp-content\/uploads\/2019\/01\/alquiler-01-1-300x189.jpg 300w, https:\/\/www.fotocasa.es\/fotocasa-life\/wp-content\/uploads\/2019\/01\/alquiler-01-1-150x94.jpg 150w, https:\/\/www.fotocasa.es\/fotocasa-life\/wp-content\/uploads\/2019\/01\/alquiler-01-1-768x484.jpg 768w\" sizes=\"auto, (max-width: 980px) 100vw, 980px\" \/><p id=\"caption-attachment-34671\" class=\"wp-caption-text\">Fuente: Fotocasa<\/p><\/div><\/p>\n<p>&nbsp;<\/p>\n<h3><span style=\"font-weight: 400;\">37 provincias incrementan el precio anual <\/span><\/h3>\n<p><span style=\"font-weight: 400;\">Si a cierre de 2015 el precio se incrementaba en 12 provincias, a cierre de 2016 lo hac\u00eda en 25 provincias y en 2017, el precio subi\u00f3 en 37 provincias. A cierre de 2018, <strong>el precio de la vivienda de segunda mano sube tambi\u00e9n en 37 provincias espa\u00f1olas<\/strong>. Madrid es la provincia que m\u00e1s incrementa el precio en 2018, en concreto sube un 19,5%, seguido de Las Palmas (13,8%), Santa Cruz de Tenerife (12%), Alicante (11,3%), Barcelona (10,5%) y Baleares (10,4%). <\/span><\/p>\n<p><span style=\"font-weight: 400;\">Al igual que ya pas\u00f3 en 2016 y 2017, este 2018 <strong>ninguna provincia desciende con valor de dos d\u00edgitos<\/strong>. La ca\u00edda m\u00e1s acusada la protagoniza la provincia de Almer\u00eda (-5%), seguida de Ja\u00e9n (-4,1%), Lugo (-4%) y Murcia (-3,3%)<\/span><\/p>\n<p><span style=\"font-weight: 400;\">\u201cEl despertar de la demanda latente,<strong> el apetito inversor y la rentabilidad del alquiler en un contexto de bajos tipos de inter\u00e9s<\/strong> explican que haya vuelto del inter\u00e9s por la compra de vivienda, con su consiguiente impacto en los precios. El encarecimiento de la vivienda, seg\u00fan nuestros datos, se extiende por casi todo el pa\u00eds, aunque la intensidad de las subidas es muy diferente, e incluso hay en zonas donde se registran suaves descensos\u201d, explica Beatriz Toribio, Directora de Estudios de <\/span><b>Fotocasa<\/b><span style=\"font-weight: 400;\">.<\/span><\/p>\n<p>&nbsp;<\/p>\n<p><div id=\"attachment_34672\" style=\"width: 990px\" class=\"wp-caption alignnone\"><img loading=\"lazy\" decoding=\"async\" aria-describedby=\"caption-attachment-34672\" class=\"size-full wp-image-34672\" src=\"https:\/\/www.fotocasa.es\/fotocasa-life\/wp-content\/uploads\/2019\/01\/alquiler-02-1.jpg\" alt=\"- - - -\" width=\"980\" height=\"688\" title=\"-\" srcset=\"https:\/\/www.fotocasa.es\/fotocasa-life\/wp-content\/uploads\/2019\/01\/alquiler-02-1.jpg 980w, https:\/\/www.fotocasa.es\/fotocasa-life\/wp-content\/uploads\/2019\/01\/alquiler-02-1-300x211.jpg 300w, https:\/\/www.fotocasa.es\/fotocasa-life\/wp-content\/uploads\/2019\/01\/alquiler-02-1-150x105.jpg 150w, https:\/\/www.fotocasa.es\/fotocasa-life\/wp-content\/uploads\/2019\/01\/alquiler-02-1-768x539.jpg 768w\" sizes=\"auto, (max-width: 980px) 100vw, 980px\" \/><p id=\"caption-attachment-34672\" class=\"wp-caption-text\">Fuente: Fotocasa<\/p><\/div><\/p>\n","protected":false},"excerpt":{"rendered":"<p>El precio medio de la vivienda de segunda mano en Espa\u00f1a cierra 2018 en 1.869 \u20ac\/m2, lo que supone un incremento del 7,8% respecto al a\u00f1o anterior.<\/p>\n","protected":false},"author":37,"featured_media":33640,"comment_status":"open","ping_status":"closed","sticky":false,"template":"","format":"standard","meta":{"_lmt_disableupdate":"yes","_lmt_disable":"","footnotes":""},"categories":[3],"tags":[2609,1250,207],"class_list":["post-34661","post","type-post","status-publish","format-standard","has-post-thumbnail","hentry","category-compraventa","tag-informefotocasa","tag-informe-venta-fotocasa","tag-precio-de-la-vivienda"],"modified_by":"fotocasa","_links":{"self":[{"href":"https:\/\/www.fotocasa.es\/fotocasa-life\/wp-json\/wp\/v2\/posts\/34661","targetHints":{"allow":["GET"]}}],"collection":[{"href":"https:\/\/www.fotocasa.es\/fotocasa-life\/wp-json\/wp\/v2\/posts"}],"about":[{"href":"https:\/\/www.fotocasa.es\/fotocasa-life\/wp-json\/wp\/v2\/types\/post"}],"author":[{"embeddable":true,"href":"https:\/\/www.fotocasa.es\/fotocasa-life\/wp-json\/wp\/v2\/users\/37"}],"replies":[{"embeddable":true,"href":"https:\/\/www.fotocasa.es\/fotocasa-life\/wp-json\/wp\/v2\/comments?post=34661"}],"version-history":[{"count":0,"href":"https:\/\/www.fotocasa.es\/fotocasa-life\/wp-json\/wp\/v2\/posts\/34661\/revisions"}],"wp:featuredmedia":[{"embeddable":true,"href":"https:\/\/www.fotocasa.es\/fotocasa-life\/wp-json\/wp\/v2\/media\/33640"}],"wp:attachment":[{"href":"https:\/\/www.fotocasa.es\/fotocasa-life\/wp-json\/wp\/v2\/media?parent=34661"}],"wp:term":[{"taxonomy":"category","embeddable":true,"href":"https:\/\/www.fotocasa.es\/fotocasa-life\/wp-json\/wp\/v2\/categories?post=34661"},{"taxonomy":"post_tag","embeddable":true,"href":"https:\/\/www.fotocasa.es\/fotocasa-life\/wp-json\/wp\/v2\/tags?post=34661"}],"curies":[{"name":"wp","href":"https:\/\/api.w.org\/{rel}","templated":true}]}}