{"id":34434,"date":"2019-01-25T09:00:55","date_gmt":"2019-01-25T08:00:55","guid":{"rendered":"https:\/\/www.fotocasa.es\/fotocasa-life\/?p=34434"},"modified":"2020-11-27T13:25:34","modified_gmt":"2020-11-27T12:25:34","slug":"te-imaginas-vivir-dentro-de-un-contenedor","status":"publish","type":"post","link":"https:\/\/www.fotocasa.es\/fotocasa-life\/curiosidades\/te-imaginas-vivir-dentro-de-un-contenedor\/","title":{"rendered":"\u00bfTe imaginas vivir dentro de un contenedor?"},"content":{"rendered":"<p><span style=\"font-weight: 400;\">Son fuertes, amplios y resistentes. Y no resultan caros. Los <strong>grandes contenedores de mercanc\u00edas se pueden reutilizar<\/strong> para construir viviendas, y la tendencia parece que ha llegado para quedarse. Desde peque\u00f1os estudios para una o dos personas a grandes casas unifamiliares que utilizan varias de estas cajas met\u00e1licas, la variedad de la edificaci\u00f3n con contenedores reciclados no para de crecer. De hecho, hasta se crean <\/span><a href=\"https:\/\/www.24hplans.com\/top-20-shipping-container-home-designs-and-their-costs\/\" target=\"_blank\" rel=\"noopener noreferrer\"><span style=\"font-weight: 400;\">rankings con los mejores dise\u00f1os del a\u00f1o<\/span><\/a><span style=\"font-weight: 400;\">.<\/span><\/p>\n<p>&nbsp;<\/p>\n<p><div id=\"attachment_34439\" style=\"width: 990px\" class=\"wp-caption alignnone\"><img loading=\"lazy\" decoding=\"async\" aria-describedby=\"caption-attachment-34439\" class=\"wp-image-34439 size-full\" src=\"https:\/\/www.fotocasa.es\/fotocasa-life\/wp-content\/uploads\/2019\/01\/contenedor-chalet-2.jpg\" alt=\"- - - -\" width=\"980\" height=\"653\" title=\"-\" srcset=\"https:\/\/www.fotocasa.es\/fotocasa-life\/wp-content\/uploads\/2019\/01\/contenedor-chalet-2.jpg 980w, https:\/\/www.fotocasa.es\/fotocasa-life\/wp-content\/uploads\/2019\/01\/contenedor-chalet-2-300x200.jpg 300w, https:\/\/www.fotocasa.es\/fotocasa-life\/wp-content\/uploads\/2019\/01\/contenedor-chalet-2-150x100.jpg 150w, https:\/\/www.fotocasa.es\/fotocasa-life\/wp-content\/uploads\/2019\/01\/contenedor-chalet-2-768x512.jpg 768w\" sizes=\"auto, (max-width: 980px) 100vw, 980px\" \/><p id=\"caption-attachment-34439\" class=\"wp-caption-text\">Foto: 24hPlans<\/p><\/div><\/p>\n<p><div id=\"attachment_34440\" style=\"width: 990px\" class=\"wp-caption alignnone\"><img loading=\"lazy\" decoding=\"async\" aria-describedby=\"caption-attachment-34440\" class=\"wp-image-34440 size-full\" src=\"https:\/\/www.fotocasa.es\/fotocasa-life\/wp-content\/uploads\/2019\/01\/contenedor-chalet-3.jpg\" alt=\"- - - -\" width=\"980\" height=\"653\" title=\"-\" srcset=\"https:\/\/www.fotocasa.es\/fotocasa-life\/wp-content\/uploads\/2019\/01\/contenedor-chalet-3.jpg 980w, https:\/\/www.fotocasa.es\/fotocasa-life\/wp-content\/uploads\/2019\/01\/contenedor-chalet-3-300x200.jpg 300w, https:\/\/www.fotocasa.es\/fotocasa-life\/wp-content\/uploads\/2019\/01\/contenedor-chalet-3-150x100.jpg 150w, https:\/\/www.fotocasa.es\/fotocasa-life\/wp-content\/uploads\/2019\/01\/contenedor-chalet-3-768x512.jpg 768w\" sizes=\"auto, (max-width: 980px) 100vw, 980px\" \/><p id=\"caption-attachment-34440\" class=\"wp-caption-text\">Foto: 24hPlans<\/p><\/div><\/p>\n<p><div id=\"attachment_34441\" style=\"width: 990px\" class=\"wp-caption alignnone\"><img loading=\"lazy\" decoding=\"async\" aria-describedby=\"caption-attachment-34441\" class=\"wp-image-34441 size-full\" src=\"https:\/\/www.fotocasa.es\/fotocasa-life\/wp-content\/uploads\/2019\/01\/contenedor-chalet-4.png\" alt=\"- - - -\" width=\"980\" height=\"653\" title=\"-\" srcset=\"https:\/\/www.fotocasa.es\/fotocasa-life\/wp-content\/uploads\/2019\/01\/contenedor-chalet-4.png 980w, https:\/\/www.fotocasa.es\/fotocasa-life\/wp-content\/uploads\/2019\/01\/contenedor-chalet-4-300x200.png 300w, https:\/\/www.fotocasa.es\/fotocasa-life\/wp-content\/uploads\/2019\/01\/contenedor-chalet-4-150x100.png 150w, https:\/\/www.fotocasa.es\/fotocasa-life\/wp-content\/uploads\/2019\/01\/contenedor-chalet-4-768x512.png 768w\" sizes=\"auto, (max-width: 980px) 100vw, 980px\" \/><p id=\"caption-attachment-34441\" class=\"wp-caption-text\">Foto: 24hPlans<\/p><\/div><\/p>\n<p><span style=\"font-weight: 400;\">Los contenedores tienen dos medidas est\u00e1ndar: unos m\u00e1s peque\u00f1os, con una superf\u00edcie de casi 15 metros cuadrados, y otros de justo el doble, con casi 30. <strong>La adaptaci\u00f3n va a gusto del consumidor<\/strong>, pero incluye necesariamente la inclusi\u00f3n de puertas o ventanas, que pueden ocupar todo un lateral o solo parte. <\/span><\/p>\n<p><span style=\"font-weight: 400;\">Un ejemplo b\u00e1sico es esta <\/span><a href=\"https:\/\/www.zillow.com\/blog\/shipping-container-home-226679\/\" target=\"_blank\" rel=\"noopener noreferrer\"><span style=\"font-weight: 400;\">casa construida en Nueva Orleans<\/span><\/a><span style=\"font-weight: 400;\"> a partir de solo dos contenedores, en la que se han instalado ventanales de suelo a techo, de m\u00e1s de 4 metros de alto. <strong>Para contrarrestar el metal del contenedor se ha usado mucha madera natural<\/strong>: para los suelos, estanter\u00edas y muebles. Su propietario y arquitecto dice que lo m\u00e1s dif\u00edcil fue conseguir financiaci\u00f3n, porque los bancos no estaban por la labor de concederle una hipoteca para una casa sin paredes de ladrillo.<\/span><\/p>\n<p>&nbsp;<\/p>\n<p><div id=\"attachment_34442\" style=\"width: 990px\" class=\"wp-caption alignnone\"><img loading=\"lazy\" decoding=\"async\" aria-describedby=\"caption-attachment-34442\" class=\"wp-image-34442 size-full\" src=\"https:\/\/www.fotocasa.es\/fotocasa-life\/wp-content\/uploads\/2019\/01\/contenedor-Nueva-Orleans-0.jpg\" alt=\"- - - -\" width=\"980\" height=\"652\" title=\"-\" srcset=\"https:\/\/www.fotocasa.es\/fotocasa-life\/wp-content\/uploads\/2019\/01\/contenedor-Nueva-Orleans-0.jpg 980w, https:\/\/www.fotocasa.es\/fotocasa-life\/wp-content\/uploads\/2019\/01\/contenedor-Nueva-Orleans-0-300x200.jpg 300w, https:\/\/www.fotocasa.es\/fotocasa-life\/wp-content\/uploads\/2019\/01\/contenedor-Nueva-Orleans-0-150x100.jpg 150w, https:\/\/www.fotocasa.es\/fotocasa-life\/wp-content\/uploads\/2019\/01\/contenedor-Nueva-Orleans-0-768x511.jpg 768w\" sizes=\"auto, (max-width: 980px) 100vw, 980px\" \/><p id=\"caption-attachment-34442\" class=\"wp-caption-text\">Foto: Zillow<\/p><\/div><\/p>\n<p><div id=\"attachment_34443\" style=\"width: 990px\" class=\"wp-caption alignnone\"><img loading=\"lazy\" decoding=\"async\" aria-describedby=\"caption-attachment-34443\" class=\"wp-image-34443 size-full\" src=\"https:\/\/www.fotocasa.es\/fotocasa-life\/wp-content\/uploads\/2019\/01\/contenedor-Nueva-Orleans-2.jpg\" alt=\"- - - -\" width=\"980\" height=\"659\" title=\"-\" srcset=\"https:\/\/www.fotocasa.es\/fotocasa-life\/wp-content\/uploads\/2019\/01\/contenedor-Nueva-Orleans-2.jpg 980w, https:\/\/www.fotocasa.es\/fotocasa-life\/wp-content\/uploads\/2019\/01\/contenedor-Nueva-Orleans-2-300x202.jpg 300w, https:\/\/www.fotocasa.es\/fotocasa-life\/wp-content\/uploads\/2019\/01\/contenedor-Nueva-Orleans-2-150x101.jpg 150w, https:\/\/www.fotocasa.es\/fotocasa-life\/wp-content\/uploads\/2019\/01\/contenedor-Nueva-Orleans-2-768x516.jpg 768w\" sizes=\"auto, (max-width: 980px) 100vw, 980px\" \/><p id=\"caption-attachment-34443\" class=\"wp-caption-text\">Foto: Zillow<\/p><\/div><\/p>\n<p><div id=\"attachment_34444\" style=\"width: 990px\" class=\"wp-caption alignnone\"><img loading=\"lazy\" decoding=\"async\" aria-describedby=\"caption-attachment-34444\" class=\"wp-image-34444 size-full\" src=\"https:\/\/www.fotocasa.es\/fotocasa-life\/wp-content\/uploads\/2019\/01\/contenedor-Nueva-Orleans-3.jpg\" alt=\"- - - -\" width=\"980\" height=\"652\" title=\"-\" srcset=\"https:\/\/www.fotocasa.es\/fotocasa-life\/wp-content\/uploads\/2019\/01\/contenedor-Nueva-Orleans-3.jpg 980w, https:\/\/www.fotocasa.es\/fotocasa-life\/wp-content\/uploads\/2019\/01\/contenedor-Nueva-Orleans-3-300x200.jpg 300w, https:\/\/www.fotocasa.es\/fotocasa-life\/wp-content\/uploads\/2019\/01\/contenedor-Nueva-Orleans-3-150x100.jpg 150w, https:\/\/www.fotocasa.es\/fotocasa-life\/wp-content\/uploads\/2019\/01\/contenedor-Nueva-Orleans-3-768x511.jpg 768w\" sizes=\"auto, (max-width: 980px) 100vw, 980px\" \/><p id=\"caption-attachment-34444\" class=\"wp-caption-text\">Foto: Zillow<\/p><\/div><\/p>\n<p><div id=\"attachment_34445\" style=\"width: 990px\" class=\"wp-caption alignnone\"><img loading=\"lazy\" decoding=\"async\" aria-describedby=\"caption-attachment-34445\" class=\"wp-image-34445 size-full\" src=\"https:\/\/www.fotocasa.es\/fotocasa-life\/wp-content\/uploads\/2019\/01\/contenedor-Nueva-Orleans-4.jpg\" alt=\"- - - -\" width=\"980\" height=\"652\" title=\"-\" srcset=\"https:\/\/www.fotocasa.es\/fotocasa-life\/wp-content\/uploads\/2019\/01\/contenedor-Nueva-Orleans-4.jpg 980w, https:\/\/www.fotocasa.es\/fotocasa-life\/wp-content\/uploads\/2019\/01\/contenedor-Nueva-Orleans-4-300x200.jpg 300w, https:\/\/www.fotocasa.es\/fotocasa-life\/wp-content\/uploads\/2019\/01\/contenedor-Nueva-Orleans-4-150x100.jpg 150w, https:\/\/www.fotocasa.es\/fotocasa-life\/wp-content\/uploads\/2019\/01\/contenedor-Nueva-Orleans-4-768x511.jpg 768w\" sizes=\"auto, (max-width: 980px) 100vw, 980px\" \/><p id=\"caption-attachment-34445\" class=\"wp-caption-text\">Foto: Zillow<\/p><\/div><\/p>\n<p><div id=\"attachment_34446\" style=\"width: 990px\" class=\"wp-caption alignnone\"><img loading=\"lazy\" decoding=\"async\" aria-describedby=\"caption-attachment-34446\" class=\"wp-image-34446 size-full\" src=\"https:\/\/www.fotocasa.es\/fotocasa-life\/wp-content\/uploads\/2019\/01\/contenedor-Nueva-Orleans-5.jpg\" alt=\"- - - -\" width=\"980\" height=\"652\" title=\"-\" srcset=\"https:\/\/www.fotocasa.es\/fotocasa-life\/wp-content\/uploads\/2019\/01\/contenedor-Nueva-Orleans-5.jpg 980w, https:\/\/www.fotocasa.es\/fotocasa-life\/wp-content\/uploads\/2019\/01\/contenedor-Nueva-Orleans-5-300x200.jpg 300w, https:\/\/www.fotocasa.es\/fotocasa-life\/wp-content\/uploads\/2019\/01\/contenedor-Nueva-Orleans-5-150x100.jpg 150w, https:\/\/www.fotocasa.es\/fotocasa-life\/wp-content\/uploads\/2019\/01\/contenedor-Nueva-Orleans-5-768x511.jpg 768w\" sizes=\"auto, (max-width: 980px) 100vw, 980px\" \/><p id=\"caption-attachment-34446\" class=\"wp-caption-text\">Foto: Zillow<\/p><\/div><\/p>\n<p>&nbsp;<\/p>\n<p><span style=\"font-weight: 400;\">El precio es uno de los motivos por lo que aumentan los partidarios de reciclar contenedores para construir. Un <strong>contenedor peque\u00f1o puede costar unos 2.000 euros y uno grande justo el doble<\/strong>. Falta sumar el terreno, el dise\u00f1o y la mano de obra, pero a\u00fan as\u00ed se trata de una inversi\u00f3n mucho menor que el de la construcci\u00f3n convencional. Algunas empresas, adem\u00e1s, ya comercializan casas prefabricadas con todos los acabados a partir de la estructura de un contenedor. <\/span><\/p>\n<p><span style=\"font-weight: 400;\"><strong>En otros casos se han creado estructuras m\u00e1s complejas<\/strong>, uniendo diversos contenedores incluso en varios pisos de altura, unos junto a otros como piezas de un rompecabezas o buscando equilibrios complicados. La imaginaci\u00f3n para este tipo de edificios parece no tener l\u00edmites. <\/span><\/p>\n","protected":false},"excerpt":{"rendered":"<p>Son fuertes, amplios y resistentes. Y no resultan caros. Los grandes contenedores de mercanc\u00edas se pueden reutilizar para construir viviendas.<\/p>\n","protected":false},"author":3,"featured_media":34438,"comment_status":"open","ping_status":"closed","sticky":false,"template":"","format":"standard","meta":{"_lmt_disableupdate":"yes","_lmt_disable":"","footnotes":""},"categories":[2452],"tags":[1489],"class_list":["post-34434","post","type-post","status-publish","format-standard","has-post-thumbnail","hentry","category-curiosidades","tag-casas-curiosas"],"modified_by":"fotocasa","_links":{"self":[{"href":"https:\/\/www.fotocasa.es\/fotocasa-life\/wp-json\/wp\/v2\/posts\/34434","targetHints":{"allow":["GET"]}}],"collection":[{"href":"https:\/\/www.fotocasa.es\/fotocasa-life\/wp-json\/wp\/v2\/posts"}],"about":[{"href":"https:\/\/www.fotocasa.es\/fotocasa-life\/wp-json\/wp\/v2\/types\/post"}],"author":[{"embeddable":true,"href":"https:\/\/www.fotocasa.es\/fotocasa-life\/wp-json\/wp\/v2\/users\/3"}],"replies":[{"embeddable":true,"href":"https:\/\/www.fotocasa.es\/fotocasa-life\/wp-json\/wp\/v2\/comments?post=34434"}],"version-history":[{"count":0,"href":"https:\/\/www.fotocasa.es\/fotocasa-life\/wp-json\/wp\/v2\/posts\/34434\/revisions"}],"wp:featuredmedia":[{"embeddable":true,"href":"https:\/\/www.fotocasa.es\/fotocasa-life\/wp-json\/wp\/v2\/media\/34438"}],"wp:attachment":[{"href":"https:\/\/www.fotocasa.es\/fotocasa-life\/wp-json\/wp\/v2\/media?parent=34434"}],"wp:term":[{"taxonomy":"category","embeddable":true,"href":"https:\/\/www.fotocasa.es\/fotocasa-life\/wp-json\/wp\/v2\/categories?post=34434"},{"taxonomy":"post_tag","embeddable":true,"href":"https:\/\/www.fotocasa.es\/fotocasa-life\/wp-json\/wp\/v2\/tags?post=34434"}],"curies":[{"name":"wp","href":"https:\/\/api.w.org\/{rel}","templated":true}]}}