{"id":34092,"date":"2018-12-20T22:56:30","date_gmt":"2018-12-20T21:56:30","guid":{"rendered":"https:\/\/www.fotocasa.es\/fotocasa-life\/?p=34092"},"modified":"2020-11-27T13:25:59","modified_gmt":"2020-11-27T12:25:59","slug":"decorar-vivienda-alquiler-navidad","status":"publish","type":"post","link":"https:\/\/www.fotocasa.es\/fotocasa-life\/hogar\/decoracion\/decorar-vivienda-alquiler-navidad\/","title":{"rendered":"C\u00f3mo decorar tu vivienda de alquiler esta Navidad"},"content":{"rendered":"<p><span style=\"font-weight: 400;\">Dentro de nada empieza la Navidad y la mayor\u00eda de las casas se decoran con \u00e1rboles, guirnaldas, mu\u00f1ecos de nieve, etc\u00e9tera. Normalmente, esta decoraci\u00f3n tan festiva permanece hasta el d\u00eda 7 de enero, el d\u00eda despu\u00e9s de Reyes. <\/span><\/p>\n<p><span style=\"font-weight: 400;\">En algunas ocasiones, a la hora de decorar nuestro piso, puede que nos hayamos cansado ya de los adornos m\u00e1s tradicionales o puede que queramos algo m\u00e1s novedoso. Por ese mismo motivo, en este art\u00edculo te vamos a dar algunos <\/span><b>consejos para que le des un toque m\u00e1s moderno y original a tu decoraci\u00f3n navide\u00f1a<\/b><span style=\"font-weight: 400;\">. \u00a1Presta atenci\u00f3n!<\/span><\/p>\n<p>&nbsp;<\/p>\n<h3><span style=\"font-weight: 400;\">El estilo n\u00f3rdico est\u00e1 de moda<\/span><\/h3>\n<p><img loading=\"lazy\" decoding=\"async\" class=\"alignnone size-full wp-image-34095\" src=\"https:\/\/www.fotocasa.es\/fotocasa-life\/wp-content\/uploads\/2018\/12\/navidad-alquiler.jpg\" alt=\"navidad alquiler\" width=\"980\" height=\"550\" title=\"-\" srcset=\"https:\/\/www.fotocasa.es\/fotocasa-life\/wp-content\/uploads\/2018\/12\/navidad-alquiler.jpg 980w, https:\/\/www.fotocasa.es\/fotocasa-life\/wp-content\/uploads\/2018\/12\/navidad-alquiler-300x168.jpg 300w, https:\/\/www.fotocasa.es\/fotocasa-life\/wp-content\/uploads\/2018\/12\/navidad-alquiler-150x84.jpg 150w, https:\/\/www.fotocasa.es\/fotocasa-life\/wp-content\/uploads\/2018\/12\/navidad-alquiler-768x431.jpg 768w\" sizes=\"auto, (max-width: 980px) 100vw, 980px\" \/><\/p>\n<p><span style=\"font-weight: 400;\">En la decoraci\u00f3n de viviendas hay un estilo que hoy en d\u00eda es el m\u00e1s demandado. Y es la decoraci\u00f3n de tipo n\u00f3rdica. Esta tendencia se puede aplicar, adem\u00e1s, en \u00e9poca navide\u00f1a. Para ello, lo primero que debes escoger es la tonalidad de la decoraci\u00f3n: <\/span><b>deben predominar los tonos claros y blancos.<\/b><\/p>\n<p><span style=\"font-weight: 400;\">Por otra parte, tambi\u00e9n puedes incluir elementos de la naturaleza como <strong>plantas y maderas que van a aportar un toque original a la decoraci\u00f3n<\/strong>. Un ejemplo de decoraci\u00f3n n\u00f3rdica navide\u00f1a ser\u00eda incluir centros de mesa con colores blancos, decorar el \u00e1rbol con adornos blancos, plateados o dorados y grises, etc\u00e9tera.\u00a0<\/span><\/p>\n<p>&nbsp;<\/p>\n<h3><span style=\"font-weight: 400;\">Coronas originales<\/span><\/h3>\n<p><img loading=\"lazy\" decoding=\"async\" class=\"alignnone size-full wp-image-34099\" src=\"https:\/\/www.fotocasa.es\/fotocasa-life\/wp-content\/uploads\/2018\/12\/corona-navidad.jpg\" alt=\"Coronas originales\" width=\"980\" height=\"550\" title=\"-\" srcset=\"https:\/\/www.fotocasa.es\/fotocasa-life\/wp-content\/uploads\/2018\/12\/corona-navidad.jpg 980w, https:\/\/www.fotocasa.es\/fotocasa-life\/wp-content\/uploads\/2018\/12\/corona-navidad-300x168.jpg 300w, https:\/\/www.fotocasa.es\/fotocasa-life\/wp-content\/uploads\/2018\/12\/corona-navidad-150x84.jpg 150w, https:\/\/www.fotocasa.es\/fotocasa-life\/wp-content\/uploads\/2018\/12\/corona-navidad-768x431.jpg 768w\" sizes=\"auto, (max-width: 980px) 100vw, 980px\" \/><\/p>\n<p><span style=\"font-weight: 400;\">Puede que te hayas acostumbrado a las t\u00edpicas coronas navide\u00f1as, pero hay infinitas opciones para decorar la puerta de tu vivienda. Por ejemplo, puedes optar por una <\/span><b>corona <\/b><b><i>handmade<\/i><\/b><b> con elementos reciclados<\/b><span style=\"font-weight: 400;\">. Tambi\u00e9n puedes incluir un toque brillante o estrellas hechas con cintas o con luces, entre muchas m\u00e1s opciones.<\/span><\/p>\n<p><span style=\"font-weight: 400;\">Sea cual sea tu estilo, puedes encontrar muchas ideas para que, tanto si la creas t\u00fa desde cero como si la compras, no caigas en la monoton\u00eda y aportes un toque \u00fanico a tu vivienda. Adem\u00e1s, puedes colocar en tu puerta una corona con forma de copo de nieve. Pese a que los hay de todos los colores, <\/span><b>el m\u00e1s demandado es el que est\u00e1 cubierto con purpurina plateada<\/b><span style=\"font-weight: 400;\">.<\/span><\/p>\n<p>&nbsp;<\/p>\n<h3><span style=\"font-weight: 400;\">El \u00e1rbol de navidad<\/span><\/h3>\n<p><img loading=\"lazy\" decoding=\"async\" class=\"alignnone size-full wp-image-33912\" src=\"https:\/\/www.fotocasa.es\/fotocasa-life\/wp-content\/uploads\/2018\/12\/navidad-01.jpg\" alt=\"- - - -\" width=\"980\" height=\"550\" title=\"-\" srcset=\"https:\/\/www.fotocasa.es\/fotocasa-life\/wp-content\/uploads\/2018\/12\/navidad-01.jpg 980w, https:\/\/www.fotocasa.es\/fotocasa-life\/wp-content\/uploads\/2018\/12\/navidad-01-300x168.jpg 300w, https:\/\/www.fotocasa.es\/fotocasa-life\/wp-content\/uploads\/2018\/12\/navidad-01-150x84.jpg 150w, https:\/\/www.fotocasa.es\/fotocasa-life\/wp-content\/uploads\/2018\/12\/navidad-01-768x431.jpg 768w\" sizes=\"auto, (max-width: 980px) 100vw, 980px\" \/><\/p>\n<p><span style=\"font-weight: 400;\">El \u00e1rbol de navidad suele ser el elemento m\u00e1s caracter\u00edstico en la decoraci\u00f3n navide\u00f1a. Sin embargo, existen tantos estilos, colores y materiales que es imposible decidirse por cu\u00e1l es el mejor o cu\u00e1l se adapta m\u00e1s a nuestro presupuesto o estilo. Por tanto, es importante que mires cu\u00e1l es el que mejor combina con tu casa y decidas qu\u00e9 estilo quieres.<\/span><\/p>\n<p><span style=\"font-weight: 400;\">En este caso, y siguiendo la decoraci\u00f3n n\u00f3rdica, es tendencia encontrar en las casas un <\/span><b>\u00e1rbol hecho con palos y con cuerdas<\/b><span style=\"font-weight: 400;\">. Estos \u00e1rboles puedes comprarlos o fabricarlos t\u00fa mismo y los puedes decorar a tu estilo y con los elementos que m\u00e1s te gusten. \u00a1Sencillo y a la \u00faltima!<\/span><\/p>\n<p>&nbsp;<\/p>\n<h3><span style=\"font-weight: 400;\">Centros de mesa originales<\/span><\/h3>\n<p><img loading=\"lazy\" decoding=\"async\" class=\"alignnone size-full wp-image-34096\" src=\"https:\/\/www.fotocasa.es\/fotocasa-life\/wp-content\/uploads\/2018\/12\/tarro-navidad.jpg\" alt=\"- - - -\" width=\"980\" height=\"550\" title=\"-\" srcset=\"https:\/\/www.fotocasa.es\/fotocasa-life\/wp-content\/uploads\/2018\/12\/tarro-navidad.jpg 980w, https:\/\/www.fotocasa.es\/fotocasa-life\/wp-content\/uploads\/2018\/12\/tarro-navidad-300x168.jpg 300w, https:\/\/www.fotocasa.es\/fotocasa-life\/wp-content\/uploads\/2018\/12\/tarro-navidad-150x84.jpg 150w, https:\/\/www.fotocasa.es\/fotocasa-life\/wp-content\/uploads\/2018\/12\/tarro-navidad-768x431.jpg 768w\" sizes=\"auto, (max-width: 980px) 100vw, 980px\" \/><\/p>\n<p><span style=\"font-weight: 400;\">Esa mesa que tienes en casa que, de normal, solo la ocupa un mantel cl\u00e1sico y dos mandos a distancia, en Navidad es una revoluci\u00f3n. Y si no, con estas ideas, a partir de ahora va a serlo. Las bandejas con pi\u00f1as secas y velas ya no est\u00e1n de moda. <\/span><b>Ahora, la tendencia son los tarros<\/b><span style=\"font-weight: 400;\">.<\/span><\/p>\n<p><span style=\"font-weight: 400;\">Nuestra idea para decorar una mesa es que sobre un mantel con tela arpillera marr\u00f3n, <strong>coloques tres tarros transparentes<\/strong>: uno que incluya un mont\u00f3n de luces navide\u00f1as, otro cubierto de bastoncillos de caramelo y otro que emule una bola de nieve o que incluya dentro un elemento caracter\u00edstico de la navidad cubierto de \u2018nieve\u2019 falsa. \u00a1As\u00ed de f\u00e1cil!<\/span><\/p>\n<p>&nbsp;<\/p>\n<h3><span style=\"font-weight: 400;\">El animal por excelencia<\/span><\/h3>\n<p><img loading=\"lazy\" decoding=\"async\" class=\"alignnone size-full wp-image-34097\" src=\"https:\/\/www.fotocasa.es\/fotocasa-life\/wp-content\/uploads\/2018\/12\/reno-navidad.jpg\" alt=\"- - - -\" width=\"980\" height=\"550\" title=\"-\" srcset=\"https:\/\/www.fotocasa.es\/fotocasa-life\/wp-content\/uploads\/2018\/12\/reno-navidad.jpg 980w, https:\/\/www.fotocasa.es\/fotocasa-life\/wp-content\/uploads\/2018\/12\/reno-navidad-300x168.jpg 300w, https:\/\/www.fotocasa.es\/fotocasa-life\/wp-content\/uploads\/2018\/12\/reno-navidad-150x84.jpg 150w, https:\/\/www.fotocasa.es\/fotocasa-life\/wp-content\/uploads\/2018\/12\/reno-navidad-768x431.jpg 768w\" sizes=\"auto, (max-width: 980px) 100vw, 980px\" \/><\/p>\n<p><span style=\"font-weight: 400;\">Si hoy en d\u00eda ya es una caracter\u00edstica com\u00fan en interiorismo, en Navidad todav\u00eda m\u00e1s. Y es que las siluetas, figuras y motivos de renos y ciervo est\u00e1n a la \u00faltima. Las opciones para incluir estos animales en tu decoraci\u00f3n son muchas. Por ejemplo, puede ser el elemento principal de la corona que adorna la puerta o puedes incluir servilleteros con la cara de un reno, e incluso puedes hacer galletas con forma de este animal para <\/span><b>que todos tus invitados queden encantados.<\/b><\/p>\n<p>&nbsp;<\/p>\n<h3><span style=\"font-weight: 400;\">En buena compa\u00f1\u00eda<\/span><\/h3>\n<p><img loading=\"lazy\" decoding=\"async\" class=\"alignnone size-full wp-image-34098\" src=\"https:\/\/www.fotocasa.es\/fotocasa-life\/wp-content\/uploads\/2018\/12\/dulces-navidad.jpg\" alt=\"- - - -\" width=\"980\" height=\"550\" title=\"-\" srcset=\"https:\/\/www.fotocasa.es\/fotocasa-life\/wp-content\/uploads\/2018\/12\/dulces-navidad.jpg 980w, https:\/\/www.fotocasa.es\/fotocasa-life\/wp-content\/uploads\/2018\/12\/dulces-navidad-300x168.jpg 300w, https:\/\/www.fotocasa.es\/fotocasa-life\/wp-content\/uploads\/2018\/12\/dulces-navidad-150x84.jpg 150w, https:\/\/www.fotocasa.es\/fotocasa-life\/wp-content\/uploads\/2018\/12\/dulces-navidad-768x431.jpg 768w\" sizes=\"auto, (max-width: 980px) 100vw, 980px\" \/><\/p>\n<p><span style=\"font-weight: 400;\">Si algo tenemos claro es que la Navidad es una \u00e9poca de reuni\u00f3n: de reencontrarse con familiares y amigos y de celebraci\u00f3n. Por este mismo motivo, <\/span><b>los centros con dulces navide\u00f1os y golosinas son un <\/b><b><i>must<\/i><\/b><b> en todas las casas durante esta \u00e9poca<\/b><span style=\"font-weight: 400;\">. En cada hogar existen unas tradiciones distintas y unos dulces t\u00edpicos por lo que puedes incluir los favoritos de tus invitados y los tuyos en los centros de mesa. <\/span><\/p>\n<p><span style=\"font-weight: 400;\">Por tanto, sea cual sea la decoraci\u00f3n que elijas, lo que est\u00e1 claro es que la mayor\u00eda de los hogares se ti\u00f1en con tonos y colores navide\u00f1os. \u00bfC\u00f3mo decoras tu casa en Navidad? \u00a1Cu\u00e9ntanoslo!<\/span><\/p>\n","protected":false},"excerpt":{"rendered":"<p>Dentro de nada empieza la Navidad y la mayor\u00eda de las casas se decoran con \u00e1rboles, guirnaldas, mu\u00f1ecos de nieve, etc\u00e9tera. Normalmente, esta decoraci\u00f3n tan festiva permanece hasta el d\u00eda 7 de enero, el d\u00eda despu\u00e9s de Reyes. En algunas ocasiones, a la hora de decorar nuestro piso, puede que nos hayamos cansado ya de&#8230;<\/p>\n","protected":false},"author":18,"featured_media":34100,"comment_status":"open","ping_status":"closed","sticky":false,"template":"","format":"standard","meta":{"_lmt_disableupdate":"yes","_lmt_disable":"","footnotes":""},"categories":[4],"tags":[1158,1145,1147,1141],"class_list":["post-34092","post","type-post","status-publish","format-standard","has-post-thumbnail","hentry","category-decoracion","tag-arbol-de-navidad","tag-decoracion-de-navidad","tag-mesas-de-navidad","tag-navidad"],"modified_by":"fotocasa","_links":{"self":[{"href":"https:\/\/www.fotocasa.es\/fotocasa-life\/wp-json\/wp\/v2\/posts\/34092","targetHints":{"allow":["GET"]}}],"collection":[{"href":"https:\/\/www.fotocasa.es\/fotocasa-life\/wp-json\/wp\/v2\/posts"}],"about":[{"href":"https:\/\/www.fotocasa.es\/fotocasa-life\/wp-json\/wp\/v2\/types\/post"}],"author":[{"embeddable":true,"href":"https:\/\/www.fotocasa.es\/fotocasa-life\/wp-json\/wp\/v2\/users\/18"}],"replies":[{"embeddable":true,"href":"https:\/\/www.fotocasa.es\/fotocasa-life\/wp-json\/wp\/v2\/comments?post=34092"}],"version-history":[{"count":0,"href":"https:\/\/www.fotocasa.es\/fotocasa-life\/wp-json\/wp\/v2\/posts\/34092\/revisions"}],"wp:featuredmedia":[{"embeddable":true,"href":"https:\/\/www.fotocasa.es\/fotocasa-life\/wp-json\/wp\/v2\/media\/34100"}],"wp:attachment":[{"href":"https:\/\/www.fotocasa.es\/fotocasa-life\/wp-json\/wp\/v2\/media?parent=34092"}],"wp:term":[{"taxonomy":"category","embeddable":true,"href":"https:\/\/www.fotocasa.es\/fotocasa-life\/wp-json\/wp\/v2\/categories?post=34092"},{"taxonomy":"post_tag","embeddable":true,"href":"https:\/\/www.fotocasa.es\/fotocasa-life\/wp-json\/wp\/v2\/tags?post=34092"}],"curies":[{"name":"wp","href":"https:\/\/api.w.org\/{rel}","templated":true}]}}