{"id":33992,"date":"2018-12-14T11:14:01","date_gmt":"2018-12-14T10:14:01","guid":{"rendered":"https:\/\/www.fotocasa.es\/fotocasa-life\/?p=33992"},"modified":"2020-11-27T13:26:01","modified_gmt":"2020-11-27T12:26:01","slug":"el-ipc-se-modera-hasta-el-17-en-noviembre","status":"publish","type":"post","link":"https:\/\/www.fotocasa.es\/fotocasa-life\/hipotecas-finanzas\/el-ipc-se-modera-hasta-el-17-en-noviembre\/","title":{"rendered":"El IPC se modera hasta el 1,7% en noviembre"},"content":{"rendered":"<p><strong>El \u00cdndice de Precios de Consumo (IPC) baj\u00f3 un 0,1% en noviembre en relaci\u00f3n al mes anterior<\/strong> y recort\u00f3 seis d\u00e9cimas su tasa interanual, hasta el 1,7%, su menor nivel desde el pasado mes de abril, seg\u00fan los datos definitivos publicados este viernes por el Instituto Nacional de Estad\u00edstica (INE), que coinciden con los avanzados a finales del mes pasado.<\/p>\n<p>Estad\u00edstica ha atribuido la ca\u00edda de la tasa interanual del IPC de noviembre <strong>al descenso de los precios de la electricidad, del gas\u00f3leo para calefacci\u00f3n,<\/strong> de los carburantes, de los paquetes tur\u00edsticos, y de algunos alimentos, como las frutas y el aceite.<\/p>\n<p>La tasa interanual de noviembre es la vig\u00e9simo s\u00e9ptima tasa positiva que encadena el IPC interanual e implica que los precios son hoy un 1,7% superiores a los de hace un a\u00f1o. Tras seis meses por encima del 2%, en el pen\u00faltimo mes del a\u00f1o el IPC <strong>ha logrado bajar de esa barrera y situarse en su menor nivel<\/strong> desde abril.<\/p>\n<p>La inflaci\u00f3n subyacente, que <strong>no incluye los precios de los productos energ\u00e9ticos<\/strong> ni de los alimentos no elaborados, baj\u00f3 una d\u00e9cima en noviembre, hasta el 0,9%, con lo que se sit\u00faa ocho d\u00e9cimas por debajo de la del IPC general. En el pen\u00faltimo mes del a\u00f1o, el \u00cdndice de Precios de Consumo Armonizado (IPCA) situ\u00f3 su tasa anual en el 1,7%, seis d\u00e9cimas menos que en octubre.<\/p>\n<p>&nbsp;<\/p>\n<h3 class=\"ladillo\">Bajan los precios de la gasolina y de la luz<\/h3>\n<p>Seg\u00fan el INE, entre los grupos que <strong>m\u00e1s contribuyeron a la moderaci\u00f3n de la tasa interanual del IPC<\/strong> se encuentran el transporte, que recort\u00f3 casi 2,5 puntos su tasa anual, hasta el 3,3%, por el abaratamiento de los carburantes y del transporte a\u00e9reo, frente a los aumentos registrados un a\u00f1o antes.<\/p>\n<p>Tambi\u00e9n influyeron la vivienda, cuya tasa anual baj\u00f3 m\u00e1s de punto, hasta el 2,8%, <strong>por el menor coste de la electricidad y del gas\u00f3leo para calefacci\u00f3n<\/strong>; los alimentos, que redujeron tres d\u00e9cimas su tasa, hasta el 1,4%, por el abaratamiento de las frutas y los aceites y grasas; y el ocio y la cultura, que present\u00f3 una tasa anual cinco d\u00e9cimas menor a la de octubre, hasta el -0,5%, por la disminuci\u00f3n de los precios de los paquetes tur\u00edsticos.<\/p>\n<p>En t\u00e9rminos mensuales, <strong>el IPC baj\u00f3 un 0,1% en relaci\u00f3n a octubre<\/strong>, debido principalmente al descenso de los precios del transporte (-1,4%) por las gasolinas; de los alimentos (-0,5%) por las frutas; de los hoteles (-0,6%) por los servicios de alojamiento; del ocio y la cultura (-0,6%) por los paquetes tur\u00edsticos, y de la vivienda (-0,2%) por los precios de la electricidad.<\/p>\n<p>Por contra,<strong> el grupo de vestido y calzado elev\u00f3 sus precios un 4,9%<\/strong> en noviembre en relaci\u00f3n al mes anterior por los \u00faltimos efectos de la entrada de la temporada de invierno, seg\u00fan explica Estad\u00edstica.<\/p>\n<p>&nbsp;<\/p>\n<h3 class=\"ladillo\">Baja la tasa interanual en todas las comunidades<\/h3>\n<p>La tasa anual del IPC disminuy\u00f3 en todas las comunidades aut\u00f3nomas en noviembre respecto a octubre. <strong>El mayor descenso se produce en Cantabria<\/strong>, que recort\u00f3 su tasa ocho d\u00e9cimas, hasta el 1,6%. Por su parte, Canarias es la comunidad donde menos baj\u00f3 la tasa anual, tres d\u00e9cimas, hasta el 1,6%.<\/p>\n<p>Las regiones que al finalizar noviembre <strong>presentaban las mayores tasas anuales de IPC<\/strong> son Castilla-La Mancha (+2%) y Catalu\u00f1a y Madrid (+1,9%), mientras que Baleares registr\u00f3 la tasa m\u00e1s baja (+1,2%).<\/p>\n","protected":false},"excerpt":{"rendered":"<p>El \u00cdndice de Precios de Consumo (IPC) baj\u00f3 un 0,1% en noviembre en relaci\u00f3n al mes anterior y recort\u00f3 seis d\u00e9cimas su tasa interanual.<\/p>\n","protected":false},"author":78,"featured_media":31069,"comment_status":"open","ping_status":"closed","sticky":false,"template":"","format":"standard","meta":{"_lmt_disableupdate":"yes","_lmt_disable":"","footnotes":""},"categories":[6],"tags":[538],"class_list":["post-33992","post","type-post","status-publish","format-standard","has-post-thumbnail","hentry","category-hipotecas-finanzas","tag-ipc"],"modified_by":"fotocasa","_links":{"self":[{"href":"https:\/\/www.fotocasa.es\/fotocasa-life\/wp-json\/wp\/v2\/posts\/33992","targetHints":{"allow":["GET"]}}],"collection":[{"href":"https:\/\/www.fotocasa.es\/fotocasa-life\/wp-json\/wp\/v2\/posts"}],"about":[{"href":"https:\/\/www.fotocasa.es\/fotocasa-life\/wp-json\/wp\/v2\/types\/post"}],"author":[{"embeddable":true,"href":"https:\/\/www.fotocasa.es\/fotocasa-life\/wp-json\/wp\/v2\/users\/78"}],"replies":[{"embeddable":true,"href":"https:\/\/www.fotocasa.es\/fotocasa-life\/wp-json\/wp\/v2\/comments?post=33992"}],"version-history":[{"count":0,"href":"https:\/\/www.fotocasa.es\/fotocasa-life\/wp-json\/wp\/v2\/posts\/33992\/revisions"}],"wp:featuredmedia":[{"embeddable":true,"href":"https:\/\/www.fotocasa.es\/fotocasa-life\/wp-json\/wp\/v2\/media\/31069"}],"wp:attachment":[{"href":"https:\/\/www.fotocasa.es\/fotocasa-life\/wp-json\/wp\/v2\/media?parent=33992"}],"wp:term":[{"taxonomy":"category","embeddable":true,"href":"https:\/\/www.fotocasa.es\/fotocasa-life\/wp-json\/wp\/v2\/categories?post=33992"},{"taxonomy":"post_tag","embeddable":true,"href":"https:\/\/www.fotocasa.es\/fotocasa-life\/wp-json\/wp\/v2\/tags?post=33992"}],"curies":[{"name":"wp","href":"https:\/\/api.w.org\/{rel}","templated":true}]}}