{"id":33867,"date":"2018-12-05T22:16:37","date_gmt":"2018-12-05T21:16:37","guid":{"rendered":"https:\/\/www.fotocasa.es\/fotocasa-life\/?p=33867"},"modified":"2020-11-27T13:26:03","modified_gmt":"2020-11-27T12:26:03","slug":"el-congreso-quiere-limitar-la-responsabilidad-del-deudor-hipotecado-en-una-primera-vivienda","status":"publish","type":"post","link":"https:\/\/www.fotocasa.es\/fotocasa-life\/hipotecas-finanzas\/el-congreso-quiere-limitar-la-responsabilidad-del-deudor-hipotecado-en-una-primera-vivienda\/","title":{"rendered":"El Congreso quiere limitar la responsabilidad del deudor hipotecado en una primera vivienda"},"content":{"rendered":"<p>El Congreso apuesta por reformar la <a href=\"https:\/\/www.fotocasa.es\/fotocasa-life\/hipotecas-finanzas\/cambios-financiacion-nueva-ley-hipotecaria\/\" target=\"_blank\" rel=\"noopener noreferrer\">ley hipotecaria<\/a> con el fin de garantizar que, \u00abcomo norma general y obligatoria\u00bb, se garantice <strong>limitar la responsabilidad patrimonial del deudor en el importe de los bienes hipotecados<\/strong> a la hora de adquirir una primera vivienda o vivienda familiar.<\/p>\n<p>Esta es una de las conclusiones aprobadas por la comisi\u00f3n que ha investigado la crisis financiera, el rescate bancario y la quiebra de las cajas de ahorro, que pide hacer cambios en la normativa hipotecaria.<\/p>\n<p>Textualmente, el Congreso aboga por reformar la ley para \u00abgarantizar en favor de los consumidores que en todos los contratos hipotecarios para la adquisici\u00f3n de una primera vivienda y\/o vivienda familiar con las entidades financieras se establezca como norma general y obligatoria <strong>la garant\u00eda de responsabilidad patrimonial limitada al importe de los <a href=\"https:\/\/www.fotocasa.es\/fotocasa-life\/hipotecas-finanzas\/la-firma-de-hipotecas-sobre-viviendas-alcanza-su-mayor-cifra-en-7-anos\/\">bienes hipotecados<\/a><\/strong>\u00ab.<\/p>\n<p>En sus conclusiones, la comisi\u00f3n incluye varias recomendaciones dirigidas a <strong>modificar la normativa hipotecaria<\/strong>, especialmente en el apartado de protecci\u00f3n de consumidores. La propia presidenta, la diputada de Coalici\u00f3n Canaria, Ana Oramas, se\u00f1al\u00f3 que el dictamen de este grupo de trabajo incluir\u00eda recomendaciones de cara a la tramitaci\u00f3n del proyecto de ley de cr\u00e9dito inmobiliario, que este martes encara el que previsiblemente ser\u00e1 su \u00faltimo d\u00eda de ponencia.<\/p>\n<p>De hecho, Oramas coment\u00f3 que la coincidencia de muchos de los miembros de la comisi\u00f3n con la ponencia que ultima el redactado de la ley facilitar\u00eda la inclusi\u00f3n de estos cambios. Sin embargo, los grupos han rechazado hasta el momento la posibilidad de <strong>limitar expresamente la responsabilidad del deudor hipotecario<\/strong>, descartando f\u00f3rmulas como la daci\u00f3n en pago.<\/p>\n<p>&nbsp;<\/p>\n<h3 class=\"ladillo\">Prever el impacto en el cr\u00e9dito disponible<\/h3>\n<p>Otra de las menciones a la futura normativa hipotecaria pasa por establecer <strong>\u00abcondiciones armonizadas en los pr\u00e9stamos\u00bb<\/strong> y \u00abun mayor nivel de transparencia y de protecci\u00f3n al prestatario\u00bb, as\u00ed como \u00abpotenciar la seguridad jur\u00eddica y comprensi\u00f3n de los contratos y de las cl\u00e1usulas que la componen\u00bb.<\/p>\n<p>Por otro lado, la comisi\u00f3n tambi\u00e9n recomienda <strong>tener en cuenta el impacto de toda modificaci\u00f3n en la normativa hipotecaria en el sector financiero<\/strong>. M\u00e1s concretamente, \u00absobre el volumen de cr\u00e9dito disponible en el sistema\u00bb.<\/p>\n<p>\u00abEs evidente que la implantaci\u00f3n de medidas de protecci\u00f3n de los consumidores ser\u00e1 siempre positiva y debe apostarse por ellas, pero es evidente tambi\u00e9n que un exceso de celo en las <strong>medidas que se adopten puede provocar un efecto negativo de contracci\u00f3n del cr\u00e9dito<\/strong>\u00ab, argumenta esta propuesta aprobada por la comisi\u00f3n, que advierte de la posibilidad de \u00ablastrar\u00bb el crecimiento y \u00abdificultar el acceso a dicho cr\u00e9dito\u00bb.<\/p>\n<p>&nbsp;<\/p>\n<h3 class=\"ladillo\">Controlar la subida de alquileres y la Sareb<\/h3>\n<p>Asimismo, la comisi\u00f3n tambi\u00e9n ha aprobado <strong>propuestas dirigidas a orientar la pol\u00edtica de vivienda<\/strong>, llegando a pedir una reforma de la Ley de arrendamientos urbanos para establecer mecanismos de control del precio de alquiler, aumentar la duraci\u00f3n de los contratos y \u00abponer freno a los incrementos abusivos de los precios de los alquileres\u00bb.<\/p>\n<p><strong>Tambi\u00e9n pide incrementar el parque p\u00fablico de viviendas en alquiler,<\/strong> establecer procesos de cesi\u00f3n de viviendas vac\u00edas provenientes de la Sociedad de Gesti\u00f3n de Activos procedentes de la Reestructuraci\u00f3n Bancaria (Sareb) y las entidades bancarias y una auditor\u00eda completa de las operaciones y cuentas, pasadas y presentes, del llamado &#8216;banco malo&#8217;.<\/p>\n","protected":false},"excerpt":{"rendered":"<p>El Congreso apuesta por reformar la ley hipotecaria para limitar la responsabilidad patrimonial del deudor en el importe de los bienes hipotecados.<\/p>\n","protected":false},"author":78,"featured_media":28690,"comment_status":"open","ping_status":"closed","sticky":false,"template":"","format":"standard","meta":{"_lmt_disableupdate":"yes","_lmt_disable":"","footnotes":""},"categories":[6],"tags":[69,714,1862],"class_list":["post-33867","post","type-post","status-publish","format-standard","has-post-thumbnail","hentry","category-hipotecas-finanzas","tag-comprar-primera-vivienda","tag-deudores-hipotecarios","tag-hipotecas"],"modified_by":"fotocasa","_links":{"self":[{"href":"https:\/\/www.fotocasa.es\/fotocasa-life\/wp-json\/wp\/v2\/posts\/33867","targetHints":{"allow":["GET"]}}],"collection":[{"href":"https:\/\/www.fotocasa.es\/fotocasa-life\/wp-json\/wp\/v2\/posts"}],"about":[{"href":"https:\/\/www.fotocasa.es\/fotocasa-life\/wp-json\/wp\/v2\/types\/post"}],"author":[{"embeddable":true,"href":"https:\/\/www.fotocasa.es\/fotocasa-life\/wp-json\/wp\/v2\/users\/78"}],"replies":[{"embeddable":true,"href":"https:\/\/www.fotocasa.es\/fotocasa-life\/wp-json\/wp\/v2\/comments?post=33867"}],"version-history":[{"count":0,"href":"https:\/\/www.fotocasa.es\/fotocasa-life\/wp-json\/wp\/v2\/posts\/33867\/revisions"}],"wp:featuredmedia":[{"embeddable":true,"href":"https:\/\/www.fotocasa.es\/fotocasa-life\/wp-json\/wp\/v2\/media\/28690"}],"wp:attachment":[{"href":"https:\/\/www.fotocasa.es\/fotocasa-life\/wp-json\/wp\/v2\/media?parent=33867"}],"wp:term":[{"taxonomy":"category","embeddable":true,"href":"https:\/\/www.fotocasa.es\/fotocasa-life\/wp-json\/wp\/v2\/categories?post=33867"},{"taxonomy":"post_tag","embeddable":true,"href":"https:\/\/www.fotocasa.es\/fotocasa-life\/wp-json\/wp\/v2\/tags?post=33867"}],"curies":[{"name":"wp","href":"https:\/\/api.w.org\/{rel}","templated":true}]}}