{"id":33599,"date":"2018-11-20T10:05:07","date_gmt":"2018-11-20T09:05:07","guid":{"rendered":"https:\/\/www.fotocasa.es\/fotocasa-life\/?p=33599"},"modified":"2020-11-27T13:26:22","modified_gmt":"2020-11-27T12:26:22","slug":"una-sentencia-da-la-razon-a-miles-de-clientes-en-una-demanda-contra-abanca-por-clausulas-suelo","status":"publish","type":"post","link":"https:\/\/www.fotocasa.es\/fotocasa-life\/hipotecas-finanzas\/una-sentencia-da-la-razon-a-miles-de-clientes-en-una-demanda-contra-abanca-por-clausulas-suelo\/","title":{"rendered":"Una sentencia da la raz\u00f3n a miles de clientes en una demanda contra Abanca por cl\u00e1usulas suelo"},"content":{"rendered":"<p>El Juzgado de lo Mercantil n\u00famero 1 de A Coru\u00f1a ha dado la raz\u00f3n a los clientes en la demanda colectiva presentada por la Asociaci\u00f3n Galega de Consumidores e Usuarios (Acouga) contra <a href=\"https:\/\/www.fotocasa.es\/fotocasa-life\/hipotecas-finanzas\/abanca-preve-finalizar-el-proceso-de-clausulas-suelo-este-ano-y-llegar-a-acuerdos-en-la-mayoria-de-casos\/\" target=\"_blank\" rel=\"noopener noreferrer\">Abanca<\/a> en la que <strong>reclamaba la devoluci\u00f3n del dinero cobrado de m\u00e1s a los clientes con pr\u00e9stamos hipotecarios<\/strong> con cl\u00e1usulas suelo suscritos con anterioridad a mayo de 2013.<\/p>\n<p>Seg\u00fan informa el Tribunal Superior de Xustiza de Galicia (TSXG), la magistrada ordena en la sentencia a la entidad bancaria que <strong>restituya a los perjudicados las cantidades indebidamente abonadas<\/strong> en aplicaci\u00f3n de las <a href=\"https:\/\/www.fotocasa.es\/fotocasa-life\/hipotecas-finanzas\/banca-demandas-clausulas-suelo-rechazado\/\" target=\"_blank\" rel=\"noopener noreferrer\">cl\u00e1usulas declaradas nulas<\/a> en virtud de la sentencia del Tribunal Supremo de 9 de mayo de 2013.<\/p>\n<p>En declaraciones a Europa Press, el secretario xeral de Acouga, el abogado Xo\u00e1n Ant\u00f3n P\u00e9rez-Lema, afirma que esta \u00abes la decisi\u00f3n judicial en derecho privado <strong>m\u00e1s importante de la historia de Galicia<\/strong> en cuanto a cantidad no solo de adheridos, sino de potenciales afectados por ella\u00bb, ya que estima que ser\u00e1n \u00abmiles\u00bb, con un impacto global de millones de euros.<\/p>\n<p>Contra este fallo, que no es firme, emitido con fecha del 14 de noviembre, cabe presentar recurso de apelaci\u00f3n en un plazo de 20 d\u00edas.<\/p>\n<p>Acouga agrupa a algo m\u00e1s de un millar de perjudicados en una demanda colectiva que fue admitida a tr\u00e1mite por el juzgado en febrero de 2016, y con la que se pretend\u00eda la devoluci\u00f3n<strong> \u00abdel dinero cobrado de m\u00e1s\u00bb a los clientes con pr\u00e9stamos hipotecarios<\/strong>, con anterioridad a mayo de 2013, fecha a la que el Tribunal Supremo limitaba la retroactividad.<\/p>\n<p>Con todo, P\u00e9rez-Lema prev\u00e9 que \u00abcualquier afectado que tuviese una <strong>cl\u00e1usula suelo con Caixa Galicia o Caixanova\u00bb<\/strong> podr\u00e1 beneficiarse una vez la sentencia sea firme.<\/p>\n<p>&nbsp;<\/p>\n<h3 class=\"ladillo\">Sentencia para las econom\u00edas familiares<\/h3>\n<p>A modo de ejemplo de lo que puede suponer esta sentencia P\u00e9rez-Lema pone el ejemplo de una persona que tenga una hipoteca de 90.000 euros, que \u00abno es muy alta\u00bb, pero que obtendr\u00e1 la <strong>devoluci\u00f3n de \u00abentre 5.000 y 7.000 euros<\/strong> por operaci\u00f3n de pr\u00e9stamo hipotecario\u00bb.<\/p>\n<p>De hecho, considera que esta sentencia <strong>\u00abva a tener un efecto muy positivo para la econom\u00eda\u00bb<\/strong>. \u00abVa a ser mucho dinero para las econom\u00edas de las familias y de los consumidores para eso que se dice de tapar agujeros\u00bb, valora.<\/p>\n<p>Por todo ello, P\u00e9rez-Lema subraya que es una sentencia \u00abadecuada, acertada y restitutiva\u00bb, \u00abcomo dice el tribunal europeo\u00bb, \u00abporque <strong>si hay una cl\u00e1usula nula hay que poner a la persona en el punto cero<\/strong> y, por tanto, devolverle\u00bb lo correspondiente.<\/p>\n<p>\u00abEs de las sentencias que m\u00e1s va a afectar en la historia del Derecho Civil espa\u00f1ol, <strong>mientras que en la historia judicial de Galicia es la que m\u00e1s impacto tiene en m\u00e1s familias,<\/strong> porque nunca hubo una que vaya a afectar a tanta gente en Galicia\u00bb, asegura P\u00e9rez-Lema.<\/p>\n<p>Adem\u00e1s, este abogado reflexiona sobre que <strong>\u00abesta sentencia va a sustituir a miles de pleitos\u00bb<\/strong> y \u00abest\u00e1 ahorrando un gran n\u00famero de recursos de la administraci\u00f3n de justicia\u00bb.<\/p>\n<p>&nbsp;<\/p>\n<h3 class=\"ladillo\">El FROB se hacer cargo del 85%<\/h3>\n<p>Sobre el impacto de esta sentencia, P\u00e9rez-Lema indica que \u00abAbanca tiene las cuentas echadas desde que se present\u00f3 la denuncia en 2016 y con los beneficios magn\u00edficos que est\u00e1 obtenido <strong>no le va a suponer problema<\/strong>\u00ab.<\/p>\n<p>Adem\u00e1s, recuerda que \u00abtiene una garant\u00eda del Fondo de Reestructuraci\u00f3n Ordenada Bancaria (FROB) que va a cubrir <strong>el 85%\u00bb de la devoluci\u00f3n de sus cl\u00e1usulas suelo<\/strong>, por \u00ablo que en un 85 por ciento se va a pagar con dinero p\u00fablico\u00bb.<\/p>\n","protected":false},"excerpt":{"rendered":"<p>El Juzgado ha dado la raz\u00f3n a los clientes contra Abanca que reclamaban la devoluci\u00f3n del dinero cobrado de m\u00e1s a los clientes con pr\u00e9stamos hipotecarios.<\/p>\n","protected":false},"author":78,"featured_media":29744,"comment_status":"open","ping_status":"closed","sticky":false,"template":"","format":"standard","meta":{"_lmt_disableupdate":"yes","_lmt_disable":"","footnotes":""},"categories":[6],"tags":[46,47,2637,1287],"class_list":["post-33599","post","type-post","status-publish","format-standard","has-post-thumbnail","hentry","category-hipotecas-finanzas","tag-clausulas-abusivas","tag-clausulas-suelo","tag-economia-familiar","tag-sentencias-clausulas-suelo"],"modified_by":"fotocasa","_links":{"self":[{"href":"https:\/\/www.fotocasa.es\/fotocasa-life\/wp-json\/wp\/v2\/posts\/33599","targetHints":{"allow":["GET"]}}],"collection":[{"href":"https:\/\/www.fotocasa.es\/fotocasa-life\/wp-json\/wp\/v2\/posts"}],"about":[{"href":"https:\/\/www.fotocasa.es\/fotocasa-life\/wp-json\/wp\/v2\/types\/post"}],"author":[{"embeddable":true,"href":"https:\/\/www.fotocasa.es\/fotocasa-life\/wp-json\/wp\/v2\/users\/78"}],"replies":[{"embeddable":true,"href":"https:\/\/www.fotocasa.es\/fotocasa-life\/wp-json\/wp\/v2\/comments?post=33599"}],"version-history":[{"count":0,"href":"https:\/\/www.fotocasa.es\/fotocasa-life\/wp-json\/wp\/v2\/posts\/33599\/revisions"}],"wp:featuredmedia":[{"embeddable":true,"href":"https:\/\/www.fotocasa.es\/fotocasa-life\/wp-json\/wp\/v2\/media\/29744"}],"wp:attachment":[{"href":"https:\/\/www.fotocasa.es\/fotocasa-life\/wp-json\/wp\/v2\/media?parent=33599"}],"wp:term":[{"taxonomy":"category","embeddable":true,"href":"https:\/\/www.fotocasa.es\/fotocasa-life\/wp-json\/wp\/v2\/categories?post=33599"},{"taxonomy":"post_tag","embeddable":true,"href":"https:\/\/www.fotocasa.es\/fotocasa-life\/wp-json\/wp\/v2\/tags?post=33599"}],"curies":[{"name":"wp","href":"https:\/\/api.w.org\/{rel}","templated":true}]}}