{"id":33519,"date":"2018-11-21T09:00:50","date_gmt":"2018-11-21T08:00:50","guid":{"rendered":"https:\/\/www.fotocasa.es\/fotocasa-life\/?p=33519"},"modified":"2020-11-27T13:26:15","modified_gmt":"2020-11-27T12:26:15","slug":"milenials-preven-nueva-burbuja-inmobiliaria","status":"publish","type":"post","link":"https:\/\/www.fotocasa.es\/fotocasa-life\/hipotecas-finanzas\/milenials-preven-nueva-burbuja-inmobiliaria\/","title":{"rendered":"Los milenials prev\u00e9n una nueva burbuja inmobiliaria"},"content":{"rendered":"<p><span style=\"font-weight: 400;\">\u00bfQu\u00e9 piensan los j\u00f3venes del mercado inmobiliario? Sobre todo, dos cosas: que <strong>pueda haber una nueva burbuja inmobiliaria,<\/strong> cosa que ven como bastante probable, y que la compra tiene grandes ventajas sobre el alquiler. Son algunas de las conclusiones del estudio <\/span><a href=\"https:\/\/research.fotocasa.es\/los-jovenes-y-su-relacion-con-la-vivienda-2017-2018\/\" target=\"_blank\" rel=\"noopener noreferrer\"><span style=\"font-weight: 400;\">Los j\u00f3venes y su relaci\u00f3n con la vivienda 2017-2018<\/span><\/a><span style=\"font-weight: 400;\">, elaborado por Fotocasa, que no solo muestra los datos estad\u00edsticos de los menores de 35 a\u00f1os que han buscado vivienda en los \u00faltimos meses, sino que tambi\u00e9n analiza sus expectativas sobre el sector.<\/span><\/p>\n<p>&nbsp;<\/p>\n<p><img loading=\"lazy\" decoding=\"async\" class=\"alignnone size-full wp-image-28301\" src=\"https:\/\/www.fotocasa.es\/fotocasa-life\/wp-content\/uploads\/2018\/04\/vivienda-obra-nueva.jpg\" alt=\"burbuja inmobiliaria\" width=\"980\" height=\"550\" title=\"-\" srcset=\"https:\/\/www.fotocasa.es\/fotocasa-life\/wp-content\/uploads\/2018\/04\/vivienda-obra-nueva.jpg 980w, https:\/\/www.fotocasa.es\/fotocasa-life\/wp-content\/uploads\/2018\/04\/vivienda-obra-nueva-300x168.jpg 300w, https:\/\/www.fotocasa.es\/fotocasa-life\/wp-content\/uploads\/2018\/04\/vivienda-obra-nueva-150x84.jpg 150w, https:\/\/www.fotocasa.es\/fotocasa-life\/wp-content\/uploads\/2018\/04\/vivienda-obra-nueva-768x431.jpg 768w\" sizes=\"auto, (max-width: 980px) 100vw, 980px\" \/><\/p>\n<h3><\/h3>\n<h3><b>Casi sin g\u00e9nero de dudas<\/b><\/h3>\n<p><span style=\"font-weight: 400;\">Casi la mitad (el 47%) de los <\/span><a href=\"https:\/\/www.fotocasa.es\/fotocasa-life\/compraventa\/aumentan-los-milenials-que-compran-vivienda\/\" target=\"_blank\" rel=\"noopener noreferrer\"><span style=\"font-weight: 400;\">milenials<\/span><\/a><span style=\"font-weight: 400;\"> activos en el mercado inmobiliario \u2013quienes tienen entre 18 y 34 a\u00f1os y han comprado o alquilado, o lo han intentado, en el \u00faltimo a\u00f1o\u2013 <strong>temen que habr\u00e1 una nueva burbuja inmobiliaria<\/strong>. Y cuanto m\u00e1s mayores, m\u00e1s claro parecen tenerlo: el 51% de los que tienen entre 25 y 34 creen que la burbuja inmobiliaria est\u00e1 a la vuelta de la esquina. Son porcentajes mayores que los recogidos el a\u00f1o pasado.<\/span><\/p>\n<p>&nbsp;<\/p>\n<h3><b>Creencias vigentes<\/b><\/h3>\n<p><span style=\"font-weight: 400;\">Otro de los aspectos que llama la atenci\u00f3n en los resultados del estudio es que vuelven a cobrar vigencia, entre los j\u00f3venes, ideas como que alquilar es tirar el dinero (lo afirman en el 43% de los casos), que un piso es la mejor herencia que se puede dejar a los hijos (47%) y que comprar una vivienda es una buena inversi\u00f3n (58%). <\/span><\/p>\n<p><span style=\"font-weight: 400;\"><strong>En todos los casos los porcentajes han aumentado un m\u00ednimo de diez puntos respecto a 2017<\/strong>. Es decir, estas viejas ideas que hab\u00edan mostrado cierto retroceso durante la crisis, vuelven a afianzarse con fuerza. En parte, por la evoluci\u00f3n reciente del mercado: dos de cada tres coinciden en pensar que los alquileres han subido tanto que ya compensa m\u00e1s pagar una hipoteca que un alquiler.<\/span><\/p>\n<p>&nbsp;<\/p>\n<p><img loading=\"lazy\" decoding=\"async\" class=\"alignnone size-full wp-image-31959\" src=\"https:\/\/www.fotocasa.es\/fotocasa-life\/wp-content\/uploads\/2018\/09\/precio-vivienda.jpg\" alt=\"precio vivienda\" width=\"980\" height=\"550\" title=\"-\" srcset=\"https:\/\/www.fotocasa.es\/fotocasa-life\/wp-content\/uploads\/2018\/09\/precio-vivienda.jpg 980w, https:\/\/www.fotocasa.es\/fotocasa-life\/wp-content\/uploads\/2018\/09\/precio-vivienda-300x168.jpg 300w, https:\/\/www.fotocasa.es\/fotocasa-life\/wp-content\/uploads\/2018\/09\/precio-vivienda-150x84.jpg 150w, https:\/\/www.fotocasa.es\/fotocasa-life\/wp-content\/uploads\/2018\/09\/precio-vivienda-768x431.jpg 768w\" sizes=\"auto, (max-width: 980px) 100vw, 980px\" \/><\/p>\n<p>&nbsp;<\/p>\n<h3><b>Los pisos son muy caros<\/b><\/h3>\n<p><span style=\"font-weight: 400;\">Las estad\u00edsticas muestran que los precios de la vivienda han subido en los \u00faltimos a\u00f1os, y los j\u00f3venes as\u00ed lo perciben. M\u00e1s de la mitad de los que participan en el mercado inmobiliario creen que los precios, tanto de compra como de alquiler, son muy caros. Otro tercio cree que son caros, y apenas nadie (un 3%) cree que los precios son baratos. Especialmente <strong>perciben como muy caros los precios de los alquileres<\/strong>, sobre todo en Madrid y en Barcelona. Y no prev\u00e9n un futuro mucho mejor: el 72% creen que la vivienda seguir\u00e1 subiendo de precio y solo un 4% que bajar\u00e1n.<\/span><\/p>\n<p>&nbsp;<\/p>\n<h3><b>\u00bfPor qu\u00e9 suben los precios?<\/b><\/h3>\n<p><span style=\"font-weight: 400;\">Resulta interesante analizar tambi\u00e9n las <strong>razones por las que los j\u00f3venes que participan en el mercado inmobiliario<\/strong> creen que se est\u00e1 produciendo esta subida de precios en la vivienda. El factor m\u00e1s destacado es la situaci\u00f3n econ\u00f3mica del pa\u00eds (67%) y la inestabilidad laboral (63%). En el caso del alquiler destacan la influencia de los alquileres vacacionales o de corta duraci\u00f3n (61%, mientras que en 2017 era el 50%), el inter\u00e9s de los inversores por la vivienda (60%) y la escasez de la oferta (48%). <\/span><\/p>\n","protected":false},"excerpt":{"rendered":"<p>\u00bfQu\u00e9 piensan los j\u00f3venes del mercado inmobiliario? Los j\u00f3venes y su relaci\u00f3n con la vivienda 2017-2018, elaborado por Fotocasa. <\/p>\n","protected":false},"author":3,"featured_media":33522,"comment_status":"open","ping_status":"closed","sticky":false,"template":"","format":"standard","meta":{"_lmt_disableupdate":"yes","_lmt_disable":"","footnotes":""},"categories":[6],"tags":[438,313],"class_list":["post-33519","post","type-post","status-publish","format-standard","has-post-thumbnail","hentry","category-hipotecas-finanzas","tag-estudio","tag-jovenes-emancipados"],"modified_by":"fotocasa","_links":{"self":[{"href":"https:\/\/www.fotocasa.es\/fotocasa-life\/wp-json\/wp\/v2\/posts\/33519","targetHints":{"allow":["GET"]}}],"collection":[{"href":"https:\/\/www.fotocasa.es\/fotocasa-life\/wp-json\/wp\/v2\/posts"}],"about":[{"href":"https:\/\/www.fotocasa.es\/fotocasa-life\/wp-json\/wp\/v2\/types\/post"}],"author":[{"embeddable":true,"href":"https:\/\/www.fotocasa.es\/fotocasa-life\/wp-json\/wp\/v2\/users\/3"}],"replies":[{"embeddable":true,"href":"https:\/\/www.fotocasa.es\/fotocasa-life\/wp-json\/wp\/v2\/comments?post=33519"}],"version-history":[{"count":0,"href":"https:\/\/www.fotocasa.es\/fotocasa-life\/wp-json\/wp\/v2\/posts\/33519\/revisions"}],"wp:featuredmedia":[{"embeddable":true,"href":"https:\/\/www.fotocasa.es\/fotocasa-life\/wp-json\/wp\/v2\/media\/33522"}],"wp:attachment":[{"href":"https:\/\/www.fotocasa.es\/fotocasa-life\/wp-json\/wp\/v2\/media?parent=33519"}],"wp:term":[{"taxonomy":"category","embeddable":true,"href":"https:\/\/www.fotocasa.es\/fotocasa-life\/wp-json\/wp\/v2\/categories?post=33519"},{"taxonomy":"post_tag","embeddable":true,"href":"https:\/\/www.fotocasa.es\/fotocasa-life\/wp-json\/wp\/v2\/tags?post=33519"}],"curies":[{"name":"wp","href":"https:\/\/api.w.org\/{rel}","templated":true}]}}