{"id":33472,"date":"2018-11-13T12:44:42","date_gmt":"2018-11-13T11:44:42","guid":{"rendered":"https:\/\/www.fotocasa.es\/fotocasa-life\/?p=33472"},"modified":"2020-12-16T13:58:17","modified_gmt":"2020-12-16T12:58:17","slug":"hacienda-vigilara-que-la-banca-no-repercuta-el-impuesto-de-las-hipotecas-a-los-clientes","status":"publish","type":"post","link":"https:\/\/www.fotocasa.es\/fotocasa-life\/hipotecas-finanzas\/hacienda-vigilara-que-la-banca-no-repercuta-el-impuesto-de-las-hipotecas-a-los-clientes\/","title":{"rendered":"Hacienda vigilar\u00e1 que la banca no repercuta el impuesto de las hipotecas a los clientes"},"content":{"rendered":"<p>La secretaria de Estado de Hacienda, In\u00e9s Mar\u00eda Bard\u00f3n, ha subrayado que el Gobierno vigilar\u00e1 \u00abestrechamente\u00bb que la <a href=\"https:\/\/www.fotocasa.es\/fotocasa-life\/hipotecas-finanzas\/la-banca-pagara-el-impuesto-de-las-hipotecas-de-ahora-en-adelante\/\" target=\"_blank\" rel=\"noopener noreferrer\">asunci\u00f3n por parte de la banca del impuesto de Actos Jur\u00eddicos Documentados (AJD)<\/a> que grava las hipotecas<strong> no se traduzca en cl\u00e1usulas abusivas para los clientes ni repercuta en el precio<\/strong>, ya que recurrir\u00e1 a la CNMC si es necesario. Adem\u00e1s, ha aclarado que las cajas rurales y las cooperativas tambi\u00e9n tendr\u00e1n que asumir el pago del impuesto y que las exenciones decaen con el cambio legal.<\/p>\n<p>As\u00ed lo ha se\u00f1alado Bard\u00f3n durante su primera comparecencia ante la Comisi\u00f3n de Hacienda en el Senado, para informar sobre los objetivos del \u00e1rea de su responsabilidad, despu\u00e9s de que <strong>el Ejecutivo aprobase el pasado jueves el real decreto por el que las entidades pasan a asumir el pago del AJD<\/strong>, en lugar de los clientes como suced\u00eda hasta ahora, junto a la prohibici\u00f3n de que puedan deducir el gasto en Sociedades.<\/p>\n<p>\u00abNos vamos a ocupar de que el pago del <a href=\"https:\/\/www.fotocasa.es\/fotocasa-life\/hipotecas-finanzas\/los-bancos-deberan-abonar-los-impuestos-de-las-hipotecas-segun-el-supremo\/\" target=\"_blank\" rel=\"noopener noreferrer\">impuesto<\/a> no se traducza en cl\u00e1usulas abusivas ni de que se repercuta en el precio\u00bb, ha avisado Bard\u00f3n, quien ha indicado que la Comisi\u00f3n Nacional de los Mercados y la Competencia (CNMC) trabaja en esta materia, advirtiendo de que <strong>en caso de que se observe que se produce un acuerdo de mercado se llevar\u00eda a cabo la denuncia \u00aboportuna\u00bb<\/strong> del Gobierno o cualquier asociaci\u00f3n de consumidores. \u00abNo dudaremos en acudir a la CNMC si esto fuera necesario\u00bb, ha enfatizado.<\/p>\n<p>Adem\u00e1s, ha recordado que el Ministerio de Econom\u00eda est\u00e1 trabajando en la <strong>constituci\u00f3n de una agencia con car\u00e1cter \u00aburgente\u00bb<\/strong> que velar\u00e1 por los consumidores frente a las cl\u00e1usulas abusivas.<\/p>\n<p>En esta l\u00ednea, ha apuntado que el Ejecutivo vigilar\u00e1 \u00abestrechamente\u00bb que<strong> no produzca una repercusi\u00f3n del impuesto en el precio<\/strong> que pagan los clientes en sus pr\u00e9stamos hipotecarios, as\u00ed como en otras figuras que sufran modificaciones en el \u00e1mbito impositivo.<\/p>\n<p>La &#8216;n\u00famero dos&#8217; de Hacienda ha explicado que el real decreto aprobado por el Gobierno para que el sujeto pasivo del AJD sean los bancos <strong>no tiene car\u00e1cter retroactivo<\/strong>, ya que al existir un tercero \u00abno es posible\u00bb, y ha recordado que un total de 10 comunidades aut\u00f3nomas tienen el tipo de este tributo en el 1,5%, el m\u00e1ximo.<\/p>\n<p>&nbsp;<\/p>\n<h3 class=\"ladillo\">Cajas rurales y cooperativas pagar\u00e1n el impuesto<\/h3>\n<p>En declaraciones a los periodistas al t\u00e9rmino de su comparecencia, Bard\u00f3n ha aclarado que las cajas rurales y las cooperativas <strong>est\u00e1n sujetas al pago del impuesto<\/strong>: \u00abLa disposici\u00f3n derogatoria as\u00ed lo recoge y si hubi\u00e9semos querido realizar alguna excepci\u00f3n lo habr\u00edamos hecho, no es necesario modificar el texto de la ley\u00bb, puesto que la derogatoria abarca la ley de cajas rurales y cooperativas de 1994.<\/p>\n<p>La secretaria de Estado de Hacienda ha apuntado tambi\u00e9n que <strong>decaen las exenciones y bonificaciones del impuesto que antes se destinaban a determinados ciudadanos,<\/strong> como a los j\u00f3venes, con un impacto recaudatorio \u00abneutro\u00bb, y ha dicho que la Ley Hipotecaria que se tramita en el Congreso no incorporar\u00e1 el tema del AJD.<\/p>\n<p>&nbsp;<\/p>\n<h3 class=\"ladillo\">Reuni\u00f3n con comunidades aut\u00f3nomas esta semana<\/h3>\n<p>Adem\u00e1s, ha avanzado que el Ejecutivo tiene la intenci\u00f3n de<strong> reunirse con las comunidades aut\u00f3nomas este jueves o viernes<\/strong>, o el lunes de la pr\u00f3xima semana a m\u00e1s tardar, para tratar este tema y fijar una coordinaci\u00f3n \u00abimprescindible\u00bb, a pesar de que el resultado est\u00e9 ya \u00abcontrolado\u00bb.<\/p>\n<p>En concreto, se reunir\u00e1 el Consejo Superior de Gesti\u00f3n y Coordinaci\u00f3n Tributaria, formado por todas las comunidades aut\u00f3nomas, representadas por los directores generales de tributo, y por la Administraci\u00f3n General del Estado, a trav\u00e9s de la Agencia Tributaria y la Secretaria de Estado de Hacienda.<\/p>\n","protected":false},"excerpt":{"rendered":"<p>El Gobierno vigilar\u00e1 que la banca no repercuta el impuesto de las hipotecas en el precio que asumir\u00e1n los clientes ni en cl\u00e1usulas abusivas.<\/p>\n","protected":false},"author":78,"featured_media":30700,"comment_status":"open","ping_status":"closed","sticky":false,"template":"","format":"standard","meta":{"_lmt_disableupdate":"yes","_lmt_disable":"","footnotes":""},"categories":[6,4280],"tags":[557,2646,288],"class_list":["post-33472","post","type-post","status-publish","format-standard","has-post-thumbnail","hentry","category-hipotecas-finanzas","category-fiscalidad","tag-hipoteca","tag-impuesto-de-actos-juridicos-documentados","tag-impuestos"],"modified_by":null,"_links":{"self":[{"href":"https:\/\/www.fotocasa.es\/fotocasa-life\/wp-json\/wp\/v2\/posts\/33472","targetHints":{"allow":["GET"]}}],"collection":[{"href":"https:\/\/www.fotocasa.es\/fotocasa-life\/wp-json\/wp\/v2\/posts"}],"about":[{"href":"https:\/\/www.fotocasa.es\/fotocasa-life\/wp-json\/wp\/v2\/types\/post"}],"author":[{"embeddable":true,"href":"https:\/\/www.fotocasa.es\/fotocasa-life\/wp-json\/wp\/v2\/users\/78"}],"replies":[{"embeddable":true,"href":"https:\/\/www.fotocasa.es\/fotocasa-life\/wp-json\/wp\/v2\/comments?post=33472"}],"version-history":[{"count":0,"href":"https:\/\/www.fotocasa.es\/fotocasa-life\/wp-json\/wp\/v2\/posts\/33472\/revisions"}],"wp:featuredmedia":[{"embeddable":true,"href":"https:\/\/www.fotocasa.es\/fotocasa-life\/wp-json\/wp\/v2\/media\/30700"}],"wp:attachment":[{"href":"https:\/\/www.fotocasa.es\/fotocasa-life\/wp-json\/wp\/v2\/media?parent=33472"}],"wp:term":[{"taxonomy":"category","embeddable":true,"href":"https:\/\/www.fotocasa.es\/fotocasa-life\/wp-json\/wp\/v2\/categories?post=33472"},{"taxonomy":"post_tag","embeddable":true,"href":"https:\/\/www.fotocasa.es\/fotocasa-life\/wp-json\/wp\/v2\/tags?post=33472"}],"curies":[{"name":"wp","href":"https:\/\/api.w.org\/{rel}","templated":true}]}}