{"id":32982,"date":"2018-10-26T15:00:14","date_gmt":"2018-10-26T14:00:14","guid":{"rendered":"https:\/\/www.fotocasa.es\/fotocasa-life\/?p=32982"},"modified":"2020-11-27T13:26:45","modified_gmt":"2020-11-27T12:26:45","slug":"8-000-hipotecas-paralizadas-sentencia-del-supremo","status":"publish","type":"post","link":"https:\/\/www.fotocasa.es\/fotocasa-life\/hipotecas-finanzas\/8-000-hipotecas-paralizadas-sentencia-del-supremo\/","title":{"rendered":"M\u00e1s de 8.000 hipotecas estar\u00edan paralizadas por la sentencia del Supremo"},"content":{"rendered":"<p>La Federaci\u00f3n de Asociaciones Inmobiliarias (FAI) estima que en estos momentos<strong> hay m\u00e1s de 8.000 operaciones hipotecarias paralizadas en toda Espa\u00f1a<\/strong> a ra\u00edz de la <a href=\"https:\/\/www.fotocasa.es\/fotocasa-life\/hipotecas-finanzas\/supremo-aplaza-decision-impuesto-hipotecas-5-noviembre\/\" target=\"_blank\" rel=\"noopener noreferrer\">decisi\u00f3n del Tribunal Supremo<\/a> de que sean los bancos quienes paguen el impuesto sobre Actos Jur\u00eddicos Documentados (AJD) en las hipotecas.<\/p>\n<p>Asimismo, ha alertado de las <strong>consecuencias generadas por los aplazamientos<\/strong> y ha reclamado a las entidades que act\u00faen \u00abcon responsabilidad\u00bb ante su clientela, ya que, \u00abpueden llegar a incurrir en incumplimientos de los contratos de arras ya firmados por culpa de los retrasos en las firmas de pr\u00e9stamos hipotecarios\u00bb.<\/p>\n<p>En este sentido, la presidenta de FAI, Nora Garc\u00eda Donet, ha constatado que tras la <a href=\"https:\/\/www.fotocasa.es\/fotocasa-life\/hipotecas-finanzas\/supremo-deja-ahora-aire-pagar-impuesto-hipotecas\/\" target=\"_blank\" rel=\"noopener noreferrer\">\u00abincertidumbre\u00bb generada<\/a>, <strong>\u00abla banca ha aplazado muchas de las firmas de hipotecas comprometidas para los pr\u00f3ximos d\u00edas,<\/strong> m\u00e1s de un tercio de las previstas\u00bb.<\/p>\n<p>Esta medida por parte de la banca puede provocar que muchos compradores entren en \u00abuna situaci\u00f3n de incumplimiento del plazo en los contratos de arras privados que tienen suscritos para comprar su vivienda\u00bb. \u00abAlgunos compradores <strong>podr\u00edan perder las cantidades entregadas en concepto de arras penitenciales<\/strong> si los bancos no reaccionan a tiempo\u00bb, han manifestado desde la Federaci\u00f3n.<\/p>\n","protected":false},"excerpt":{"rendered":"<p>En estos momentos hay m\u00e1s de 8.000 operaciones hipotecarias paralizadas en toda Espa\u00f1a a ra\u00edz de la decisi\u00f3n del Tribunal Supremo.<\/p>\n","protected":false},"author":78,"featured_media":31399,"comment_status":"open","ping_status":"closed","sticky":false,"template":"","format":"standard","meta":{"_lmt_disableupdate":"yes","_lmt_disable":"","footnotes":""},"categories":[6],"tags":[2290,527,557,2545,1416],"class_list":["post-32982","post","type-post","status-publish","format-standard","has-post-thumbnail","hentry","category-hipotecas-finanzas","tag-creditos-hipotecarios","tag-firma-de-hipotecas","tag-hipoteca","tag-productos-hipotecarios","tag-tribunal-supremo"],"modified_by":"fotocasa","_links":{"self":[{"href":"https:\/\/www.fotocasa.es\/fotocasa-life\/wp-json\/wp\/v2\/posts\/32982","targetHints":{"allow":["GET"]}}],"collection":[{"href":"https:\/\/www.fotocasa.es\/fotocasa-life\/wp-json\/wp\/v2\/posts"}],"about":[{"href":"https:\/\/www.fotocasa.es\/fotocasa-life\/wp-json\/wp\/v2\/types\/post"}],"author":[{"embeddable":true,"href":"https:\/\/www.fotocasa.es\/fotocasa-life\/wp-json\/wp\/v2\/users\/78"}],"replies":[{"embeddable":true,"href":"https:\/\/www.fotocasa.es\/fotocasa-life\/wp-json\/wp\/v2\/comments?post=32982"}],"version-history":[{"count":0,"href":"https:\/\/www.fotocasa.es\/fotocasa-life\/wp-json\/wp\/v2\/posts\/32982\/revisions"}],"wp:featuredmedia":[{"embeddable":true,"href":"https:\/\/www.fotocasa.es\/fotocasa-life\/wp-json\/wp\/v2\/media\/31399"}],"wp:attachment":[{"href":"https:\/\/www.fotocasa.es\/fotocasa-life\/wp-json\/wp\/v2\/media?parent=32982"}],"wp:term":[{"taxonomy":"category","embeddable":true,"href":"https:\/\/www.fotocasa.es\/fotocasa-life\/wp-json\/wp\/v2\/categories?post=32982"},{"taxonomy":"post_tag","embeddable":true,"href":"https:\/\/www.fotocasa.es\/fotocasa-life\/wp-json\/wp\/v2\/tags?post=32982"}],"curies":[{"name":"wp","href":"https:\/\/api.w.org\/{rel}","templated":true}]}}