{"id":32881,"date":"2018-10-24T15:54:08","date_gmt":"2018-10-24T14:54:08","guid":{"rendered":"https:\/\/www.fotocasa.es\/fotocasa-life\/?p=32881"},"modified":"2020-11-27T13:26:47","modified_gmt":"2020-11-27T12:26:47","slug":"fomento-estudia-las-alternativas-habitacionales-ante-desahucios","status":"publish","type":"post","link":"https:\/\/www.fotocasa.es\/fotocasa-life\/sector\/fomento-estudia-las-alternativas-habitacionales-ante-desahucios\/","title":{"rendered":"Fomento estudia las alternativas habitacionales ante desahucios"},"content":{"rendered":"<p>El ministro de Fomento, Jos\u00e9 Luis \u00c1balos, ha dicho que el Gobierno se ha marcado el objetivo de ir \u00abun poco m\u00e1s all\u00e1\u00bb de la valoraci\u00f3n efectiva de las situaciones de personas afectadas por los <a href=\"https:\/\/blogprofesional.fotocasa.es\/aumentan-los-desahucios-en-el-segundo-trimestre-de-2018\/\" target=\"_blank\" rel=\"noopener noreferrer\">desahucios<\/a> <strong>impulsando medidas coordinadas con los servicios sociales competentes<\/strong> y que las administraciones puedan habitar una soluci\u00f3n alternativa habitacional para evitar que personas en situaci\u00f3n de vulnerabilidad queden en desamparo.<\/p>\n<p>As\u00ed lo ha se\u00f1alado \u00c1balos durante su intervencion en la sesi\u00f3n de control al Gobierno en el Senado, en respuesta a una pregunta de la senadora de Podemos Mar\u00eda Pilar Garrido sobre si el Gobierno piensa tomar alguna medida para asegurar el cumplimiento de las resoluciones del Comit\u00e9 de Derechos Econ\u00f3micos, Sociales y Culturales de Naciones Unidas respecto a la<strong> vulneraci\u00f3n del derecho a la vivienda en los casos de <a href=\"https:\/\/blogprofesional.fotocasa.es\/el-congreso-saca-adelante-la-tramitacion-de-la-ley-de-vivienda-y-pobreza-energetica-de-la-pah\/\" target=\"_blank\" rel=\"noopener noreferrer\">desahucios<\/a> sin alternativa habitacional<\/strong>.<\/p>\n<p>\u00c1balos ha defendido que desde el Gobierno se est\u00e1n potenciando las medidas \u00abadecuadas\u00bb para <strong>analizar la situaci\u00f3n de vulnerabilidad en cada caso de desahucio<\/strong>, y que la meta es ir \u00abun poco m\u00e1s all\u00e1\u00bb y coordinarse con las administraciones para que \u00e9stas puedan habilitar una alternativa habitacional.<\/p>\n<p>Seg\u00fan ha explicado, en esta l\u00ednea se inscribe el plan presupuestario, que incluye un apartado \u00abimportante\u00bb en materia de vivienda, si bien ha puntualizado que <strong>este \u00e1mbito no es solo competencia de Fomento<\/strong>, sino que tambi\u00e9n lo es de Justicia, que est\u00e1 dando soluciones relacionadas con la prestaci\u00f3n de servicios sociales.<\/p>\n<p>En este sentido, ha explicado que las competencias de Fomento en este \u00e1mbito <strong>pasan por cubrir la funci\u00f3n social de la vivienda<\/strong>, facilitando la vivienda de alquiler y evitando la enajenaci\u00f3n de vivienda social.<\/p>\n<p>De su lado, la senadora de Unidos Podemos Pilar Garrido ha criticado que no se haya ofrecido \u00abni una sola medida\u00bb para garantizar c\u00f3mo <strong>hacer frente a los desahucios sin alternativa habitacional<\/strong> tras las resoluciones del comit\u00e9 de Derechos Econ\u00f3micos, Sociales y Culturales de la ONU, m\u00e1xime cuando los \u00abdramas\u00bb del desahucio siguen sucedi\u00e9ndose ante el incremento de los mismos reflejado por los datos del Consejo General del Poder Judicial (CGPJ).<\/p>\n<p><strong>\u00abEs imparable, hay 115 familias desahuciadas al d\u00eda por impago de renta de alquiler\u00bb<\/strong>, ha alertado Garrido, quien ha repasado varios casos de personas mayores y familias con ni\u00f1os, y ha exigido que se reforme el marco legal porque \u00abpermite y ampara la vulneraci\u00f3n de derechos humanos\u00bb.<\/p>\n<p>De esta forma, ha pedido a \u00c1balos que <strong>se reforme la Ley de Enjuiciamiento Civil para desahucios<\/strong> con el fin de cumplir las garant\u00edas m\u00ednimas de derechos humanos. \u00abAquel Estado donde se incumplen los derechos humanos no es un Estado verdaderamente democr\u00e1tico\u00bb, ha enfatizado.<\/p>\n<p>&nbsp;<\/p>\n<h3 class=\"ladillo\">Parar la especulaci\u00f3n de vivienda social y coordinaci\u00f3n con justicia<\/h3>\n<p>De su lado, el ministro ha asumido su \u00abcuota de responsabilidad\u00bb como miembro del Gobierno en lo referido a la reforma de la Ley de Enjuiciamiento Civil, si bien ha aclarado que no es de su competencia, ya que la suya pasa por la <strong>provisi\u00f3n de un parque de vivienda social,<\/strong> promover el acceso a la vivienda en r\u00e9gimen de propiedad y alquiler donde hay muchas dificultades, y empoderar a los ayuntamientos para intervenir en situaciones de tensionamiento.<\/p>\n<p>El titular de Fomento ha recalcado que<strong> la especulaci\u00f3n con los parques de vivienda social es un \u00abdesfalco\u00bb<\/strong> a la inversi\u00f3n p\u00fablica y al esfuerzo de los ciudadanos, algo que \u00abno tiene nombre\u00bb y \u00abhay que evitarlo\u00bb.<\/p>\n<p>No obstante, ha matizado de nuevo que <strong>la iniciativa le corresponde al Ministerio de Justicia,<\/strong> y ha explicado que hay un grupo interministerial para coordinar, por lo que \u00abaunque no lo haga Fomento, lo puede hacer cualquier otro ministerio\u00bb. Este grupo interministerial est\u00e1 trabajando en la coordinaci\u00f3n y, por ejemplo, la reforma de la Ley de Arrendamientos Urbanos \u00ablo promueve Fomento, pero lo tramitar\u00e1 Justicia\u00bb.<\/p>\n","protected":false},"excerpt":{"rendered":"<p>El Gobierno valorar\u00e1 las situaciones de personas afectadas por los desahucios impulsando medidas coordinadas con los servicios sociales competentes.<\/p>\n","protected":false},"author":78,"featured_media":32882,"comment_status":"open","ping_status":"closed","sticky":false,"template":"","format":"standard","meta":{"_lmt_disableupdate":"yes","_lmt_disable":"","footnotes":""},"categories":[2327],"tags":[1669,2589,358,618,1173,327],"class_list":["post-32881","post","type-post","status-publish","format-standard","has-post-thumbnail","hentry","category-sector","tag-convenio-antidesahucios","tag-desahucio","tag-desahucios","tag-desahucios-vivienda-alquiler","tag-fomento","tag-ministerio-de-fomento"],"modified_by":"fotocasa","_links":{"self":[{"href":"https:\/\/www.fotocasa.es\/fotocasa-life\/wp-json\/wp\/v2\/posts\/32881","targetHints":{"allow":["GET"]}}],"collection":[{"href":"https:\/\/www.fotocasa.es\/fotocasa-life\/wp-json\/wp\/v2\/posts"}],"about":[{"href":"https:\/\/www.fotocasa.es\/fotocasa-life\/wp-json\/wp\/v2\/types\/post"}],"author":[{"embeddable":true,"href":"https:\/\/www.fotocasa.es\/fotocasa-life\/wp-json\/wp\/v2\/users\/78"}],"replies":[{"embeddable":true,"href":"https:\/\/www.fotocasa.es\/fotocasa-life\/wp-json\/wp\/v2\/comments?post=32881"}],"version-history":[{"count":0,"href":"https:\/\/www.fotocasa.es\/fotocasa-life\/wp-json\/wp\/v2\/posts\/32881\/revisions"}],"wp:featuredmedia":[{"embeddable":true,"href":"https:\/\/www.fotocasa.es\/fotocasa-life\/wp-json\/wp\/v2\/media\/32882"}],"wp:attachment":[{"href":"https:\/\/www.fotocasa.es\/fotocasa-life\/wp-json\/wp\/v2\/media?parent=32881"}],"wp:term":[{"taxonomy":"category","embeddable":true,"href":"https:\/\/www.fotocasa.es\/fotocasa-life\/wp-json\/wp\/v2\/categories?post=32881"},{"taxonomy":"post_tag","embeddable":true,"href":"https:\/\/www.fotocasa.es\/fotocasa-life\/wp-json\/wp\/v2\/tags?post=32881"}],"curies":[{"name":"wp","href":"https:\/\/api.w.org\/{rel}","templated":true}]}}