{"id":32561,"date":"2018-10-15T15:21:52","date_gmt":"2018-10-15T14:21:52","guid":{"rendered":"https:\/\/www.fotocasa.es\/fotocasa-life\/?p=32561"},"modified":"2020-11-27T13:26:58","modified_gmt":"2020-11-27T12:26:58","slug":"espanoles-viven-alquiler-pensado-comprar-vivienda","status":"publish","type":"post","link":"https:\/\/www.fotocasa.es\/fotocasa-life\/compraventa\/espanoles-viven-alquiler-pensado-comprar-vivienda\/","title":{"rendered":"El 73% de los espa\u00f1oles que viven de alquiler ha pensado en comprar una vivienda"},"content":{"rendered":"<p>El 21% de los espa\u00f1oles vive en r\u00e9gimen de alquiler. De ellos, <strong>el 74% ha pensado en <a href=\"https:\/\/www.fotocasa.es\/fotocasa-life\/compraventa\/como-acertar-en-la-compra-de-una-vivienda\/\">comprar una vivienda<\/a><\/strong>, seg\u00fan un estudio de V\u00eda C\u00e9lere.<\/p>\n<p>Seg\u00fan apunta el estudio, <strong>las principales barreras para acceder a una residencia en propiedad<\/strong> son las limitaciones econ\u00f3micas (25%), la falta de estabilidad para fijar una residencia definitiva (24%), la reticencia a firmar una hipoteca (18%) y la imposibilidad de obtener financiaci\u00f3n (17%).<\/p>\n<p>&nbsp;<\/p>\n<h3>El 74% de los espa\u00f1oles ya tiene una vivienda en propiedad<\/h3>\n<p>Por el contrario, <strong>el 74% de los espa\u00f1oles cuenta con una vivienda en propiedad<\/strong>, situ\u00e1ndose a la cabeza las comunidades de Andaluc\u00eda (85%), Arag\u00f3n (76%) y Asturias (75%).<\/p>\n<p>El estudio refleja que el 38% de las <a href=\"https:\/\/www.fotocasa.es\/fotocasa-life\/compraventa\/comprar-vivienda-en-espana-es-mas-economico-que-en-la-media-de-la-ue\/\">viviendas en propiedad se compraron<\/a> entre los a\u00f1os 2000 y 2009, mientras que <strong>el 37% se adquirieron antes del a\u00f1o 2000.<\/strong><\/p>\n<p>Por otro lado, <strong>el 35% de los espa\u00f1oles declara tener intenci\u00f3n de cambiar de vivienda en los pr\u00f3ximos 5 a\u00f1os<\/strong>, seg\u00fan refleja el estudio. El 74% de quienes desean trasladarse a una nueva vivienda afirma que tiene intenci\u00f3n de comprarla, frente al 26% que prev\u00e9 alquilarla.<\/p>\n","protected":false},"excerpt":{"rendered":"<p>El 21% de los espa\u00f1oles vive en r\u00e9gimen de alquiler. De ellos, el 74% ha pensado en comprar una vivienda, seg\u00fan un estudio de V\u00eda C\u00e9lere.<\/p>\n","protected":false},"author":78,"featured_media":28454,"comment_status":"open","ping_status":"closed","sticky":false,"template":"","format":"standard","meta":{"_lmt_disableupdate":"yes","_lmt_disable":"","footnotes":""},"categories":[3],"tags":[62,2184,70,2289],"class_list":["post-32561","post","type-post","status-publish","format-standard","has-post-thumbnail","hentry","category-compraventa","tag-como-comprar-una-vivienda","tag-comprar","tag-comprar-una-vivienda","tag-comprar-vivienda-en-espana"],"modified_by":"fotocasa","_links":{"self":[{"href":"https:\/\/www.fotocasa.es\/fotocasa-life\/wp-json\/wp\/v2\/posts\/32561","targetHints":{"allow":["GET"]}}],"collection":[{"href":"https:\/\/www.fotocasa.es\/fotocasa-life\/wp-json\/wp\/v2\/posts"}],"about":[{"href":"https:\/\/www.fotocasa.es\/fotocasa-life\/wp-json\/wp\/v2\/types\/post"}],"author":[{"embeddable":true,"href":"https:\/\/www.fotocasa.es\/fotocasa-life\/wp-json\/wp\/v2\/users\/78"}],"replies":[{"embeddable":true,"href":"https:\/\/www.fotocasa.es\/fotocasa-life\/wp-json\/wp\/v2\/comments?post=32561"}],"version-history":[{"count":0,"href":"https:\/\/www.fotocasa.es\/fotocasa-life\/wp-json\/wp\/v2\/posts\/32561\/revisions"}],"wp:featuredmedia":[{"embeddable":true,"href":"https:\/\/www.fotocasa.es\/fotocasa-life\/wp-json\/wp\/v2\/media\/28454"}],"wp:attachment":[{"href":"https:\/\/www.fotocasa.es\/fotocasa-life\/wp-json\/wp\/v2\/media?parent=32561"}],"wp:term":[{"taxonomy":"category","embeddable":true,"href":"https:\/\/www.fotocasa.es\/fotocasa-life\/wp-json\/wp\/v2\/categories?post=32561"},{"taxonomy":"post_tag","embeddable":true,"href":"https:\/\/www.fotocasa.es\/fotocasa-life\/wp-json\/wp\/v2\/tags?post=32561"}],"curies":[{"name":"wp","href":"https:\/\/api.w.org\/{rel}","templated":true}]}}