{"id":32038,"date":"2018-10-02T08:00:29","date_gmt":"2018-10-02T07:00:29","guid":{"rendered":"https:\/\/www.fotocasa.es\/fotocasa-life\/?p=32038"},"modified":"2020-11-27T13:27:11","modified_gmt":"2020-11-27T12:27:11","slug":"euribor-sube-septiembre","status":"publish","type":"post","link":"https:\/\/www.fotocasa.es\/fotocasa-life\/hipotecas-finanzas\/euribor-sube-septiembre\/","title":{"rendered":"El Eur\u00edbor sube hasta el -0,166% en septiembre"},"content":{"rendered":"<p>El Banco de Espa\u00f1a ha confirmado que el Eur\u00edbor, el \u00edndice al que se encuentran referenciadas la mayor\u00eda de las hipotecas espa\u00f1olas, <strong>cerr\u00f3 el mes de septiembre en el -0,166%<\/strong>, por lo que se dejan de abaratar las hipotecas a las que toque revisi\u00f3n, que se encarecen en 0,72 euros anuales<\/p>\n<p>En tasa diaria, el Eur\u00edbor se situ\u00f3 el pasado viernes, \u00faltimo d\u00eda del mes, en el -0,159%, de forma que <strong>el \u00edndice arroja una media del -0,166%, <a href=\"https:\/\/www.fotocasa.es\/fotocasa-life\/hipotecas-finanzas\/el-euribor-cierra-el-mes-de-agosto-en-el-0169\/\">frente al -0,169% de agosto<\/a><\/strong>, con lo que sube por s\u00e9ptimo mes consecutivo.<\/p>\n<p>Con estos valores, las hipotecas de 120.000 euros a 20 a\u00f1os con un diferencial de Eur\u00edbor +1% a las que les toque revisi\u00f3n experimentar\u00e1n un encarecimiento de unos 0,72 euros en su cuota anual o, lo que es lo mismo, <strong>de 0,06 euros al mes.<\/strong><\/p>\n<p>Asimismo, la instituci\u00f3n gobernada por Pablo Hern\u00e1ndez de Cos ha informado de que el m\u00edbor, el tipo interbancario a un a\u00f1o que serv\u00eda de referencia oficial del mercado hipotecario para las operaciones realizadas con anterioridad al 1 de enero de 2000,<strong> cerr\u00f3 tambi\u00e9n en septiembre en el -0,166%.<\/strong><\/p>\n<p>&nbsp;<\/p>\n<h3>El Eur\u00edbor, en negativo desde febrero de 2016<\/h3>\n<p>El Eur\u00edbor se adentr\u00f3 en febrero de 2016 en terreno negativo por primera vez en la historia ante la pol\u00edtica ultraexpansiva del Banco Central Europeo (BCE) para <strong>apuntalar la recuperaci\u00f3n en la zona euro<\/strong>, por lo que ya acumula dos a\u00f1os instalado por debajo del 0%.<\/p>\n<p>El analista de XTB Gustavo Mart\u00ednez ha indicado que el fin de los est\u00edmulos monetarios por parte del Banco Central Europeo (BCE) incrementa el \u00edndice a trav\u00e9s del cual se prestan dinero los bancos, ya que, al reducirse la oferta monetaria, <strong>el tipo de inter\u00e9s del dinero sube, por la ley de oferta y demanda.<\/strong><\/p>\n<p>\u00abEl efecto sobre el consumidor es directo, pues al aumentar los tipos, los bancos se prestan el dinero a un Eur\u00edbor m\u00e1s alto y esto hace que cuando queramos pedir un pr\u00e9stamo al consumo o una hipoteca, <strong>tendremos que devolver m\u00e1s cantidad de dinero por un mismo principal<\/strong>, dependiendo de cu\u00e1n alto est\u00e9 el inter\u00e9s. Es decir, se encarece el endeudamiento y se encarecen nuestras cuotas de pr\u00e9stamos de nuestras casas y bienes\u00bb, ha explicado el analista.<\/p>\n","protected":false},"excerpt":{"rendered":"<p>El Eur\u00edbor, el \u00edndice al que se encuentran referenciadas la mayor\u00eda de las hipotecas espa\u00f1olas, cerr\u00f3 el mes de septiembre en el -0,166%.<\/p>\n","protected":false},"author":78,"featured_media":32040,"comment_status":"open","ping_status":"closed","sticky":false,"template":"","format":"standard","meta":{"_lmt_disableupdate":"yes","_lmt_disable":"","footnotes":""},"categories":[6],"tags":[136,2392],"class_list":["post-32038","post","type-post","status-publish","format-standard","has-post-thumbnail","hentry","category-hipotecas-finanzas","tag-euribor","tag-hipotecas-y-euribor"],"modified_by":"Fotocasa","_links":{"self":[{"href":"https:\/\/www.fotocasa.es\/fotocasa-life\/wp-json\/wp\/v2\/posts\/32038","targetHints":{"allow":["GET"]}}],"collection":[{"href":"https:\/\/www.fotocasa.es\/fotocasa-life\/wp-json\/wp\/v2\/posts"}],"about":[{"href":"https:\/\/www.fotocasa.es\/fotocasa-life\/wp-json\/wp\/v2\/types\/post"}],"author":[{"embeddable":true,"href":"https:\/\/www.fotocasa.es\/fotocasa-life\/wp-json\/wp\/v2\/users\/78"}],"replies":[{"embeddable":true,"href":"https:\/\/www.fotocasa.es\/fotocasa-life\/wp-json\/wp\/v2\/comments?post=32038"}],"version-history":[{"count":0,"href":"https:\/\/www.fotocasa.es\/fotocasa-life\/wp-json\/wp\/v2\/posts\/32038\/revisions"}],"wp:featuredmedia":[{"embeddable":true,"href":"https:\/\/www.fotocasa.es\/fotocasa-life\/wp-json\/wp\/v2\/media\/32040"}],"wp:attachment":[{"href":"https:\/\/www.fotocasa.es\/fotocasa-life\/wp-json\/wp\/v2\/media?parent=32038"}],"wp:term":[{"taxonomy":"category","embeddable":true,"href":"https:\/\/www.fotocasa.es\/fotocasa-life\/wp-json\/wp\/v2\/categories?post=32038"},{"taxonomy":"post_tag","embeddable":true,"href":"https:\/\/www.fotocasa.es\/fotocasa-life\/wp-json\/wp\/v2\/tags?post=32038"}],"curies":[{"name":"wp","href":"https:\/\/api.w.org\/{rel}","templated":true}]}}