{"id":3193,"date":"2014-09-12T08:00:22","date_gmt":"2014-09-12T06:00:22","guid":{"rendered":"https:\/\/www.fotocasa.es\/fotocasa-life\/?p=3193"},"modified":"2020-11-27T11:33:33","modified_gmt":"2020-11-27T10:33:33","slug":"sima-otono-2014-se-celebra-en-pleno-cambio-de-tendencia-del-sector-inmobiliario","status":"publish","type":"post","link":"https:\/\/www.fotocasa.es\/fotocasa-life\/compraventa\/sima-otono-2014-se-celebra-en-pleno-cambio-de-tendencia-del-sector-inmobiliario\/","title":{"rendered":"SIMA Oto\u00f1o 2014 se celebra en pleno cambio de tendencia del sector inmobiliario"},"content":{"rendered":"<p>SIMA Oto\u00f1o,que se celebrar\u00e1 del 24 al 26 de octubre en el pabell\u00f3n 1 de\u00a0Feria de Madrid, llega en un contexto de cambio de tendencia en el mercado residencial espa\u00f1ol, como lo demuestran los \u00faltimos datos publicados, en particular los relativos a la evoluci\u00f3n de los precios en el segundo trimestre de 2014 <a title=\"El precio de la vivienda sube por primera vez desde 2008\" href=\"https:\/\/www.fotocasa.es\/fotocasa-life\/compraventa\/el-precio-de-la-vivienda-sube-por-primera-vez-desde-2008\/\"><strong>dados a conocer por el INE<\/strong><\/a> y que por primera vez en varios a\u00f1os registran tasas positivas.<\/p>\n<p>La principal novedad de la sexta edici\u00f3n de este evento es una nueva \u00e1rea dedicada a financiaci\u00f3n hipotecaria, en la que las entidades financieras participantes presentar\u00e1n su oferta al p\u00fablico visitante.<\/p>\n<p>A falta de aproximadamente un mes y medio para la apertura del Sal\u00f3n, este tiene ya reservado un 80% del espacio previsto y el n\u00famero de expositores confirmados supera la treintena. La previsi\u00f3n es que esta cifra alcance el medio centenar.<\/p>\n<p>En cuanto a la localizaci\u00f3n y caracter\u00edsticas de la oferta, el p\u00fablico visitante podr\u00e1 encontrar un amplio n\u00famero de promociones de vivienda nueva, as\u00ed como de segunda mano, en Madrid capital, en el resto de la Comunidad, en provincias lim\u00edtrofes a esta y en destinos de costa. La oferta de <a title=\"SIMA Oto\u00f1o\" href=\"https:\/\/simaexpo.com\/\" target=\"_blank\" rel=\"noopener noreferrer\"><strong>SIMA Oto\u00f1o<\/strong><\/a> abarcar\u00e1 tanto viviendas libres como protegidas y con diferentes posibilidades de adquisici\u00f3n (compra, alquiler y alquiler con opci\u00f3n a compra).<\/p>\n<p>Asimismo, el p\u00fablico visitante podr\u00e1 beneficiarse de las ofertas y descuentos exclusivos que ofrecen los expositores durante el Sal\u00f3n. Adem\u00e1s, el particular con perfil inversor, tambi\u00e9n podr\u00e1 informarse de la oferta no residencial (oficinas, locales, comerciales o terrenos), que, aunque no de forma mayoritaria, tambi\u00e9n estar\u00e1 presente en los stands de los expositores.<\/p>\n<p>&nbsp;<\/p>\n<p><strong>Perfil del visitante<\/strong><\/p>\n<p>SIMA Oto\u00f1o\u00a0es una feria dirigida principalmente a compradores e inversores particulares que responden a un perfil diverso, englobados mayoritariamente en personas que buscan primera vivienda como residencia habitual (generalmente, parejas j\u00f3venes de hasta 35 a\u00f1os), los que buscan vivienda de reposici\u00f3n (generalmente, familias de mayor edad, entre 35 y 55 a\u00f1os), parejas a partir de 45 a\u00f1os que buscan una <strong><a title=\"Ideas para decorar la casa de verano\" href=\"https:\/\/www.fotocasa.es\/fotocasa-life\/hogar\/decoracion\/ideas-para-decorar-la-casa-de-verano\/\">vivienda para sus vacaciones<\/a><\/strong> e inversores particulares interesados en oportunidades de distinto tipo.<\/p>\n<p>Por otro lado, cabe destacar que se trata de un perfil claramente comprador, ya que el 97% de los visitantes que acude a la feria porque est\u00e1 en proceso de b\u00fasqueda de una vivienda (de hecho, el 67% declara su intenci\u00f3n de comprar en un plazo inferior a un a\u00f1o).<\/p>\n<p>Para Eloy Boh\u00faa, director general de Planner Exhibitions, empresa organizadora del Sal\u00f3n, esta edici\u00f3n \u201ces una buena oportunidad para confirmar el <a title=\"\u00bfQu\u00e9 hay de cierto sobre la recuperaci\u00f3n del sector inmobiliario?\" href=\"https:\/\/www.fotocasa.es\/fotocasa-life\/compraventa\/recuperacion-del-sector-inmobiliario\/\"><strong>cambio de rumbo del sector inmobiliario<\/strong><\/a> en Espa\u00f1a, en particular en lo referente a la financiaci\u00f3n, y constatar el aumento de la confianza de los inversores y potenciales compradores de vivienda\u201d.<\/p>\n<p>Los horarios para visitar SIMA Oto\u00f1o en Feria de Madrid ser\u00e1n los siguientes: el viernes 24 y el s\u00e1bado 25 de octubre, de 11 de la ma\u00f1ana a 8 de la tarde, y domingo 26 de octubre, de 11 de la ma\u00f1ana de 3 de la tarde.<\/p>\n<p>&nbsp;<\/p>\n","protected":false},"excerpt":{"rendered":"<p>SIMA Oto\u00f1o,que se celebrar\u00e1 del 24 al 26 de octubre en el pabell\u00f3n 1 de\u00a0Feria de Madrid, llega en un contexto de cambio de tendencia en el mercado residencial espa\u00f1ol, como lo demuestran los \u00faltimos datos publicados, en particular los relativos a la evoluci\u00f3n de los precios en el segundo trimestre de 2014 dados a&#8230;<\/p>\n","protected":false},"author":3,"featured_media":3195,"comment_status":"open","ping_status":"open","sticky":false,"template":"","format":"standard","meta":{"_lmt_disableupdate":"yes","_lmt_disable":"","footnotes":""},"categories":[3],"tags":[347,245,428],"class_list":["post-3193","post","type-post","status-publish","format-standard","has-post-thumbnail","hentry","category-compraventa","tag-feria-de-madrid","tag-sector-inmobiliario","tag-sima"],"modified_by":"Albert PC","_links":{"self":[{"href":"https:\/\/www.fotocasa.es\/fotocasa-life\/wp-json\/wp\/v2\/posts\/3193","targetHints":{"allow":["GET"]}}],"collection":[{"href":"https:\/\/www.fotocasa.es\/fotocasa-life\/wp-json\/wp\/v2\/posts"}],"about":[{"href":"https:\/\/www.fotocasa.es\/fotocasa-life\/wp-json\/wp\/v2\/types\/post"}],"author":[{"embeddable":true,"href":"https:\/\/www.fotocasa.es\/fotocasa-life\/wp-json\/wp\/v2\/users\/3"}],"replies":[{"embeddable":true,"href":"https:\/\/www.fotocasa.es\/fotocasa-life\/wp-json\/wp\/v2\/comments?post=3193"}],"version-history":[{"count":0,"href":"https:\/\/www.fotocasa.es\/fotocasa-life\/wp-json\/wp\/v2\/posts\/3193\/revisions"}],"wp:featuredmedia":[{"embeddable":true,"href":"https:\/\/www.fotocasa.es\/fotocasa-life\/wp-json\/wp\/v2\/media\/3195"}],"wp:attachment":[{"href":"https:\/\/www.fotocasa.es\/fotocasa-life\/wp-json\/wp\/v2\/media?parent=3193"}],"wp:term":[{"taxonomy":"category","embeddable":true,"href":"https:\/\/www.fotocasa.es\/fotocasa-life\/wp-json\/wp\/v2\/categories?post=3193"},{"taxonomy":"post_tag","embeddable":true,"href":"https:\/\/www.fotocasa.es\/fotocasa-life\/wp-json\/wp\/v2\/tags?post=3193"}],"curies":[{"name":"wp","href":"https:\/\/api.w.org\/{rel}","templated":true}]}}