{"id":31732,"date":"2018-09-19T09:47:11","date_gmt":"2018-09-19T08:47:11","guid":{"rendered":"https:\/\/www.fotocasa.es\/fotocasa-life\/?p=31732"},"modified":"2020-11-27T13:27:17","modified_gmt":"2020-11-27T12:27:17","slug":"el-congreso-tramitara-la-ley-de-vivienda-y-pobreza-energetica-de-la-pah","status":"publish","type":"post","link":"https:\/\/www.fotocasa.es\/fotocasa-life\/hipotecas-finanzas\/el-congreso-tramitara-la-ley-de-vivienda-y-pobreza-energetica-de-la-pah\/","title":{"rendered":"El Congreso tramitar\u00e1 la ley de vivienda y pobreza energ\u00e9tica de la PAH"},"content":{"rendered":"<p>El Pleno del Congreso ha aceptado este martes <strong>tramitar la proposici\u00f3n de ley de emergencia habitacional y <a href=\"https:\/\/www.fotocasa.es\/fotocasa-life\/hogar\/energia\/facua-bono-social-pobreza-energetica\/\">pobreza energ\u00e9tica<\/a><\/strong> impulsada por la Plataforma de Afectados por la Hipoteca (PAH), y que ha sido defendida en la C\u00e1mara por En Com\u00fa Podem.<\/p>\n<p>El PSOE, Unidos Podemos, Esquerra Republicana, PDeCAT, Comprom\u00eds, EH-Bildu, UPN y Nueva Canarias han apoyado su tramitaci\u00f3n, mientras que <strong>PP, Ciudadanos, Foro Asturias y Coalici\u00f3n Canaria han votado en contra<\/strong>. El PNV, por su parte, ha optado por abstenerse.<\/p>\n<p>En todo caso, se trata del <strong>primer paso del recorrido parlamentario<\/strong>, y adem\u00e1s de los recelos de PP y Ciudadanos, los socialistas ya han anunciado que propondr\u00e1n enmiendas para cambiar el articulado de la ley.<\/p>\n<p>La iniciativa fue registrada el pasado enero por Unidos Podemos junto con Esquerra Republicana, Comprom\u00eds y EH-Bildu, y <strong>pese a que fue inicialmente vetada por el Gobierno de Mariano Rajoy<\/strong>, el grupo confederal volvi\u00f3 a presentarla tras un fallo del Tribunal Constitucional que daba la raz\u00f3n a la C\u00e1mara Baja en su contencioso con el Ejecutivo en relaci\u00f3n con los vetos a leyes de la oposici\u00f3n.<\/p>\n<p>&nbsp;<\/p>\n<h3 class=\"ladillo\">Daci\u00f3n en pago retroactiva y l\u00edmites a los desahucios<\/h3>\n<p><strong>La iniciativa regula la daci\u00f3n en pago retroactiva,<\/strong> establece mecanismos de segunda oportunidad para su concesi\u00f3n, elimina cl\u00e1usulas abusivas en la concesi\u00f3n de hipotecas, con compensaci\u00f3n econ\u00f3mica, y deroga la responsabilidad ilimitada de los deudores hipotecarios.<\/p>\n<p>Asimismo, extiende la actual moratoria de desahucios a todas aquellas de primera y \u00fanica vivienda, <strong>contiene medidas de transparencia para la titularizaci\u00f3n de cr\u00e9ditos<\/strong>, plantea la obligaci\u00f3n a bancos y grandes tenedores de ofrecer un alquiler social antes de la ejecuci\u00f3n de un desahucio, y ayudas para el mismo cuando el propietario es un peque\u00f1o tenedor.<\/p>\n<p>Respecto al alquiler, <strong>la propuesta contiene una reforma de la Ley de Arrendamientos Urbanos (LAU)<\/strong> para permitir un mayor margen a las corporaciones locales para frenar \u00abaumentos abusivos\u00bb del alquiler, limitar la rescisi\u00f3n de los contratos y que \u00e9stos tengan un m\u00ednimo de cinco a\u00f1os.<\/p>\n<p>La reforma de la LAU es, de hecho, <strong>una de las l\u00edneas rojas trasladadas por En Com\u00fa al Ejecutivo de Pedro S\u00e1nchez<\/strong> para brindar su voto favorable a los Presupuestos de 2019, que el Gobierno negocia con Unidos Podemos. Asimismo, la norma establece el aumento del parque p\u00fablico de vivienda y que estos alquileres sociales no rebasen el 30% de los ingresos en una unidad familiar.<\/p>\n<p>&nbsp;<\/p>\n<h3 class=\"ladillo\">Medidas contra la pobreza energ\u00e9tica<\/h3>\n<p>Por \u00faltimo, la proposici\u00f3n de ley<strong> contempla varias medidas para erradicar la pobreza energ\u00e9tica<\/strong>, estableciendo un principio de precauci\u00f3n basado en la garant\u00eda de imposibilitar cortes de agua, luz y gas sin que exista una comprobaci\u00f3n de la situaci\u00f3n del hogar afectado.<\/p>\n<p>Asimismo, la norma establece <strong>que no sea la Administraci\u00f3n la que asuma estas deudas con recursos p\u00fablicos<\/strong>, sino que sean las propias compa\u00f1\u00edas suministradoras las que sufragan el coste de mantener el servicio a hogares con situaci\u00f3n de vulnerabilidad.<\/p>\n","protected":false},"excerpt":{"rendered":"<p>El Pleno del Congreso ha aceptado este martes tramitar la proposici\u00f3n de ley de emergencia habitacional y pobreza energ\u00e9tica impulsada por la PAH.<\/p>\n","protected":false},"author":3,"featured_media":31734,"comment_status":"open","ping_status":"closed","sticky":false,"template":"","format":"standard","meta":{"_lmt_disableupdate":"yes","_lmt_disable":"","footnotes":""},"categories":[6],"tags":[1669,360,2589,358,1460,2015,2103],"class_list":["post-31732","post","type-post","status-publish","format-standard","has-post-thumbnail","hentry","category-hipotecas-finanzas","tag-convenio-antidesahucios","tag-dacion-en-pago","tag-desahucio","tag-desahucios","tag-ley-antidesahucios","tag-pah","tag-pobreza-energetica"],"modified_by":"fotocasa","_links":{"self":[{"href":"https:\/\/www.fotocasa.es\/fotocasa-life\/wp-json\/wp\/v2\/posts\/31732","targetHints":{"allow":["GET"]}}],"collection":[{"href":"https:\/\/www.fotocasa.es\/fotocasa-life\/wp-json\/wp\/v2\/posts"}],"about":[{"href":"https:\/\/www.fotocasa.es\/fotocasa-life\/wp-json\/wp\/v2\/types\/post"}],"author":[{"embeddable":true,"href":"https:\/\/www.fotocasa.es\/fotocasa-life\/wp-json\/wp\/v2\/users\/3"}],"replies":[{"embeddable":true,"href":"https:\/\/www.fotocasa.es\/fotocasa-life\/wp-json\/wp\/v2\/comments?post=31732"}],"version-history":[{"count":0,"href":"https:\/\/www.fotocasa.es\/fotocasa-life\/wp-json\/wp\/v2\/posts\/31732\/revisions"}],"wp:featuredmedia":[{"embeddable":true,"href":"https:\/\/www.fotocasa.es\/fotocasa-life\/wp-json\/wp\/v2\/media\/31734"}],"wp:attachment":[{"href":"https:\/\/www.fotocasa.es\/fotocasa-life\/wp-json\/wp\/v2\/media?parent=31732"}],"wp:term":[{"taxonomy":"category","embeddable":true,"href":"https:\/\/www.fotocasa.es\/fotocasa-life\/wp-json\/wp\/v2\/categories?post=31732"},{"taxonomy":"post_tag","embeddable":true,"href":"https:\/\/www.fotocasa.es\/fotocasa-life\/wp-json\/wp\/v2\/tags?post=31732"}],"curies":[{"name":"wp","href":"https:\/\/api.w.org\/{rel}","templated":true}]}}