{"id":31522,"date":"2018-09-12T15:00:09","date_gmt":"2018-09-12T14:00:09","guid":{"rendered":"https:\/\/www.fotocasa.es\/fotocasa-life\/?p=31522"},"modified":"2020-11-27T13:27:28","modified_gmt":"2020-11-27T12:27:28","slug":"el-ipc-interanual-se-mantiene-en-agosto-en-el-22","status":"publish","type":"post","link":"https:\/\/www.fotocasa.es\/fotocasa-life\/hipotecas-finanzas\/el-ipc-interanual-se-mantiene-en-agosto-en-el-22\/","title":{"rendered":"El IPC interanual se mantiene en agosto en el 2,2%"},"content":{"rendered":"<p><strong>El \u00cdndice de Precios de Consumo (IPC) aument\u00f3 un 0,1% en agosto<\/strong> en relaci\u00f3n al mes anterior y <a href=\"https:\/\/www.fotocasa.es\/fotocasa-life\/hipotecas-finanzas\/el-ipc-se-mantiene-estable-en-el-22-en-agosto\/\">mantuvo su tasa interanual en el 2,2%<\/a>, seg\u00fan los datos definitivos publicados este mi\u00e9rcoles por el Instituto Nacional de Estad\u00edstica (INE), coincidentes con los avanzados a finales del mes pasado.<\/p>\n<p>Estad\u00edstica se\u00f1ala que en la <strong>estabilidad de la tasa interanual del IPC de agosto<\/strong> ha influido principalmente la menor subida de los precios de los carburantes, de los servicios de alojamiento y de los paquetes tur\u00edsticos respecto al mismo mes de 2017 y la bajada del precio de los autom\u00f3viles.<\/p>\n<p>En sentido contrario, <strong>subieron los precios de la electricidad y las frutas recortaron sus precios<\/strong> menos de lo que lo hicieron en agosto del a\u00f1o pasado.<\/p>\n<p>La tasa interanual de agosto es la vig\u00e9simo <strong>cuarta tasa positiva que encadena el IPC interanual<\/strong> e implica que los precios son hoy un 2,2% superiores a los de hace un a\u00f1o.<\/p>\n<p>Tras haber registrado en enero una tasa interanual del 0,6%, la m\u00e1s baja en 16 meses, <strong>el IPC interanual volvi\u00f3 en febrero a superar el 1%<\/strong>, tendencia que se mantuvo en marzo y abril. En mayo ya se alcanz\u00f3 la barrera del 2%, a la que no se llegaba desde abril de 2017.<\/p>\n<p>La inflaci\u00f3n subyacente, que <strong>no incluye los precios de los productos energ\u00e9ticos<\/strong> ni de los alimentos no elaborados, baj\u00f3 una d\u00e9cima en agosto, hasta el 0,8%, con lo que se sit\u00faa casi 1,5 puntos por debajo del IPC general. En el octavo mes del a\u00f1o, el \u00cdndice de Precios de Consumo Armonizado (IPCA) situ\u00f3 su tasa anual en el 2,2%, una d\u00e9cima por debajo de la registrada en julio.<\/p>\n","protected":false},"excerpt":{"rendered":"<p>El \u00cdndice de Precios de Consumo (IPC) aument\u00f3 un 0,1% en agosto en relaci\u00f3n al mes anterior y mantuvo su tasa interanual en el 2,2%.<\/p>\n","protected":false},"author":3,"featured_media":28158,"comment_status":"open","ping_status":"closed","sticky":false,"template":"","format":"standard","meta":{"_lmt_disableupdate":"yes","_lmt_disable":"","footnotes":""},"categories":[6],"tags":[538],"class_list":["post-31522","post","type-post","status-publish","format-standard","has-post-thumbnail","hentry","category-hipotecas-finanzas","tag-ipc"],"modified_by":"fotocasa","_links":{"self":[{"href":"https:\/\/www.fotocasa.es\/fotocasa-life\/wp-json\/wp\/v2\/posts\/31522","targetHints":{"allow":["GET"]}}],"collection":[{"href":"https:\/\/www.fotocasa.es\/fotocasa-life\/wp-json\/wp\/v2\/posts"}],"about":[{"href":"https:\/\/www.fotocasa.es\/fotocasa-life\/wp-json\/wp\/v2\/types\/post"}],"author":[{"embeddable":true,"href":"https:\/\/www.fotocasa.es\/fotocasa-life\/wp-json\/wp\/v2\/users\/3"}],"replies":[{"embeddable":true,"href":"https:\/\/www.fotocasa.es\/fotocasa-life\/wp-json\/wp\/v2\/comments?post=31522"}],"version-history":[{"count":0,"href":"https:\/\/www.fotocasa.es\/fotocasa-life\/wp-json\/wp\/v2\/posts\/31522\/revisions"}],"wp:featuredmedia":[{"embeddable":true,"href":"https:\/\/www.fotocasa.es\/fotocasa-life\/wp-json\/wp\/v2\/media\/28158"}],"wp:attachment":[{"href":"https:\/\/www.fotocasa.es\/fotocasa-life\/wp-json\/wp\/v2\/media?parent=31522"}],"wp:term":[{"taxonomy":"category","embeddable":true,"href":"https:\/\/www.fotocasa.es\/fotocasa-life\/wp-json\/wp\/v2\/categories?post=31522"},{"taxonomy":"post_tag","embeddable":true,"href":"https:\/\/www.fotocasa.es\/fotocasa-life\/wp-json\/wp\/v2\/tags?post=31522"}],"curies":[{"name":"wp","href":"https:\/\/api.w.org\/{rel}","templated":true}]}}