{"id":31384,"date":"2018-09-05T11:37:32","date_gmt":"2018-09-05T10:37:32","guid":{"rendered":"https:\/\/www.fotocasa.es\/fotocasa-life\/?p=31384"},"modified":"2020-11-27T13:27:39","modified_gmt":"2020-11-27T12:27:39","slug":"compromiso-para-devolver-la-subsidiacion-a-familias-afectadas-por-las-vpo","status":"publish","type":"post","link":"https:\/\/www.fotocasa.es\/fotocasa-life\/hipotecas-finanzas\/compromiso-para-devolver-la-subsidiacion-a-familias-afectadas-por-las-vpo\/","title":{"rendered":"Compromiso para devolver la subsidiaci\u00f3n a familias afectadas por las VPO"},"content":{"rendered":"<p>La secretaria de Ordenaci\u00f3n del Territorio y Pol\u00edticas de Vivienda del PSOE, Beatriz Corredor, le ha trasladado a la plataforma de afectados VPO que el PSOE tiene<strong> \u00abcompromiso inequ\u00edvoco\u00bb de devolver la subsidiaci\u00f3n a las m\u00e1s de 300.000 <a href=\"https:\/\/www.fotocasa.es\/fotocasa-life\/sector\/afectados-prestamos-vpo-nuevo-plan-de-vivienda\/\">familias afectadas<\/a>.<\/strong><\/p>\n<p>As\u00ed se lo traslad\u00f3 Corredor a la coordinadora nacional de plataformas de afectados esta semana. Durante el encuentro la responsable del PSOE en esta materia indic\u00f3 que se trata \u00abde un<strong> asunto de justicia y de urgencia social<\/strong> para las miles de familias afectadas\u00bb.<\/p>\n<p>No obstante, Corredor <strong>pidi\u00f3 \u00abpaciencia\u00bb a la plataforma de afectados<\/strong>, porque la secretaria general de Vivienda, Helena Beunza, \u00abacaba de ser nombrada y necesita un poco m\u00e1s de tiempo para articular por completo la pol\u00edtica de vivienda\u00bb.<\/p>\n<p>Seg\u00fan ha informado la plataforma de afectados en un comunicado, Corredor le pidi\u00f3 <strong>hacer una radiograf\u00eda de la situaci\u00f3n en el momento<\/strong> en el que fueron suspendidas las ayudas para conocer el n\u00famero de personas y la cuant\u00eda.<\/p>\n<p>As\u00ed, seg\u00fan las primeras estimaciones,<strong> supondr\u00e1 unos 700 millones de euros a repartir en cinco a\u00f1os.<\/strong> La coordinadora nacional de plataformas ha asegurado que ser\u00e1 necesario mantener una reuni\u00f3n en las pr\u00f3ximas semanas con el Ministerio de Fomento, tanto con la Secretar\u00eda General de Vivienda, como con el ministro, Jos\u00e9 Luis \u00c1balos.<\/p>\n<p>\u00ab<strong>Agradecemos la renovaci\u00f3n del compromiso del PSOE<\/strong> en resolver la problem\u00e1tica de los afectados y pedimos que se haga cuando antes ya que todo el peso de la supresi\u00f3n de la subsidiaci\u00f3n ha reca\u00eddo en los m\u00e1s vulnerables y muchas familias no pueden aguantar m\u00e1s\u00bb, ha resaltado.<\/p>\n","protected":false},"excerpt":{"rendered":"<p>El PSOE traslada a las familias afectadas por las VPO que tiene \u00abcompromiso inequ\u00edvoco\u00bb de devolver la subsidiaci\u00f3n, pero pide tiempo.<\/p>\n","protected":false},"author":3,"featured_media":30049,"comment_status":"open","ping_status":"closed","sticky":false,"template":"","format":"standard","meta":{"_lmt_disableupdate":"yes","_lmt_disable":"","footnotes":""},"categories":[6],"tags":[1173,327,2302,918],"class_list":["post-31384","post","type-post","status-publish","format-standard","has-post-thumbnail","hentry","category-hipotecas-finanzas","tag-fomento","tag-ministerio-de-fomento","tag-vivienda","tag-vpo"],"modified_by":"fotocasa","_links":{"self":[{"href":"https:\/\/www.fotocasa.es\/fotocasa-life\/wp-json\/wp\/v2\/posts\/31384","targetHints":{"allow":["GET"]}}],"collection":[{"href":"https:\/\/www.fotocasa.es\/fotocasa-life\/wp-json\/wp\/v2\/posts"}],"about":[{"href":"https:\/\/www.fotocasa.es\/fotocasa-life\/wp-json\/wp\/v2\/types\/post"}],"author":[{"embeddable":true,"href":"https:\/\/www.fotocasa.es\/fotocasa-life\/wp-json\/wp\/v2\/users\/3"}],"replies":[{"embeddable":true,"href":"https:\/\/www.fotocasa.es\/fotocasa-life\/wp-json\/wp\/v2\/comments?post=31384"}],"version-history":[{"count":0,"href":"https:\/\/www.fotocasa.es\/fotocasa-life\/wp-json\/wp\/v2\/posts\/31384\/revisions"}],"wp:featuredmedia":[{"embeddable":true,"href":"https:\/\/www.fotocasa.es\/fotocasa-life\/wp-json\/wp\/v2\/media\/30049"}],"wp:attachment":[{"href":"https:\/\/www.fotocasa.es\/fotocasa-life\/wp-json\/wp\/v2\/media?parent=31384"}],"wp:term":[{"taxonomy":"category","embeddable":true,"href":"https:\/\/www.fotocasa.es\/fotocasa-life\/wp-json\/wp\/v2\/categories?post=31384"},{"taxonomy":"post_tag","embeddable":true,"href":"https:\/\/www.fotocasa.es\/fotocasa-life\/wp-json\/wp\/v2\/tags?post=31384"}],"curies":[{"name":"wp","href":"https:\/\/api.w.org\/{rel}","templated":true}]}}