{"id":31338,"date":"2018-08-31T18:50:51","date_gmt":"2018-08-31T17:50:51","guid":{"rendered":"https:\/\/www.fotocasa.es\/fotocasa-life\/?p=31338"},"modified":"2020-11-27T13:27:41","modified_gmt":"2020-11-27T12:27:41","slug":"el-euribor-cierra-el-mes-de-agosto-en-el-0169","status":"publish","type":"post","link":"https:\/\/www.fotocasa.es\/fotocasa-life\/hipotecas-finanzas\/el-euribor-cierra-el-mes-de-agosto-en-el-0169\/","title":{"rendered":"El Eur\u00edbor cierra el mes de agosto en el -0,169%"},"content":{"rendered":"<p>El Eur\u00edbor, el \u00edndice al que se encuentran referenciadas la mayor\u00eda de las hipotecas espa\u00f1olas, <strong>ha cerrado el mes de agosto en el -0,169%<\/strong>, lo que permitir\u00e1 abaratar las hipotecas a las que toque revisi\u00f3n en 8,28 euros anuales.<\/p>\n<p>En tasa diaria, el Eur\u00edbor se ha situado este viernes, \u00faltimo d\u00eda del mes, en el -0,166%, de forma que <strong>el \u00edndice se sit\u00faa en el -0,169, <a href=\"https:\/\/www.fotocasa.es\/fotocasa-life\/hipotecas-finanzas\/el-euribor-cierra-julio-en-el-0179-y-sigue-abaratando-las-hipotecas\/\">frente al -0,18% de julio<\/a><\/strong>, con lo que sube por sexto mes consecutivo.<\/p>\n<p>Con estos valores, las hipotecas de 120.000 euros a 20 a\u00f1os con un diferencial de Eur\u00edbor +1% a las que les toque revisi\u00f3n <strong>experimentar\u00e1n una rebaja de unos 8,28 euros en su cuota anual<\/strong> o, lo que es lo mismo, de 0,69 euros al mes.<\/p>\n<p><strong>El Eur\u00edbor se adentr\u00f3 en febrero de 2016 en terreno negativo<\/strong> por primera vez en la historia ante la pol\u00edtica ultraexpansiva del Banco Central Europeo (BCE) para apuntalar la recuperaci\u00f3n en la zona euro, por lo que ya acumula dos a\u00f1os instalado por debajo del 0%.<\/p>\n<p>El analista de XTB Antonio Sales ha indicado que, a pesar de que el \u00edndice interbancario de la zona euro se mantiene en tasas negativas, \u00abparece que <strong>contin\u00faa con su proceso de anticipar un cambio de tendencia<\/strong>\u00ab, desde el m\u00ednimo hist\u00f3rico del -0,191% del pasado mes de febrero.<\/p>\n<p>As\u00ed, las personas que soliciten una hipoteca <strong>ver\u00e1n ligeramente encarecido el coste de esta<\/strong>, mientras que los bancos saldr\u00e1n beneficiados al incrementarse sus m\u00e1rgenes de beneficio.<\/p>\n<p>Seg\u00fan ha explicado el analista, los principales factores que est\u00e1n afectando a esta modificaci\u00f3n son tanto el incremento en la demanda de cr\u00e9ditos como<strong> las posibles modificaciones en pol\u00edtica monetaria que llevar\u00e1 el Banco Central Europeo en 2019<\/strong>, pasando a adoptar una posici\u00f3n m\u00e1s contractiva.<\/p>\n","protected":false},"excerpt":{"rendered":"<p>El Eur\u00edbor, el \u00edndice al que se encuentran referenciadas la mayor\u00eda de las hipotecas espa\u00f1olas, ha cerrado el mes de agosto en el -0,169%.<\/p>\n","protected":false},"author":3,"featured_media":28259,"comment_status":"open","ping_status":"closed","sticky":false,"template":"","format":"standard","meta":{"_lmt_disableupdate":"yes","_lmt_disable":"","footnotes":""},"categories":[6],"tags":[136,2392],"class_list":["post-31338","post","type-post","status-publish","format-standard","has-post-thumbnail","hentry","category-hipotecas-finanzas","tag-euribor","tag-hipotecas-y-euribor"],"modified_by":"fotocasa","_links":{"self":[{"href":"https:\/\/www.fotocasa.es\/fotocasa-life\/wp-json\/wp\/v2\/posts\/31338","targetHints":{"allow":["GET"]}}],"collection":[{"href":"https:\/\/www.fotocasa.es\/fotocasa-life\/wp-json\/wp\/v2\/posts"}],"about":[{"href":"https:\/\/www.fotocasa.es\/fotocasa-life\/wp-json\/wp\/v2\/types\/post"}],"author":[{"embeddable":true,"href":"https:\/\/www.fotocasa.es\/fotocasa-life\/wp-json\/wp\/v2\/users\/3"}],"replies":[{"embeddable":true,"href":"https:\/\/www.fotocasa.es\/fotocasa-life\/wp-json\/wp\/v2\/comments?post=31338"}],"version-history":[{"count":0,"href":"https:\/\/www.fotocasa.es\/fotocasa-life\/wp-json\/wp\/v2\/posts\/31338\/revisions"}],"wp:featuredmedia":[{"embeddable":true,"href":"https:\/\/www.fotocasa.es\/fotocasa-life\/wp-json\/wp\/v2\/media\/28259"}],"wp:attachment":[{"href":"https:\/\/www.fotocasa.es\/fotocasa-life\/wp-json\/wp\/v2\/media?parent=31338"}],"wp:term":[{"taxonomy":"category","embeddable":true,"href":"https:\/\/www.fotocasa.es\/fotocasa-life\/wp-json\/wp\/v2\/categories?post=31338"},{"taxonomy":"post_tag","embeddable":true,"href":"https:\/\/www.fotocasa.es\/fotocasa-life\/wp-json\/wp\/v2\/tags?post=31338"}],"curies":[{"name":"wp","href":"https:\/\/api.w.org\/{rel}","templated":true}]}}