{"id":31312,"date":"2018-08-30T16:19:44","date_gmt":"2018-08-30T15:19:44","guid":{"rendered":"https:\/\/www.fotocasa.es\/fotocasa-life\/?p=31312"},"modified":"2020-11-27T13:27:42","modified_gmt":"2020-11-27T12:27:42","slug":"el-ipc-se-mantiene-estable-en-el-22-en-agosto","status":"publish","type":"post","link":"https:\/\/www.fotocasa.es\/fotocasa-life\/hipotecas-finanzas\/el-ipc-se-mantiene-estable-en-el-22-en-agosto\/","title":{"rendered":"El IPC se mantiene estable en el 2,2% en agosto"},"content":{"rendered":"<p><strong>El \u00cdndice de Precios de Consumo (IPC) subi\u00f3 un 0,2% en agosto en relaci\u00f3n al mes anterior<\/strong> y mantuvo estable su tasa interanual en el 2,2%, seg\u00fan el indicador adelantado publicado este jueves por el Instituto Nacional de Estad\u00edstica (INE).<\/p>\n<p>Estad\u00edstica ha achacado el comportamiento de la tasa interanual<strong> a la subida de los precios de la electricidad,<\/strong> a lo que se suma que los carburantes han aumentado menos en agosto de este a\u00f1o que en el mismo mes de 2017.<\/p>\n<p>La tasa interanual de agosto, en caso de confirmarse,<strong> ser\u00eda la vig\u00e9simo cuarta tasa positiva que encadena el IPC interanual<\/strong> e implica que los precios son hoy un 2,2% superiores a los de hace un a\u00f1o.<\/p>\n<p>Tras haber registrado en enero una tasa interanual del 0,6%, la m\u00e1s baja en 16 meses, <strong>el IPC interanual volvi\u00f3 en febrero a superar el 1%, tendencia<\/strong> que se mantuvo en marzo y abril. En mayo ya se alcanz\u00f3 la barrera del 2%, a la que no se llegaba desde abril de 2017 (2,6%), mientras que en junio se situ\u00f3 en el 2,3% y en julio moder\u00f3 su escalada al 2,2%, la misma tasa que en agosto.<\/p>\n<p>En el octavo mes de 2018, el \u00cdndice de Precios de Consumo Armonizado (IPCA)<strong> situ\u00f3 su tasa interanual en el 2,2%.<\/strong> Si este dato se confirma, la tasa anual del IPCA disminuir\u00eda una d\u00e9cima respecto al mes anterior.<\/p>\n<p>En t\u00e9rminos mensuales, el IPC subi\u00f3 un 0,2% en agosto, el mismo comportamiento que registr\u00f3 en igual mes de 2017. Por su parte, <strong>la variaci\u00f3n mensual del indicador adelantado del IPCA se situ\u00f3 en agosto en el 0,1%<\/strong>.<\/p>\n<p>El INE publicar\u00e1 los datos definitivos del IPC de julio el pr\u00f3ximo 12 de septiembre.<\/p>\n","protected":false},"excerpt":{"rendered":"<p>El \u00cdndice de Precios de Consumo (IPC) subi\u00f3 un 0,2% en agosto en relaci\u00f3n al mes anterior y mantuvo estable su tasa interanual en el 2,2%.<\/p>\n","protected":false},"author":3,"featured_media":31069,"comment_status":"open","ping_status":"closed","sticky":false,"template":"","format":"standard","meta":{"_lmt_disableupdate":"yes","_lmt_disable":"","footnotes":""},"categories":[6],"tags":[538],"class_list":["post-31312","post","type-post","status-publish","format-standard","has-post-thumbnail","hentry","category-hipotecas-finanzas","tag-ipc"],"modified_by":"fotocasa","_links":{"self":[{"href":"https:\/\/www.fotocasa.es\/fotocasa-life\/wp-json\/wp\/v2\/posts\/31312","targetHints":{"allow":["GET"]}}],"collection":[{"href":"https:\/\/www.fotocasa.es\/fotocasa-life\/wp-json\/wp\/v2\/posts"}],"about":[{"href":"https:\/\/www.fotocasa.es\/fotocasa-life\/wp-json\/wp\/v2\/types\/post"}],"author":[{"embeddable":true,"href":"https:\/\/www.fotocasa.es\/fotocasa-life\/wp-json\/wp\/v2\/users\/3"}],"replies":[{"embeddable":true,"href":"https:\/\/www.fotocasa.es\/fotocasa-life\/wp-json\/wp\/v2\/comments?post=31312"}],"version-history":[{"count":0,"href":"https:\/\/www.fotocasa.es\/fotocasa-life\/wp-json\/wp\/v2\/posts\/31312\/revisions"}],"wp:featuredmedia":[{"embeddable":true,"href":"https:\/\/www.fotocasa.es\/fotocasa-life\/wp-json\/wp\/v2\/media\/31069"}],"wp:attachment":[{"href":"https:\/\/www.fotocasa.es\/fotocasa-life\/wp-json\/wp\/v2\/media?parent=31312"}],"wp:term":[{"taxonomy":"category","embeddable":true,"href":"https:\/\/www.fotocasa.es\/fotocasa-life\/wp-json\/wp\/v2\/categories?post=31312"},{"taxonomy":"post_tag","embeddable":true,"href":"https:\/\/www.fotocasa.es\/fotocasa-life\/wp-json\/wp\/v2\/tags?post=31312"}],"curies":[{"name":"wp","href":"https:\/\/api.w.org\/{rel}","templated":true}]}}