{"id":30364,"date":"2018-07-11T17:39:49","date_gmt":"2018-07-11T16:39:49","guid":{"rendered":"https:\/\/www.fotocasa.es\/fotocasa-life\/?p=30364"},"modified":"2020-11-27T13:28:47","modified_gmt":"2020-11-27T12:28:47","slug":"pah-paralizacion-70-000-desahucios-anuales-espana","status":"publish","type":"post","link":"https:\/\/www.fotocasa.es\/fotocasa-life\/sector\/pah-paralizacion-70-000-desahucios-anuales-espana\/","title":{"rendered":"Miembros de la PAH asisten al Congreso para pedir la paralizaci\u00f3n de los 70.000 desahucios anuales en Espa\u00f1a"},"content":{"rendered":"<p>Varios representantes de la Plataforma de Afectados por la Hipoteca (PAH) han asistido este martes al Congreso con el fin de reunirse con todos los grupos parlamentarios presentes en la c\u00e1mara y pedirles que no se opongan a la tramitaci\u00f3n de una ley que presentaron en enero y que persigue <strong>paralizar los 70.000 <a href=\"https:\/\/www.fotocasa.es\/fotocasa-life\/hipotecas-finanzas\/numero-desahucios-cayo-36-2017\/\">desahucios<\/a> que el Consejo del Poder Judicial prev\u00e9 que se llevar\u00e1n a cabo este a\u00f1o<\/strong>.<\/p>\n<p>Seg\u00fan declaraciones del portavoz de la organizaci\u00f3n, Paco Morote, la Ley de Vivienda de la PAH, que presentaron el pasado mes de enero ante la mesa del Congreso, es la primera que se registr\u00f3 y la m\u00e1s antigua de las que est\u00e1n esperando a su tramitaci\u00f3n.<\/p>\n<p>Esta iniciativa legislativa paralizar\u00eda los desahucios, adem\u00e1s de establecer mecanismos para frenar la burbuja del alquiler en las grandes ciudades, a trav\u00e9s de \u00edndices de referencias de precios y de la generaci\u00f3n de un parque p\u00fablico de viviendas, de forma que se utilicen \u00ablas m\u00e1s de tres millones y medio de casas cerradas que hay en Espa\u00f1a\u00bb.<\/p>\n<p>Morote ha lamentado que, despu\u00e9s de su presentaci\u00f3n en la C\u00e1mara Baja, <strong>el anterior Gobierno del Partido Popular vetase la propuesta aludiendo que invad\u00eda competencias propias del Ejecutivo central<\/strong>. No obstante, el portavoz se ha quejado de que cada vez que interpelaba al Gobierno, este les remit\u00eda a las comunidades aut\u00f3nomas argumentando que la competencia en vivienda reca\u00eda en cada regi\u00f3n.<\/p>\n<p>Por esta raz\u00f3n, <strong>la PAH solicita al nuevo Gobierno, y en concreto al Partido Socialista<\/strong>, que retiren los 10 recursos que hay actualmente en el Tribunal Constitucional contra leyes en materia de vivienda, de forma que se apliquen \u00abinmediatamente\u00bb en las comunidades afectadas.<\/p>\n<p>&nbsp;<\/p>\n<h3 class=\"ladillo\">Ciudadanos dispuestos a tramitarla, pero con enmiendas<\/h3>\n<p>Hasta el momento, los representantes de la Plataforma han mantenido conversaciones con Ciudadanos, quienes, seg\u00fan Morote, se han comprometido a<strong> no impedir el tr\u00e1mite de la Ley propuesta por la PAH<\/strong>, aunque s\u00ed han manifestado su desacuerdo con algunos de los contenidos, por lo que introducir\u00e1n enmiendas en caso de aprobaci\u00f3n.<\/p>\n<p>El PSOE, por su parte, tambi\u00e9n se hab\u00eda comprometido ha debatir esta Ley, lo que ha auspiciado la posibilidad de que el Gobierno<strong> levante todos los recursos presentados en el Constitucional<\/strong> y propicie su tramitaci\u00f3n.<\/p>\n<p>Esta iniciativa legislativa tambi\u00e9n hace alusi\u00f3n al \u00e1mbito de la pobreza energ\u00e9tica, algo que, seg\u00fan Morote, causa hasta 7.000 muertes cada invierno debido a los accidentes en los que deriva. Ante esta realidad, <strong>la PAH pide unos \u00abm\u00ednimos de subsistencia\u00bb<\/strong> en colaboraci\u00f3n con las compa\u00f1\u00edas suministradoras.<\/p>\n<p>\u00abLa tramitaci\u00f3n de la Ley requiere que la gente que ha sido elegida para <strong>solventar los problemas de los ciudadanos<\/strong> se moje de manera urgente; no son cifras que nos inventamos, sino del Poder Judicial; el drama sigue existiendo y vemos c\u00f3mo socimis y fondos buitre acaparan viviendas a manos llenas mientras que ninguna administraci\u00f3n p\u00fablica est\u00e1 haciendo nada para generar un parque p\u00fablico de vivienda\u00bb, ha concluido Morote.<\/p>\n","protected":false},"excerpt":{"rendered":"<p>La PAH persigue paralizar los 70.000 desahucios que el Consejo del Poder Judicial prev\u00e9 que se llevar\u00e1n a cabo este a\u00f1o.<\/p>\n","protected":false},"author":3,"featured_media":30371,"comment_status":"open","ping_status":"closed","sticky":false,"template":"","format":"standard","meta":{"_lmt_disableupdate":"yes","_lmt_disable":"","footnotes":""},"categories":[2327],"tags":[1669,2589,358,618,1460,2015,2349],"class_list":["post-30364","post","type-post","status-publish","format-standard","has-post-thumbnail","hentry","category-sector","tag-convenio-antidesahucios","tag-desahucio","tag-desahucios","tag-desahucios-vivienda-alquiler","tag-ley-antidesahucios","tag-pah","tag-vivienda-digna"],"modified_by":"fotocasa","_links":{"self":[{"href":"https:\/\/www.fotocasa.es\/fotocasa-life\/wp-json\/wp\/v2\/posts\/30364","targetHints":{"allow":["GET"]}}],"collection":[{"href":"https:\/\/www.fotocasa.es\/fotocasa-life\/wp-json\/wp\/v2\/posts"}],"about":[{"href":"https:\/\/www.fotocasa.es\/fotocasa-life\/wp-json\/wp\/v2\/types\/post"}],"author":[{"embeddable":true,"href":"https:\/\/www.fotocasa.es\/fotocasa-life\/wp-json\/wp\/v2\/users\/3"}],"replies":[{"embeddable":true,"href":"https:\/\/www.fotocasa.es\/fotocasa-life\/wp-json\/wp\/v2\/comments?post=30364"}],"version-history":[{"count":0,"href":"https:\/\/www.fotocasa.es\/fotocasa-life\/wp-json\/wp\/v2\/posts\/30364\/revisions"}],"wp:featuredmedia":[{"embeddable":true,"href":"https:\/\/www.fotocasa.es\/fotocasa-life\/wp-json\/wp\/v2\/media\/30371"}],"wp:attachment":[{"href":"https:\/\/www.fotocasa.es\/fotocasa-life\/wp-json\/wp\/v2\/media?parent=30364"}],"wp:term":[{"taxonomy":"category","embeddable":true,"href":"https:\/\/www.fotocasa.es\/fotocasa-life\/wp-json\/wp\/v2\/categories?post=30364"},{"taxonomy":"post_tag","embeddable":true,"href":"https:\/\/www.fotocasa.es\/fotocasa-life\/wp-json\/wp\/v2\/tags?post=30364"}],"curies":[{"name":"wp","href":"https:\/\/api.w.org\/{rel}","templated":true}]}}